{"id":9752,"date":"2021-03-21T11:45:58","date_gmt":"2021-03-21T10:45:58","guid":{"rendered":"https:\/\/textundblog.de\/?p=9752"},"modified":"2021-03-21T11:45:58","modified_gmt":"2021-03-21T10:45:58","slug":"entscheidungsgrundlage-fuer-das-sprachenlernen","status":"publish","type":"post","link":"https:\/\/textundblog.de\/?p=9752","title":{"rendered":"Entscheidungsgrundlage f\u00fcr das Sprachenlernen"},"content":{"rendered":"<p><a href=\"https:\/\/textundblog.de\/?tag=tweetderwoche\"> <img loading=\"lazy\" decoding=\"async\" src=\"wp-images\/tweetderwoche2-200x96.jpg\" alt=\"Tweet der Woche\" title=\"Tweet der Woche\" height=\"96\" width=\"200\" class=\"bildrechts\" \/><\/a> Wer immer schon einmal wissen wollte, wie Donald Ducks Neffen Tick, Trick und Track in den verschiedenen Sprachen der Welt hei\u00dfen, kann auf dieser Karte f\u00fcndig werden. Im Tweet der Woche aufgest\u00f6bert von <a href=\"https:\/\/twitter.com\/kathrinpassig\">@KathrinPassig<\/a>, verbunden mit dem Vorschlag, eine neu zu erlernende Sprache nach der \u00dcbersetzung der Namen f\u00fcr Donalds Neffen Huey, Dewey und Louie zu w\u00e4hlen:<\/p>\n<blockquote class=\"twitter-tweet\" data-width=\"500\" data-dnt=\"true\">\n<p lang=\"de\" dir=\"ltr\">einfach nur diese Karte als Entscheidungsgrundlage, welche Sprache man lernen will <a href=\"https:\/\/t.co\/DykEsO72tN\">https:\/\/t.co\/DykEsO72tN<\/a><\/p>\n<p>&mdash; Kathrin Passig (@kathrinpassig) <a href=\"https:\/\/twitter.com\/kathrinpassig\/status\/1371241396074610694?ref_src=twsrc%5Etfw\">March 14, 2021<\/a><\/p><\/blockquote>\n<p><script async src=\"https:\/\/platform.twitter.com\/widgets.js\" charset=\"utf-8\"><\/script><\/p>\n<p>Wer \u00fcbrigens tiefer in die Verwandtschaftsverh\u00e4ltnisse der Familie Duck aus Entenhausen einsteigen m\u00f6chte, sei auf den Wikipedia Artikel der <a href=\"https:\/\/de.wikipedia.org\/wiki\/Duck\">Ducks<\/a> verwiesen.<\/p>\n<p>Hier geht&#8217;s zu den vergangenen <a href=\"https:\/\/textundblog.de\/?tag=tweetderwoche\">Tweets der Woche<\/a>.<\/p>\n","protected":false},"excerpt":{"rendered":"<p>Wer immer schon einmal wissen wollte, wie Donald Ducks Neffen Tick, Trick und Track in den verschiedenen Sprachen der Welt hei\u00dfen, kann auf dieser Karte f\u00fcndig werden. Im Tweet der Woche aufgest\u00f6bert von @KathrinPassig, verbunden mit dem Vorschlag, eine neu zu erlernende Sprache nach der \u00dcbersetzung der Namen f\u00fcr Donalds Neffen Huey, Dewey und Louie [&hellip;]<\/p>\n","protected":false},"author":1,"featured_media":0,"comment_status":"open","ping_status":"open","sticky":false,"template":"","format":"standard","meta":{"site-sidebar-layout":"default","site-content-layout":"","ast-site-content-layout":"default","site-content-style":"default","site-sidebar-style":"default","ast-global-header-display":"","ast-banner-title-visibility":"","ast-main-header-display":"","ast-hfb-above-header-display":"","ast-hfb-below-header-display":"","ast-hfb-mobile-header-display":"","site-post-title":"","ast-breadcrumbs-content":"","ast-featured-img":"","footer-sml-layout":"","theme-transparent-header-meta":"","adv-header-id-meta":"","stick-header-meta":"","header-above-stick-meta":"","header-main-stick-meta":"","header-below-stick-meta":"","astra-migrate-meta-layouts":"default","ast-page-background-enabled":"default","ast-page-background-meta":{"desktop":{"background-color":"var(--ast-global-color-4)","background-image":"","background-repeat":"repeat","background-position":"center center","background-size":"auto","background-attachment":"scroll","background-type":"","background-media":"","overlay-type":"","overlay-color":"","overlay-opacity":"","overlay-gradient":""},"tablet":{"background-color":"","background-image":"","background-repeat":"repeat","background-position":"center center","background-size":"auto","background-attachment":"scroll","background-type":"","background-media":"","overlay-type":"","overlay-color":"","overlay-opacity":"","overlay-gradient":""},"mobile":{"background-color":"","background-image":"","background-repeat":"repeat","background-position":"center center","background-size":"auto","background-attachment":"scroll","background-type":"","background-media":"","overlay-type":"","overlay-color":"","overlay-opacity":"","overlay-gradient":""}},"ast-content-background-meta":{"desktop":{"background-color":"var(--ast-global-color-5)","background-image":"","background-repeat":"repeat","background-position":"center center","background-size":"auto","background-attachment":"scroll","background-type":"","background-media":"","overlay-type":"","overlay-color":"","overlay-opacity":"","overlay-gradient":""},"tablet":{"background-color":"var(--ast-global-color-5)","background-image":"","background-repeat":"repeat","background-position":"center center","background-size":"auto","background-attachment":"scroll","background-type":"","background-media":"","overlay-type":"","overlay-color":"","overlay-opacity":"","overlay-gradient":""},"mobile":{"background-color":"var(--ast-global-color-5)","background-image":"","background-repeat":"repeat","background-position":"center center","background-size":"auto","background-attachment":"scroll","background-type":"","background-media":"","overlay-type":"","overlay-color":"","overlay-opacity":"","overlay-gradient":""}},"ngg_post_thumbnail":0,"jetpack_post_was_ever_published":false,"_jetpack_newsletter_access":"","_jetpack_dont_email_post_to_subs":false,"_jetpack_newsletter_tier_id":0,"_jetpack_memberships_contains_paywalled_content":false,"_jetpack_memberships_contains_paid_content":false,"footnotes":""},"categories":[33,11],"tags":[],"class_list":["post-9752","post","type-post","status-publish","format-standard","hentry","category-twitter","category-literatur"],"jetpack_featured_media_url":"","jetpack_sharing_enabled":true,"jetpack_shortlink":"https:\/\/wp.me\/p4uzZ-2xi","jetpack-related-posts":[{"id":595,"url":"https:\/\/textundblog.de\/?p=595","url_meta":{"origin":9752,"position":0},"title":"USA und Cartoons im 2. Weltkrieg","author":"Markus","date":"20\/10\/2005","format":false,"excerpt":"Die Zeitschrift \u00abPraxis Geschichte\u00bb widmet sich in ihrer neuesten Ausgabe (11\/2005) dem Thema \u00abWeltmacht USA\u00bb. Dem Heft (Preis 9,50 Euro) liegt eine zweisprachige DVD \u00fcber Cartoons im 2. Weltkrieg bei. Die DVD \"Cartoons ziehen in den Krieg\" besch\u00e4ftigt sich mit der psychologischen Kriegsf\u00fchrung der USA im 2. Weltkrieg, die sich\u2026","rel":"","context":"In &quot;Kino&quot;","block_context":{"text":"Kino","link":"https:\/\/textundblog.de\/?cat=2"},"img":{"alt_text":"Cartoons ziehen in den Krieg","src":".\/wp-content\/cartoonsgotowar.jpg","width":350,"height":200},"classes":[]},{"id":893,"url":"https:\/\/textundblog.de\/?p=893","url_meta":{"origin":9752,"position":1},"title":"Videotheke, ein veritables Videoblog","author":"Markus","date":"9\/4\/2006","format":false,"excerpt":"\u00abThe Sprit of 43\u00bb (Donald Duck), USA, 1943, Regie: Jack King, L\u00e4nge: ca. 5:50 min Heute ist Video-Tag auf \u00abText & Blog\u00bb. (Keine Angst, dieses Blog mutiert deshalb aber nicht zu \u00abVideo & Blog\u00bb, die textbasierten Inhalte werden nach wie vor den Schwerpunkt bilden.) Aber dieser Hinweis mu\u00df sein: Thomas\u2026","rel":"","context":"In &quot;Internet&quot;","block_context":{"text":"Internet","link":"https:\/\/textundblog.de\/?cat=4"},"img":{"alt_text":"'The Sprit of 43' (Donald Duck)","src":"https:\/\/i0.wp.com\/www.textundblog.de\/wp-content\/videotheke.jpg?resize=350%2C200","width":350,"height":200},"classes":[]},{"id":4405,"url":"https:\/\/textundblog.de\/?p=4405","url_meta":{"origin":9752,"position":2},"title":"Wer hat an der Uhr gedreht? \u2013 Paulchen Panther missbraucht von Rechtsextremisten","author":"Markus","date":"19\/11\/2011","format":false,"excerpt":"http:\/\/youtu.be\/G75GaQrxd2M \"Machst ja manchmal schlimme Sachen, \u00fcber die wir trotzdem lachen.\" So kennen wir Paulchen Panther (*1963), so haben wir ihn fr\u00fcher am Fernsehen erlebt und uns \u00fcber die lustigen Episoden mit ihm gefreut. Wer hat an der Uhr gedreht, dass Paulchen Panther pl\u00f6tzlich als Werbetr\u00e4ger kranker Neofaschisten missbraucht wird?\u2026","rel":"","context":"In &quot;Politik&quot;","block_context":{"text":"Politik","link":"https:\/\/textundblog.de\/?cat=9"},"img":{"alt_text":"","src":"https:\/\/i0.wp.com\/img.youtube.com\/vi\/G75GaQrxd2M\/0.jpg?resize=350%2C200","width":350,"height":200},"classes":[]},{"id":4070,"url":"https:\/\/textundblog.de\/?p=4070","url_meta":{"origin":9752,"position":3},"title":"Gunter Dueck &#8211; Das Internet als Gesellschaftsbetriebssystem","author":"Markus","date":"15\/4\/2011","format":false,"excerpt":"Direktlink YouTube Der Mathematiker und Philosoph Prof. Gunter Dueck hielt diesen \u00fcberaus interessanten Vortrag heute um 14 Uhr auf der re:publica: Das Internet als Gesellschaftsbetriebssystem \u2013 48 Minuten, die sich lohnen (in obigem Video fehlen ein paar Minuten vom Anfang ). Der gute Mann hat nicht nur das Publikum vor\u2026","rel":"","context":"In &quot;Internet&quot;","block_context":{"text":"Internet","link":"https:\/\/textundblog.de\/?cat=4"},"img":{"alt_text":"","src":"","width":0,"height":0},"classes":[]},{"id":4962,"url":"https:\/\/textundblog.de\/?p=4962","url_meta":{"origin":9752,"position":4},"title":"Wunderbares Geschenk: Die Ducks in Hamburg","author":"Markus","date":"18\/9\/2012","format":false,"excerpt":"War es letzte Woche noch ein Rucksack f\u00fcr's Studium, der mir mit der Post ins Haus geflattert kam, ist es gerade eben dieses rare Micky Mouse Heft gewesen, das Hamburg zum Thema hat und das zur Zeit in der Hansestadt nur noch sehr schwer erh\u00e4ltlich ist, da \u2013 zumindest dort,\u2026","rel":"","context":"In &quot;Hamburg&quot;","block_context":{"text":"Hamburg","link":"https:\/\/textundblog.de\/?cat=15"},"img":{"alt_text":"Micky Mouse: Das Hamburg-Heft","src":"https:\/\/i0.wp.com\/textundblog.de\/wp-content\/mickymousehh.jpg?resize=350%2C200&ssl=1","width":350,"height":200},"classes":[]},{"id":9019,"url":"https:\/\/textundblog.de\/?p=9019","url_meta":{"origin":9752,"position":5},"title":"Who is who in Hanoi","author":"Markus","date":"3\/3\/2019","format":false,"excerpt":"Zum gescheiterten Gipfeltreffen von US-Pr\u00e4sident Donald Trump mit Nordkoreas Machthaber Kim Jong Un in Hanoi hat @schnabulinski den besten Tweet verfasst: https:\/\/twitter.com\/schnabulinski\/status\/1101040002484658178?s=21 Hier geht's zu den vergangenen Tweets der Woche.","rel":"","context":"In &quot;Bluesky&quot;","block_context":{"text":"Bluesky","link":"https:\/\/textundblog.de\/?cat=33"},"img":{"alt_text":"Tweet der Woche","src":"wp-images\/tweetderwoche2-200x96.jpg","width":350,"height":200},"classes":[]}],"_links":{"self":[{"href":"https:\/\/textundblog.de\/index.php?rest_route=\/wp\/v2\/posts\/9752","targetHints":{"allow":["GET"]}}],"collection":[{"href":"https:\/\/textundblog.de\/index.php?rest_route=\/wp\/v2\/posts"}],"about":[{"href":"https:\/\/textundblog.de\/index.php?rest_route=\/wp\/v2\/types\/post"}],"author":[{"embeddable":true,"href":"https:\/\/textundblog.de\/index.php?rest_route=\/wp\/v2\/users\/1"}],"replies":[{"embeddable":true,"href":"https:\/\/textundblog.de\/index.php?rest_route=%2Fwp%2Fv2%2Fcomments&post=9752"}],"version-history":[{"count":0,"href":"https:\/\/textundblog.de\/index.php?rest_route=\/wp\/v2\/posts\/9752\/revisions"}],"wp:attachment":[{"href":"https:\/\/textundblog.de\/index.php?rest_route=%2Fwp%2Fv2%2Fmedia&parent=9752"}],"wp:term":[{"taxonomy":"category","embeddable":true,"href":"https:\/\/textundblog.de\/index.php?rest_route=%2Fwp%2Fv2%2Fcategories&post=9752"},{"taxonomy":"post_tag","embeddable":true,"href":"https:\/\/textundblog.de\/index.php?rest_route=%2Fwp%2Fv2%2Ftags&post=9752"}],"curies":[{"name":"wp","href":"https:\/\/api.w.org\/{rel}","templated":true}]}}