{"id":9730,"date":"2021-02-07T11:50:00","date_gmt":"2021-02-07T10:50:00","guid":{"rendered":"https:\/\/textundblog.de\/?p=9730"},"modified":"2021-02-07T11:52:04","modified_gmt":"2021-02-07T10:52:04","slug":"im-paarung-modus","status":"publish","type":"post","link":"https:\/\/textundblog.de\/?p=9730","title":{"rendered":"Im Paarung-Modus"},"content":{"rendered":"<p><a href=\"https:\/\/textundblog.de\/?tag=tweetderwoche\"> <img loading=\"lazy\" decoding=\"async\" src=\"wp-images\/tweetderwoche2-200x96.jpg\" alt=\"Tweet der Woche\" title=\"Tweet der Woche\" height=\"96\" width=\"200\" class=\"bildrechts\" \/><\/a> Ich mag Tweets in denen kurze Geschichten erz\u00e4hlt werden. Wenn die Lekt\u00fcre der Kurzprosa dann noch ein schallendes Lachen hervorruft, weil die Geschichte im Kopf weiter geht, ist der Tweet ganz besonders gelungen. So wie der Tweet der Woche von der <a href=\"https:\/\/twitter.com\/pressepfarrerin\">@pressepfarrerin<\/a>: <\/p>\n<blockquote class=\"twitter-tweet\" data-width=\"500\" data-dnt=\"true\">\n<p lang=\"de\" dir=\"ltr\">Im Beipackzettel des neuen Kopfh\u00f6rers steht, ich solle den Schalter f\u00fcr ein paar Sekunden gedr\u00fcckt halten, &quot;um in den &quot;Paarung-Modus einzutreten&quot;. Das ist ja ein toller Service, ich bin schon ganz aufgeregt!<\/p>\n<p>&mdash; Pressepfarrerin (@pressepfarrerin) <a href=\"https:\/\/twitter.com\/pressepfarrerin\/status\/1356606944979656706?ref_src=twsrc%5Etfw\">February 2, 2021<\/a><\/p><\/blockquote>\n<p><script async src=\"https:\/\/platform.twitter.com\/widgets.js\" charset=\"utf-8\"><\/script><\/p>\n<p>Hier geht&#8217;s zu den vergangenen <a href=\"https:\/\/textundblog.de\/?tag=tweetderwoche\">Tweets der Woche<\/a>.<\/p>\n","protected":false},"excerpt":{"rendered":"<p>Ich mag Tweets in denen kurze Geschichten erz\u00e4hlt werden. Wenn die Lekt\u00fcre der Kurzprosa dann noch ein schallendes Lachen hervorruft, weil die Geschichte im Kopf weiter geht, ist der Tweet ganz besonders gelungen. So wie der Tweet der Woche von der @pressepfarrerin: Im Beipackzettel des neuen Kopfh\u00f6rers steht, ich solle den Schalter f\u00fcr ein paar [&hellip;]<\/p>\n","protected":false},"author":1,"featured_media":0,"comment_status":"open","ping_status":"open","sticky":false,"template":"","format":"standard","meta":{"site-sidebar-layout":"default","site-content-layout":"","ast-site-content-layout":"default","site-content-style":"default","site-sidebar-style":"default","ast-global-header-display":"","ast-banner-title-visibility":"","ast-main-header-display":"","ast-hfb-above-header-display":"","ast-hfb-below-header-display":"","ast-hfb-mobile-header-display":"","site-post-title":"","ast-breadcrumbs-content":"","ast-featured-img":"","footer-sml-layout":"","theme-transparent-header-meta":"","adv-header-id-meta":"","stick-header-meta":"","header-above-stick-meta":"","header-main-stick-meta":"","header-below-stick-meta":"","astra-migrate-meta-layouts":"default","ast-page-background-enabled":"default","ast-page-background-meta":{"desktop":{"background-color":"var(--ast-global-color-4)","background-image":"","background-repeat":"repeat","background-position":"center center","background-size":"auto","background-attachment":"scroll","background-type":"","background-media":"","overlay-type":"","overlay-color":"","overlay-opacity":"","overlay-gradient":""},"tablet":{"background-color":"","background-image":"","background-repeat":"repeat","background-position":"center center","background-size":"auto","background-attachment":"scroll","background-type":"","background-media":"","overlay-type":"","overlay-color":"","overlay-opacity":"","overlay-gradient":""},"mobile":{"background-color":"","background-image":"","background-repeat":"repeat","background-position":"center center","background-size":"auto","background-attachment":"scroll","background-type":"","background-media":"","overlay-type":"","overlay-color":"","overlay-opacity":"","overlay-gradient":""}},"ast-content-background-meta":{"desktop":{"background-color":"var(--ast-global-color-5)","background-image":"","background-repeat":"repeat","background-position":"center center","background-size":"auto","background-attachment":"scroll","background-type":"","background-media":"","overlay-type":"","overlay-color":"","overlay-opacity":"","overlay-gradient":""},"tablet":{"background-color":"var(--ast-global-color-5)","background-image":"","background-repeat":"repeat","background-position":"center center","background-size":"auto","background-attachment":"scroll","background-type":"","background-media":"","overlay-type":"","overlay-color":"","overlay-opacity":"","overlay-gradient":""},"mobile":{"background-color":"var(--ast-global-color-5)","background-image":"","background-repeat":"repeat","background-position":"center center","background-size":"auto","background-attachment":"scroll","background-type":"","background-media":"","overlay-type":"","overlay-color":"","overlay-opacity":"","overlay-gradient":""}},"ngg_post_thumbnail":0,"jetpack_post_was_ever_published":false,"_jetpack_newsletter_access":"","_jetpack_dont_email_post_to_subs":false,"_jetpack_newsletter_tier_id":0,"_jetpack_memberships_contains_paywalled_content":false,"_jetpack_memberships_contains_paid_content":false,"footnotes":""},"categories":[33,11],"tags":[77],"class_list":["post-9730","post","type-post","status-publish","format-standard","hentry","category-twitter","category-literatur","tag-tweetderwoche"],"jetpack_featured_media_url":"","jetpack_sharing_enabled":true,"jetpack_shortlink":"https:\/\/wp.me\/p4uzZ-2wW","jetpack-related-posts":[{"id":5382,"url":"https:\/\/textundblog.de\/?p=5382","url_meta":{"origin":9730,"position":0},"title":"Tweet der Woche: Bild im Kopf der Zeit(geschichte)","author":"Markus","date":"17\/5\/2013","format":false,"excerpt":"Ein guter Tweet schafft es in maximal 140 Zeichen ein Bild zu beschreiben, das sich vor dem geistigen Auge des Lesers aufbaut. Wo ein Romanautor einen ganzen Abschnitt braucht, reussiert der versierte Twitterer in den engen Grenzen des Microbloggings. Wenn es sich dabei auch noch um ein Bild handelt, das\u2026","rel":"","context":"In &quot;Bluesky&quot;","block_context":{"text":"Bluesky","link":"https:\/\/textundblog.de\/?cat=33"},"img":{"alt_text":"","src":"https:\/\/i0.wp.com\/textundblog.de\/wp-content\/marc2o-tdw052013.png?resize=350%2C200&ssl=1","width":350,"height":200},"classes":[]},{"id":6500,"url":"https:\/\/textundblog.de\/?p=6500","url_meta":{"origin":9730,"position":1},"title":"Tweet der Woche: #JeSuisCharlie","author":"Markus","date":"9\/1\/2015","format":false,"excerpt":"Selbstverst\u00e4ndlich kann es in dieser Woche nur einen Tweet der Woche geben, stellvertretend f\u00fcr all die Millionen Tweets, die mit dem in der Geschichte von Twitter bisher mit am h\u00e4ufigsten gebrauchten Hashtag #JeSuisCharlie (Quelle) geschrieben wurden. Verfasst wurde der Tweet der Woche von @joachimroncin. Die Geschichte dahinter erkl\u00e4rt die SZ\u2026","rel":"","context":"In &quot;Bluesky&quot;","block_context":{"text":"Bluesky","link":"https:\/\/textundblog.de\/?cat=33"},"img":{"alt_text":"Tweet der Woche","src":"wp-images\/tweetderwoche2-200x96.jpg","width":350,"height":200},"classes":[]},{"id":7724,"url":"https:\/\/textundblog.de\/?p=7724","url_meta":{"origin":9730,"position":2},"title":"Geschichtslektion f\u00fcr einen Rechtsextremisten","author":"Markus","date":"20\/1\/2017","format":false,"excerpt":"Ganz klar der Tweet der Woche: Der Historiker Moritz Hoffmann mit einer Geschichtslektion f\u00fcr den uns\u00e4glichen Rechtsextremisten von der AfD, Bj\u00f6rn H\u00f6cke: https:\/\/twitter.com\/moritz_hoffmann\/status\/821650361131876354 Auf VICE ist auch ein Interview mit Moritz Hoffmann zu seinem Tweet erschienen: In H\u00f6ckes Rede fand er 8 historische Fehler in 13 S\u00e4tzen. Und das ist\u2026","rel":"","context":"In &quot;Bluesky&quot;","block_context":{"text":"Bluesky","link":"https:\/\/textundblog.de\/?cat=33"},"img":{"alt_text":"Tweet der Woche","src":"wp-images\/tweetderwoche2-200x96.jpg","width":350,"height":200},"classes":[]},{"id":7015,"url":"https:\/\/textundblog.de\/?p=7015","url_meta":{"origin":9730,"position":3},"title":"Geschichte in der Timeline als Mahnung zur aktuellen Politik","author":"Markus","date":"26\/2\/2016","format":false,"excerpt":"Man kann \u2013 ja man muss \u2013 Twitter auch daf\u00fcr lieben, dass es einem ab und an die j\u00fcngere Geschichte in die Timeline sp\u00fclt. Um zu sehen, was im aktuellen politischen Diskurs \u2013 zum Beispiel zum Thema Grenzen in Europa \u2013 falsch l\u00e4uft. Ein Paradebeispiel daf\u00fcr ist dieser Tweet der\u2026","rel":"","context":"In &quot;Bluesky&quot;","block_context":{"text":"Bluesky","link":"https:\/\/textundblog.de\/?cat=33"},"img":{"alt_text":"Tweet der Woche","src":"wp-images\/tweetderwoche2-200x96.jpg","width":350,"height":200},"classes":[]},{"id":6773,"url":"https:\/\/textundblog.de\/?p=6773","url_meta":{"origin":9730,"position":4},"title":"Aktuelles wird zur Geschichte","author":"Markus","date":"16\/10\/2015","format":false,"excerpt":"Aktuelle politische Entscheidungen sind bei wichtigen Fragen immer auch interessant f\u00fcr die Geschichtsschreibung. Heute ist (leider) mit der Einf\u00fchrung der Vorratsdatenspeicherung solch eine aktuelle politische Entscheidung im Deutschen Bundestag getroffen worden. Im Tweet der Woche bringt @ChPietsch den Zusammenhang von Aktuellem und der Geschichte zum Ausdruck: https:\/\/twitter.com\/ChPietsch\/status\/654947810660495360 Wer im Bundestag\u2026","rel":"","context":"In &quot;Bluesky&quot;","block_context":{"text":"Bluesky","link":"https:\/\/textundblog.de\/?cat=33"},"img":{"alt_text":"Tweet der Woche","src":"wp-images\/tweetderwoche2-200x96.jpg","width":350,"height":200},"classes":[]},{"id":5681,"url":"https:\/\/textundblog.de\/?p=5681","url_meta":{"origin":9730,"position":5},"title":"Geschichte in 140 Zeichen: Reichspogromnacht auf Twitter","author":"Markus","date":"8\/11\/2013","format":false,"excerpt":"Stellvertretend f\u00fcr ein historisches Projekt, in dem Geschichte 75 Jahre danach im verschobenen Zeitrhythmus dargestellt wird, steht der heutige \u00abTweet der Woche\u00bb. Im Account @9Nov38 werden die Ereignisse vor, w\u00e4hrend und nach der \u00abReichspogromnacht\u00bb verarbeitet, die sich morgen zum 75. Mal j\u00e4hrt: https:\/\/twitter.com\/9Nov38\/status\/398705614466985984 Eine ausf\u00fchrliche Vorstellung des Twitterprojektes zur Reichspogromnacht\u2026","rel":"","context":"In &quot;Bluesky&quot;","block_context":{"text":"Bluesky","link":"https:\/\/textundblog.de\/?cat=33"},"img":{"alt_text":"Tweet der Woche","src":"wp-images\/tweetderwoche2-200x96.jpg","width":350,"height":200},"classes":[]}],"_links":{"self":[{"href":"https:\/\/textundblog.de\/index.php?rest_route=\/wp\/v2\/posts\/9730","targetHints":{"allow":["GET"]}}],"collection":[{"href":"https:\/\/textundblog.de\/index.php?rest_route=\/wp\/v2\/posts"}],"about":[{"href":"https:\/\/textundblog.de\/index.php?rest_route=\/wp\/v2\/types\/post"}],"author":[{"embeddable":true,"href":"https:\/\/textundblog.de\/index.php?rest_route=\/wp\/v2\/users\/1"}],"replies":[{"embeddable":true,"href":"https:\/\/textundblog.de\/index.php?rest_route=%2Fwp%2Fv2%2Fcomments&post=9730"}],"version-history":[{"count":0,"href":"https:\/\/textundblog.de\/index.php?rest_route=\/wp\/v2\/posts\/9730\/revisions"}],"wp:attachment":[{"href":"https:\/\/textundblog.de\/index.php?rest_route=%2Fwp%2Fv2%2Fmedia&parent=9730"}],"wp:term":[{"taxonomy":"category","embeddable":true,"href":"https:\/\/textundblog.de\/index.php?rest_route=%2Fwp%2Fv2%2Fcategories&post=9730"},{"taxonomy":"post_tag","embeddable":true,"href":"https:\/\/textundblog.de\/index.php?rest_route=%2Fwp%2Fv2%2Ftags&post=9730"}],"curies":[{"name":"wp","href":"https:\/\/api.w.org\/{rel}","templated":true}]}}