{"id":9720,"date":"2021-01-31T11:42:02","date_gmt":"2021-01-31T10:42:02","guid":{"rendered":"https:\/\/textundblog.de\/?p=9720"},"modified":"2021-01-31T11:42:02","modified_gmt":"2021-01-31T10:42:02","slug":"das-geheimnis-der-zweifachimpfung","status":"publish","type":"post","link":"https:\/\/textundblog.de\/?p=9720","title":{"rendered":"Das Geheimnis der Zweifachimpfung"},"content":{"rendered":"<p><a href=\"https:\/\/textundblog.de\/?tag=tweetderwoche\"> <img loading=\"lazy\" decoding=\"async\" src=\"wp-images\/tweetderwoche2-200x96.jpg\" alt=\"Tweet der Woche\" title=\"Tweet der Woche\" height=\"96\" width=\"200\" class=\"bildrechts\" \/><\/a> Der Tweet der Woche kommt von <a href=\"https:\/\/twitter.com\/humpen\/\">@humpen<\/a> und ist flach aber gut:<\/p>\n<p>https:\/\/twitter.com\/humpen\/status\/1354738619379019776?s=21<\/p>\n<p>Wer ihn nicht versteht, bzw. die 1990 gestartete Serie nicht kennt, bitte <a href=\"https:\/\/de.wikipedia.org\/wiki\/Twin_Peaks\">hier entlang<\/a>.<\/p>\n<p>Hier geht&#8217;s zu den vergangenen <a href=\"https:\/\/textundblog.de\/?tag=tweetderwoche\">Tweets der Woche<\/a>.<\/p>\n","protected":false},"excerpt":{"rendered":"<p>Der Tweet der Woche kommt von @humpen und ist flach aber gut: https:\/\/twitter.com\/humpen\/status\/1354738619379019776?s=21 Wer ihn nicht versteht, bzw. die 1990 gestartete Serie nicht kennt, bitte hier entlang. Hier geht&#8217;s zu den vergangenen Tweets der Woche.<\/p>\n","protected":false},"author":1,"featured_media":0,"comment_status":"open","ping_status":"open","sticky":false,"template":"","format":"standard","meta":{"site-sidebar-layout":"default","site-content-layout":"","ast-site-content-layout":"default","site-content-style":"default","site-sidebar-style":"default","ast-global-header-display":"","ast-banner-title-visibility":"","ast-main-header-display":"","ast-hfb-above-header-display":"","ast-hfb-below-header-display":"","ast-hfb-mobile-header-display":"","site-post-title":"","ast-breadcrumbs-content":"","ast-featured-img":"","footer-sml-layout":"","theme-transparent-header-meta":"","adv-header-id-meta":"","stick-header-meta":"","header-above-stick-meta":"","header-main-stick-meta":"","header-below-stick-meta":"","astra-migrate-meta-layouts":"default","ast-page-background-enabled":"default","ast-page-background-meta":{"desktop":{"background-color":"var(--ast-global-color-4)","background-image":"","background-repeat":"repeat","background-position":"center center","background-size":"auto","background-attachment":"scroll","background-type":"","background-media":"","overlay-type":"","overlay-color":"","overlay-opacity":"","overlay-gradient":""},"tablet":{"background-color":"","background-image":"","background-repeat":"repeat","background-position":"center center","background-size":"auto","background-attachment":"scroll","background-type":"","background-media":"","overlay-type":"","overlay-color":"","overlay-opacity":"","overlay-gradient":""},"mobile":{"background-color":"","background-image":"","background-repeat":"repeat","background-position":"center center","background-size":"auto","background-attachment":"scroll","background-type":"","background-media":"","overlay-type":"","overlay-color":"","overlay-opacity":"","overlay-gradient":""}},"ast-content-background-meta":{"desktop":{"background-color":"var(--ast-global-color-5)","background-image":"","background-repeat":"repeat","background-position":"center center","background-size":"auto","background-attachment":"scroll","background-type":"","background-media":"","overlay-type":"","overlay-color":"","overlay-opacity":"","overlay-gradient":""},"tablet":{"background-color":"var(--ast-global-color-5)","background-image":"","background-repeat":"repeat","background-position":"center center","background-size":"auto","background-attachment":"scroll","background-type":"","background-media":"","overlay-type":"","overlay-color":"","overlay-opacity":"","overlay-gradient":""},"mobile":{"background-color":"var(--ast-global-color-5)","background-image":"","background-repeat":"repeat","background-position":"center center","background-size":"auto","background-attachment":"scroll","background-type":"","background-media":"","overlay-type":"","overlay-color":"","overlay-opacity":"","overlay-gradient":""}},"ngg_post_thumbnail":0,"jetpack_post_was_ever_published":false,"_jetpack_newsletter_access":"","_jetpack_dont_email_post_to_subs":false,"_jetpack_newsletter_tier_id":0,"_jetpack_memberships_contains_paywalled_content":false,"_jetpack_memberships_contains_paid_content":false,"footnotes":""},"categories":[33,11,3],"tags":[77],"class_list":["post-9720","post","type-post","status-publish","format-standard","hentry","category-twitter","category-literatur","category-tv","tag-tweetderwoche"],"jetpack_featured_media_url":"","jetpack_sharing_enabled":true,"jetpack_shortlink":"https:\/\/wp.me\/p4uzZ-2wM","jetpack-related-posts":[{"id":1419,"url":"https:\/\/textundblog.de\/?p=1419","url_meta":{"origin":9720,"position":0},"title":"2raumwohnung empfiehlt Feist","author":"Markus","date":"3\/2\/2007","format":false,"excerpt":"Irgendwie nett: in der gotv-Sendung \u00abhosted by\u00bb sagt Inga Humpe, sie schaue kein Fernsehen. Aber Videos auf YouTube, die schaue sie schon. Kurz vor Schluss der Sendung empfehlen 2raumwohnung, also Inga Humpe und Tommi Eckart, die kanadische S\u00e4ngerin Feist mit dem Song \u00abInside And Out\u00bb. Sch\u00f6nes Lied, gutes schwarz\/wei\u00df Video.\u2026","rel":"","context":"In &quot;Musik&quot;","block_context":{"text":"Musik","link":"https:\/\/textundblog.de\/?cat=7"},"img":{"alt_text":"","src":"","width":0,"height":0},"classes":[]},{"id":1763,"url":"https:\/\/textundblog.de\/?p=1763","url_meta":{"origin":9720,"position":1},"title":"Such den Song &#8211; Musiksuchmaschinen","author":"Markus","date":"14\/8\/2007","format":false,"excerpt":"Von Musiksuchmaschinen oder wie man bei einer internationalen Wepptswainuhll-Musiksuche auf die B-Seite einer deutschen Single aus den Siebzigern sto\u00dfen kann. Auf Read\/WriteWeb, meiner Meinung nach einem der besten Weblogs zu neuen Netzdiensten, dreht sich in dieser Woche alles um das Thema Online-Musik. Heute lese ich dort einen Hinweis auf die\u2026","rel":"","context":"In &quot;Informationskompetenz&quot;","block_context":{"text":"Informationskompetenz","link":"https:\/\/textundblog.de\/?cat=16"},"img":{"alt_text":"Na, welche Augen blicken uns hier an?","src":"https:\/\/i0.wp.com\/textundblog.de\/wp-content\/augenbseite70er.jpg?resize=350%2C200&ssl=1","width":350,"height":200},"classes":[]},{"id":1796,"url":"https:\/\/textundblog.de\/?p=1796","url_meta":{"origin":9720,"position":2},"title":"Gesichter im Video von &#8218;Ich &amp; Ich&#8216;","author":"Markus","date":"3\/9\/2007","format":false,"excerpt":"Im Video zu dem \u00abIch & Ich\u00bb-Song \u00abVom selben Stern\u00bb sieht man viele unterschiedliche prominente und wohl auch weniger prominente K\u00f6pfe. Wie kam es zu dieser Auswahl? Wen sieht man da eigentlich alles? Eure Mithilfe ist vonn\u00f6ten. In den Kommentaren zum Video wurde gerade eben gefragt, welche Gesichter man denn\u2026","rel":"","context":"In &quot;Musik&quot;","block_context":{"text":"Musik","link":"https:\/\/textundblog.de\/?cat=7"},"img":{"alt_text":"Olli Dietrich ist eines der Gesichter im Video","src":"https:\/\/i0.wp.com\/textundblog.de\/wp-content\/einsundeinsvideoollie.jpg?resize=350%2C200&ssl=1","width":350,"height":200},"classes":[]},{"id":5269,"url":"https:\/\/textundblog.de\/?p=5269","url_meta":{"origin":9720,"position":3},"title":"Tweet der Woche: Freitags nach eins","author":"Markus","date":"22\/2\/2013","format":false,"excerpt":"Den Blogartikel zur K\u00fcr des Tweets der Woche schreibe ich ja meist am Freitag Nachmittag. Dieser gerade eben erst von @linoas ver\u00f6ffentlichte Tweet passt wirklich sehr gut zu diesem Zeitpunkt am Ende der Arbeitswoche. Er spricht so viel Wahres an, und beschreibt gut diese Zeit, in der die Routine der\u2026","rel":"","context":"In &quot;Bluesky&quot;","block_context":{"text":"Bluesky","link":"https:\/\/textundblog.de\/?cat=33"},"img":{"alt_text":"Tweet der Woche","src":"wp-images\/tweetderwoche2-200x96.jpg","width":350,"height":200},"classes":[]},{"id":5307,"url":"https:\/\/textundblog.de\/?p=5307","url_meta":{"origin":9720,"position":4},"title":"Lustiger, ungel\u00f6schter Tweet der Woche","author":"Markus","date":"22\/3\/2013","format":false,"excerpt":"H\u00e4tte der gute Peer diesen Tweet nicht gel\u00f6scht, w\u00e4re das ganz klar der Tweet der Woche geworden. Aber, da er ihn rasch wieder gel\u00f6scht hat, bleibt nur zu vermerken, dass der Kandidat genau so peinlich ist, wie seine Partei. Die im Gegensatz zu Steinbr\u00fcck progressiven Kr\u00e4fte in der SPD haben\u2026","rel":"","context":"In &quot;Bluesky&quot;","block_context":{"text":"Bluesky","link":"https:\/\/textundblog.de\/?cat=33"},"img":{"alt_text":"","src":"https:\/\/i0.wp.com\/textundblog.de\/wp-content\/coop-tdw032013.png?resize=350%2C200&ssl=1","width":350,"height":200},"classes":[]},{"id":5134,"url":"https:\/\/textundblog.de\/?p=5134","url_meta":{"origin":9720,"position":5},"title":"Tweet der Woche: URL ist der Anhang des Tweets","author":"Markus","date":"30\/11\/2012","format":false,"excerpt":"Wer kennt das nicht: man beginnt mit dem Verfassen einer E-Mail, die man samt Anhang verschicken will, schreibt seinen Text, schickt das Ding ab und merkt: Mist, Anhang vergessen! Im Tweet der Woche sieht @JanSchmidt eine Parallele zwischen vergessenem Anhang in der E-Mail und vergessenem Link (URL) im Tweet. Nicht\u2026","rel":"","context":"In &quot;Bluesky&quot;","block_context":{"text":"Bluesky","link":"https:\/\/textundblog.de\/?cat=33"},"img":{"alt_text":"Tweet der Woche von @JanSchmidt","src":"https:\/\/i0.wp.com\/textundblog.de\/wp-content\/janschmidt-tdm112012.png?resize=350%2C200&ssl=1","width":350,"height":200},"classes":[]}],"_links":{"self":[{"href":"https:\/\/textundblog.de\/index.php?rest_route=\/wp\/v2\/posts\/9720","targetHints":{"allow":["GET"]}}],"collection":[{"href":"https:\/\/textundblog.de\/index.php?rest_route=\/wp\/v2\/posts"}],"about":[{"href":"https:\/\/textundblog.de\/index.php?rest_route=\/wp\/v2\/types\/post"}],"author":[{"embeddable":true,"href":"https:\/\/textundblog.de\/index.php?rest_route=\/wp\/v2\/users\/1"}],"replies":[{"embeddable":true,"href":"https:\/\/textundblog.de\/index.php?rest_route=%2Fwp%2Fv2%2Fcomments&post=9720"}],"version-history":[{"count":0,"href":"https:\/\/textundblog.de\/index.php?rest_route=\/wp\/v2\/posts\/9720\/revisions"}],"wp:attachment":[{"href":"https:\/\/textundblog.de\/index.php?rest_route=%2Fwp%2Fv2%2Fmedia&parent=9720"}],"wp:term":[{"taxonomy":"category","embeddable":true,"href":"https:\/\/textundblog.de\/index.php?rest_route=%2Fwp%2Fv2%2Fcategories&post=9720"},{"taxonomy":"post_tag","embeddable":true,"href":"https:\/\/textundblog.de\/index.php?rest_route=%2Fwp%2Fv2%2Ftags&post=9720"}],"curies":[{"name":"wp","href":"https:\/\/api.w.org\/{rel}","templated":true}]}}