{"id":9718,"date":"2021-01-24T13:07:15","date_gmt":"2021-01-24T12:07:15","guid":{"rendered":"https:\/\/textundblog.de\/?p=9718"},"modified":"2021-01-24T13:07:15","modified_gmt":"2021-01-24T12:07:15","slug":"das-brettspiel-fuer-den-lockdown","status":"publish","type":"post","link":"https:\/\/textundblog.de\/?p=9718","title":{"rendered":"Das Brettspiel f\u00fcr den Lockdown"},"content":{"rendered":"<p><a href=\"https:\/\/textundblog.de\/?tag=tweetderwoche\"> <img loading=\"lazy\" decoding=\"async\" src=\"wp-images\/tweetderwoche2-200x96.jpg\" alt=\"Tweet der Woche\" title=\"Tweet der Woche\" height=\"96\" width=\"200\" class=\"bildrechts\" \/><\/a> In letzter Zeit denke ich oft dar\u00fcber nach, welches wohl die Tweets sein werden, die man nach Corona r\u00fcckblickend als passend f\u00fcr diese Zeit einstufen wird? Der folgende von <a href=\"https:\/\/twitter.com\/bomelino\">@bomelino<\/a> geh\u00f6rt in diese Kategorie und ist f\u00fcr mich in dieser Woche auf jeden Fall der beste:<\/p>\n<blockquote class=\"twitter-tweet\" data-width=\"500\" data-dnt=\"true\">\n<p lang=\"de\" dir=\"ltr\">Mensch \u00e4rgere dich nicht &#8211; Lockdown Edition <a href=\"https:\/\/t.co\/dKa9N8iPFw\">pic.twitter.com\/dKa9N8iPFw<\/a><\/p>\n<p>&mdash; tino (@bomelino) <a href=\"https:\/\/twitter.com\/bomelino\/status\/1353282596399181824?ref_src=twsrc%5Etfw\">January 24, 2021<\/a><\/p><\/blockquote>\n<p><script async src=\"https:\/\/platform.twitter.com\/widgets.js\" charset=\"utf-8\"><\/script><\/p>\n<p>Hier geht&#8217;s zu den vergangenen <a href=\"https:\/\/textundblog.de\/?tag=tweetderwoche\">Tweets der Woche<\/a>.<\/p>\n","protected":false},"excerpt":{"rendered":"<p>In letzter Zeit denke ich oft dar\u00fcber nach, welches wohl die Tweets sein werden, die man nach Corona r\u00fcckblickend als passend f\u00fcr diese Zeit einstufen wird? Der folgende von @bomelino geh\u00f6rt in diese Kategorie und ist f\u00fcr mich in dieser Woche auf jeden Fall der beste: Mensch \u00e4rgere dich nicht &#8211; Lockdown Edition pic.twitter.com\/dKa9N8iPFw &mdash; [&hellip;]<\/p>\n","protected":false},"author":1,"featured_media":0,"comment_status":"open","ping_status":"open","sticky":false,"template":"","format":"standard","meta":{"site-sidebar-layout":"default","site-content-layout":"","ast-site-content-layout":"default","site-content-style":"default","site-sidebar-style":"default","ast-global-header-display":"","ast-banner-title-visibility":"","ast-main-header-display":"","ast-hfb-above-header-display":"","ast-hfb-below-header-display":"","ast-hfb-mobile-header-display":"","site-post-title":"","ast-breadcrumbs-content":"","ast-featured-img":"","footer-sml-layout":"","theme-transparent-header-meta":"","adv-header-id-meta":"","stick-header-meta":"","header-above-stick-meta":"","header-main-stick-meta":"","header-below-stick-meta":"","astra-migrate-meta-layouts":"default","ast-page-background-enabled":"default","ast-page-background-meta":{"desktop":{"background-color":"var(--ast-global-color-4)","background-image":"","background-repeat":"repeat","background-position":"center center","background-size":"auto","background-attachment":"scroll","background-type":"","background-media":"","overlay-type":"","overlay-color":"","overlay-opacity":"","overlay-gradient":""},"tablet":{"background-color":"","background-image":"","background-repeat":"repeat","background-position":"center center","background-size":"auto","background-attachment":"scroll","background-type":"","background-media":"","overlay-type":"","overlay-color":"","overlay-opacity":"","overlay-gradient":""},"mobile":{"background-color":"","background-image":"","background-repeat":"repeat","background-position":"center center","background-size":"auto","background-attachment":"scroll","background-type":"","background-media":"","overlay-type":"","overlay-color":"","overlay-opacity":"","overlay-gradient":""}},"ast-content-background-meta":{"desktop":{"background-color":"var(--ast-global-color-5)","background-image":"","background-repeat":"repeat","background-position":"center center","background-size":"auto","background-attachment":"scroll","background-type":"","background-media":"","overlay-type":"","overlay-color":"","overlay-opacity":"","overlay-gradient":""},"tablet":{"background-color":"var(--ast-global-color-5)","background-image":"","background-repeat":"repeat","background-position":"center center","background-size":"auto","background-attachment":"scroll","background-type":"","background-media":"","overlay-type":"","overlay-color":"","overlay-opacity":"","overlay-gradient":""},"mobile":{"background-color":"var(--ast-global-color-5)","background-image":"","background-repeat":"repeat","background-position":"center center","background-size":"auto","background-attachment":"scroll","background-type":"","background-media":"","overlay-type":"","overlay-color":"","overlay-opacity":"","overlay-gradient":""}},"ngg_post_thumbnail":0,"jetpack_post_was_ever_published":false,"_jetpack_newsletter_access":"","_jetpack_dont_email_post_to_subs":false,"_jetpack_newsletter_tier_id":0,"_jetpack_memberships_contains_paywalled_content":false,"_jetpack_memberships_contains_paid_content":false,"footnotes":""},"categories":[33,11],"tags":[],"class_list":["post-9718","post","type-post","status-publish","format-standard","hentry","category-twitter","category-literatur"],"jetpack_featured_media_url":"","jetpack_sharing_enabled":true,"jetpack_shortlink":"https:\/\/wp.me\/p4uzZ-2wK","jetpack-related-posts":[{"id":5575,"url":"https:\/\/textundblog.de\/?p=5575","url_meta":{"origin":9718,"position":0},"title":"Tweet der Woche \u2013 Die Sonntagsfrage","author":"Markus","date":"6\/9\/2013","format":false,"excerpt":"Zugegeben, der Tweet der Woche kommt in letzter Zeit h\u00e4ufig aus dem Bereich der Politik. Ich bin nun mal ein politischer Mensch. Doch dieses Mal soll ein unpolitischer Tweet zum Zuge kommen,\u2026 obwohl?\u2026 Lest einfach selbst, was f\u00fcr mich das getwitterte Highlight der Woche war, am heutigen Freitag ver\u00f6ffentlicht von\u2026","rel":"","context":"In &quot;Bluesky&quot;","block_context":{"text":"Bluesky","link":"https:\/\/textundblog.de\/?cat=33"},"img":{"alt_text":"","src":"https:\/\/i0.wp.com\/textundblog.de\/wp-content\/armarius-tdw092013.png?resize=350%2C200&ssl=1","width":350,"height":200},"classes":[]},{"id":8632,"url":"https:\/\/textundblog.de\/?p=8632","url_meta":{"origin":9718,"position":1},"title":"Das DSGVO-Trinkspiel und die Twitter-Zeitmaschine f\u00fcr alte Hasen","author":"Markus","date":"25\/5\/2018","format":false,"excerpt":"Das war diese Woche vielleicht die beste Art, mit dem Wahnsinn rund um die #DSGVO umzugehen, einfach ein Trinkspiel draus machen. F\u00fcr mich ist der Vorschlag von @Ginsalabims jedenfalls der Tweet der Woche: https:\/\/twitter.com\/Ginsalabims\/status\/998951565024288778 W\u00e4hrend f\u00fcr die Twitterer (m\/w), die auch schon vor 10 Jahren auf Twitter unterwegs waren (ja,\u2026","rel":"","context":"In &quot;Bluesky&quot;","block_context":{"text":"Bluesky","link":"https:\/\/textundblog.de\/?cat=33"},"img":{"alt_text":"Tweet der Woche","src":"wp-images\/tweetderwoche2-200x96.jpg","width":350,"height":200},"classes":[]},{"id":4564,"url":"https:\/\/textundblog.de\/?p=4564","url_meta":{"origin":9718,"position":2},"title":"Tweet der Woche: Philosophische Statistik","author":"Markus","date":"2\/3\/2012","format":false,"excerpt":"Auf Twitter werden viele Statistiken verbreitet. Sind sie kurz, so werden sie komplett im Tweet publiziert, l\u00e4ngere Statistiken \u2013 wom\u00f6glich mit dazu gereichter Analyse \u2013 werden gern verlinkt. Der gestern von @function ver\u00f6ffentlichte Tweet geh\u00f6rt ob seiner K\u00fcrze zur ersten Kategorie der kurzen Statistik und ist f\u00fcr mich der Tweet\u2026","rel":"","context":"In &quot;Bluesky&quot;","block_context":{"text":"Bluesky","link":"https:\/\/textundblog.de\/?cat=33"},"img":{"alt_text":"","src":"https:\/\/i0.wp.com\/textundblog.de\/wp-content\/derhandwerk032012.png?resize=350%2C200&ssl=1","width":350,"height":200},"classes":[]},{"id":8231,"url":"https:\/\/textundblog.de\/?p=8231","url_meta":{"origin":9718,"position":3},"title":"Beste Tweets ins Protokoll des Bundestages","author":"Markus","date":"2\/12\/2017","format":false,"excerpt":"Die beste Reaktion auf Sch\u00e4ubles etwas aus der Zeit gefallenen Brief an die Bundestagsabgeordneten, in dem er das Twittern im Bundestag f\u00fcr unerw\u00fcnscht erkl\u00e4rt hatte, ist f\u00fcr mich der Tweet der Woche von @Tobias_Schulze: https:\/\/twitter.com\/Tobias_Schulze\/status\/936178290330611712 Hier geht's zu den vergangenen Tweets der Woche.","rel":"","context":"In &quot;Bluesky&quot;","block_context":{"text":"Bluesky","link":"https:\/\/textundblog.de\/?cat=33"},"img":{"alt_text":"Tweet der Woche","src":"wp-images\/tweetderwoche2-200x96.jpg","width":350,"height":200},"classes":[]},{"id":4844,"url":"https:\/\/textundblog.de\/?p=4844","url_meta":{"origin":9718,"position":4},"title":"Tweet der Woche: Uebersetzer-Aufopferung","author":"Markus","date":"10\/8\/2012","format":false,"excerpt":"Bisher ist es mir noch nie so leicht gefallen, gegen Ende der Woche den \u00abTweet der Woche\u00bb zu bestimmen. Und ich mache das, seit dem Darniederliegen von Twitkrit, immerhin auch schon wieder seit einem Dreivierteljahr. Der ausgew\u00e4hlte Tweet steht dabei exemplarisch f\u00fcr eine ganze Tweet-Serie, mit der die Autorin tagelang\u2026","rel":"","context":"In &quot;Bluesky&quot;","block_context":{"text":"Bluesky","link":"https:\/\/textundblog.de\/?cat=33"},"img":{"alt_text":"Tweet der Woche von @uebersetzer","src":"https:\/\/i0.wp.com\/textundblog.de\/wp-content\/uebersetzer-tdw082012.png?resize=350%2C200&ssl=1","width":350,"height":200},"classes":[]},{"id":4938,"url":"https:\/\/textundblog.de\/?p=4938","url_meta":{"origin":9718,"position":5},"title":"Innovationsmanagement braucht Zeit","author":"Markus","date":"7\/9\/2012","format":false,"excerpt":"Der Tweet der Woche kommt diese Woche aus Bremen, genauer gesagt wurde er von einem Bremer Account in (Update) zu einem Event in (Ende Update) der Schweiz abgesetzt, wo sich heute und morgen Bibliothekare und andere Informationsexperten auf dem InfoCamp 2012 Chur, der informationswissenschaftlichen Unkonferenz, treffen. Ein produktives Innovationsmanagement ist\u2026","rel":"","context":"In &quot;Bluesky&quot;","block_context":{"text":"Bluesky","link":"https:\/\/textundblog.de\/?cat=33"},"img":{"alt_text":"Tweet der Woche von @elibbremen","src":"https:\/\/i0.wp.com\/textundblog.de\/wp-content\/elibbremen-tdw092012.png?resize=350%2C200&ssl=1","width":350,"height":200},"classes":[]}],"_links":{"self":[{"href":"https:\/\/textundblog.de\/index.php?rest_route=\/wp\/v2\/posts\/9718","targetHints":{"allow":["GET"]}}],"collection":[{"href":"https:\/\/textundblog.de\/index.php?rest_route=\/wp\/v2\/posts"}],"about":[{"href":"https:\/\/textundblog.de\/index.php?rest_route=\/wp\/v2\/types\/post"}],"author":[{"embeddable":true,"href":"https:\/\/textundblog.de\/index.php?rest_route=\/wp\/v2\/users\/1"}],"replies":[{"embeddable":true,"href":"https:\/\/textundblog.de\/index.php?rest_route=%2Fwp%2Fv2%2Fcomments&post=9718"}],"version-history":[{"count":0,"href":"https:\/\/textundblog.de\/index.php?rest_route=\/wp\/v2\/posts\/9718\/revisions"}],"wp:attachment":[{"href":"https:\/\/textundblog.de\/index.php?rest_route=%2Fwp%2Fv2%2Fmedia&parent=9718"}],"wp:term":[{"taxonomy":"category","embeddable":true,"href":"https:\/\/textundblog.de\/index.php?rest_route=%2Fwp%2Fv2%2Fcategories&post=9718"},{"taxonomy":"post_tag","embeddable":true,"href":"https:\/\/textundblog.de\/index.php?rest_route=%2Fwp%2Fv2%2Ftags&post=9718"}],"curies":[{"name":"wp","href":"https:\/\/api.w.org\/{rel}","templated":true}]}}