{"id":9707,"date":"2021-01-10T12:37:14","date_gmt":"2021-01-10T11:37:14","guid":{"rendered":"https:\/\/textundblog.de\/?p=9707"},"modified":"2021-01-10T13:00:46","modified_gmt":"2021-01-10T12:00:46","slug":"museale-selbstentdeckung","status":"publish","type":"post","link":"https:\/\/textundblog.de\/?p=9707","title":{"rendered":"Museale Selbstentdeckung"},"content":{"rendered":"<p><a href=\"https:\/\/textundblog.de\/?tag=tweetderwoche\"> <img loading=\"lazy\" decoding=\"async\" src=\"wp-images\/tweetderwoche2-200x96.jpg\" alt=\"Tweet der Woche\" title=\"Tweet der Woche\" height=\"96\" width=\"200\" class=\"bildrechts\" \/><\/a> Der wichtigste Tweet in dieser Woche (bzw. die darin verk\u00fcndete Handlung) kam von <a href=\"https:\/\/twitter.com\/twittersafety\/status\/1347684877634838528?s=21\">Twitter<\/a> selbst und war schon lange \u00fcberf\u00e4llig. Eine sch\u00f6ne deutschsprachige Reaktion darauf kam am anderen Morgen von <a href=\"https:\/\/twitter.com\/koesterfabian\/status\/1347815444753899523?s=21\">Fabian K\u00f6ster<\/a>.<\/p>\n<p>Der sch\u00f6nste, und damit der Tweet der Woche, ist f\u00fcr mich aber dieses Posting von <a href=\"https:\/\/twitter.com\/artgate2\/status\/1346358117198688256?s=21\">@artgate2<\/a> mit Menschen, die sich selbst beim Museumsbesuch in Gem\u00e4lden entdeckt haben:<\/p>\n<blockquote class=\"twitter-tweet\" data-width=\"500\" data-dnt=\"true\">\n<p lang=\"en\" dir=\"ltr\">People who accidentally discovered their past self in a museum <a href=\"https:\/\/t.co\/DqHgofJtWZ\">pic.twitter.com\/DqHgofJtWZ<\/a><\/p>\n<p>&mdash; maxwell (@artgate2) <a href=\"https:\/\/twitter.com\/artgate2\/status\/1346358117198688256?ref_src=twsrc%5Etfw\">January 5, 2021<\/a><\/p><\/blockquote>\n<p><script async src=\"https:\/\/platform.twitter.com\/widgets.js\" charset=\"utf-8\"><\/script><\/p>\n<p>Hier geht&#8217;s zu den vergangenen <a href=\"https:\/\/textundblog.de\/?tag=tweetderwoche\">Tweets der Woche<\/a>.<\/p>\n","protected":false},"excerpt":{"rendered":"<p>Der wichtigste Tweet in dieser Woche (bzw. die darin verk\u00fcndete Handlung) kam von Twitter selbst und war schon lange \u00fcberf\u00e4llig. Eine sch\u00f6ne deutschsprachige Reaktion darauf kam am anderen Morgen von Fabian K\u00f6ster. Der sch\u00f6nste, und damit der Tweet der Woche, ist f\u00fcr mich aber dieses Posting von @artgate2 mit Menschen, die sich selbst beim Museumsbesuch [&hellip;]<\/p>\n","protected":false},"author":1,"featured_media":0,"comment_status":"open","ping_status":"open","sticky":false,"template":"","format":"standard","meta":{"site-sidebar-layout":"default","site-content-layout":"","ast-site-content-layout":"default","site-content-style":"default","site-sidebar-style":"default","ast-global-header-display":"","ast-banner-title-visibility":"","ast-main-header-display":"","ast-hfb-above-header-display":"","ast-hfb-below-header-display":"","ast-hfb-mobile-header-display":"","site-post-title":"","ast-breadcrumbs-content":"","ast-featured-img":"","footer-sml-layout":"","theme-transparent-header-meta":"","adv-header-id-meta":"","stick-header-meta":"","header-above-stick-meta":"","header-main-stick-meta":"","header-below-stick-meta":"","astra-migrate-meta-layouts":"default","ast-page-background-enabled":"default","ast-page-background-meta":{"desktop":{"background-color":"var(--ast-global-color-4)","background-image":"","background-repeat":"repeat","background-position":"center center","background-size":"auto","background-attachment":"scroll","background-type":"","background-media":"","overlay-type":"","overlay-color":"","overlay-opacity":"","overlay-gradient":""},"tablet":{"background-color":"","background-image":"","background-repeat":"repeat","background-position":"center center","background-size":"auto","background-attachment":"scroll","background-type":"","background-media":"","overlay-type":"","overlay-color":"","overlay-opacity":"","overlay-gradient":""},"mobile":{"background-color":"","background-image":"","background-repeat":"repeat","background-position":"center center","background-size":"auto","background-attachment":"scroll","background-type":"","background-media":"","overlay-type":"","overlay-color":"","overlay-opacity":"","overlay-gradient":""}},"ast-content-background-meta":{"desktop":{"background-color":"var(--ast-global-color-5)","background-image":"","background-repeat":"repeat","background-position":"center center","background-size":"auto","background-attachment":"scroll","background-type":"","background-media":"","overlay-type":"","overlay-color":"","overlay-opacity":"","overlay-gradient":""},"tablet":{"background-color":"var(--ast-global-color-5)","background-image":"","background-repeat":"repeat","background-position":"center center","background-size":"auto","background-attachment":"scroll","background-type":"","background-media":"","overlay-type":"","overlay-color":"","overlay-opacity":"","overlay-gradient":""},"mobile":{"background-color":"var(--ast-global-color-5)","background-image":"","background-repeat":"repeat","background-position":"center center","background-size":"auto","background-attachment":"scroll","background-type":"","background-media":"","overlay-type":"","overlay-color":"","overlay-opacity":"","overlay-gradient":""}},"ngg_post_thumbnail":0,"jetpack_post_was_ever_published":false,"_jetpack_newsletter_access":"","_jetpack_dont_email_post_to_subs":false,"_jetpack_newsletter_tier_id":0,"_jetpack_memberships_contains_paywalled_content":false,"_jetpack_memberships_contains_paid_content":false,"footnotes":""},"categories":[33,11],"tags":[77],"class_list":["post-9707","post","type-post","status-publish","format-standard","hentry","category-twitter","category-literatur","tag-tweetderwoche"],"jetpack_featured_media_url":"","jetpack_sharing_enabled":true,"jetpack_shortlink":"https:\/\/wp.me\/p4uzZ-2wz","jetpack-related-posts":[{"id":6592,"url":"https:\/\/textundblog.de\/?p=6592","url_meta":{"origin":9707,"position":0},"title":"Eing\u00e4nglicher Tweet der Woche","author":"Markus","date":"27\/3\/2015","format":false,"excerpt":"Was haben Begriffe wie Absatz, Gericht, Wirtschaft, Fliege oder Decke gemeinsam? Es sind alles Begriffe mit Doppelbedeutung. Aus doppeldeutigen Begriffen lassen sich wunderbare Tweets bauen. So etwa auch aus der Doppelbedeutung von \u00abeingehen\u00bb. Sehr sch\u00f6n ist dies Herrn @Formschub gelungen mit einem wunderbar bildhaften Missverst\u00e4ndnis und einer kleinen Geschichte, die\u2026","rel":"","context":"In &quot;Bluesky&quot;","block_context":{"text":"Bluesky","link":"https:\/\/textundblog.de\/?cat=33"},"img":{"alt_text":"","src":"https:\/\/i0.wp.com\/textundblog.de\/wp-content\/eingegangenam.jpg?resize=350%2C200&ssl=1","width":350,"height":200},"classes":[]},{"id":5109,"url":"https:\/\/textundblog.de\/?p=5109","url_meta":{"origin":9707,"position":1},"title":"Tweet der Woche mit medialem Aufkl\u00e4rungspotenzial","author":"Markus","date":"16\/11\/2012","format":false,"excerpt":"Im Kampf gegen schn\u00f6des Abwarten auf Kino- und\/oder TV-Ausstrahlung im Free-TV versuchen DVDs uns dadurch vom Kauf ihrer selbst zu \u00fcberzeugen, indem sie mit jeder Menge Bonus-Features an den Start gehen. Zum zus\u00e4tzlichen Material geh\u00f6ren neben Interviews mit den Filmschaffenden, jede Menge Extra-Szenen und OFF-Kommentare zum Gezeigten, Director's cut, eingesprochene\u2026","rel":"","context":"In &quot;Bluesky&quot;","block_context":{"text":"Bluesky","link":"https:\/\/textundblog.de\/?cat=33"},"img":{"alt_text":"Tweet der Woche von @Kaltmamsell","src":"https:\/\/i0.wp.com\/textundblog.de\/wp-content\/kaltmamsell-tdw-112012.jpg?resize=350%2C200&ssl=1","width":350,"height":200},"classes":[]},{"id":9622,"url":"https:\/\/textundblog.de\/?p=9622","url_meta":{"origin":9707,"position":2},"title":"Debattierlust","author":"Markus","date":"4\/10\/2020","format":false,"excerpt":"Schon Karl Valentin hat die bei Vielen vorhandene Debattierlust trefflich beschrieben mit seinem Spruch \u201eEs ist schon alles gesagt, nur noch nicht von allen\u201c. Wer bei der Lekt\u00fcre seiner Twitter-Timeline zum 25. Mal den gleichen Kommentar liest, muss unweigerlich an Valentins Weisheit denken. Der @diktator hat in dieser Angelegenheit mal\u2026","rel":"","context":"In &quot;Bluesky&quot;","block_context":{"text":"Bluesky","link":"https:\/\/textundblog.de\/?cat=33"},"img":{"alt_text":"Tweet der Woche","src":"wp-images\/tweetderwoche2-200x96.jpg","width":350,"height":200},"classes":[]},{"id":9502,"url":"https:\/\/textundblog.de\/?p=9502","url_meta":{"origin":9707,"position":3},"title":"Videokonferenzen im Mittelalter","author":"Markus","date":"19\/7\/2020","format":false,"excerpt":"Wer Corona-bedingt ins Homeoffice verbannt ist oder momentan zumindest keine Dienstreisen unternimmt, sitzt mehrfach die Woche am heimischen oder am B\u00fcro-Schreibtisch in Videokonferenzen. F\u00fcr viele von uns eine mittlerweile vertraute Ansicht: Der Bildschirm geteilt in viele kleine Kacheln, aus denen uns verschiedene Gesichter anschauen. @incunabula hat nun im Tweet der\u2026","rel":"","context":"In &quot;Bluesky&quot;","block_context":{"text":"Bluesky","link":"https:\/\/textundblog.de\/?cat=33"},"img":{"alt_text":"Tweet der Woche","src":"wp-images\/tweetderwoche2-200x96.jpg","width":350,"height":200},"classes":[]},{"id":6262,"url":"https:\/\/textundblog.de\/?p=6262","url_meta":{"origin":9707,"position":4},"title":"Pareidolia \u2013 eine eigene Welt auf Twitter","author":"Markus","date":"15\/8\/2014","format":false,"excerpt":"Wisst ihr, was Pareidolie ist? Nein? Ich wusste es bis gestern auch nicht. Darauf gesto\u00dfen bin ich bei der Recherche nach dem Hashtag #pareidoliaproject. In der Wikipedia lernen wir: Pareidolie \u2026 bezeichnet das Ph\u00e4nomen, in Dingen und Mustern vermeintliche Gesichter und vertraute Wesen oder Gegenst\u00e4nde zu erkennen. Statt Tweet der\u2026","rel":"","context":"In &quot;Bluesky&quot;","block_context":{"text":"Bluesky","link":"https:\/\/textundblog.de\/?cat=33"},"img":{"alt_text":"Tweet der Woche","src":"wp-images\/tweetderwoche2-200x96.jpg","width":350,"height":200},"classes":[]},{"id":4844,"url":"https:\/\/textundblog.de\/?p=4844","url_meta":{"origin":9707,"position":5},"title":"Tweet der Woche: Uebersetzer-Aufopferung","author":"Markus","date":"10\/8\/2012","format":false,"excerpt":"Bisher ist es mir noch nie so leicht gefallen, gegen Ende der Woche den \u00abTweet der Woche\u00bb zu bestimmen. Und ich mache das, seit dem Darniederliegen von Twitkrit, immerhin auch schon wieder seit einem Dreivierteljahr. Der ausgew\u00e4hlte Tweet steht dabei exemplarisch f\u00fcr eine ganze Tweet-Serie, mit der die Autorin tagelang\u2026","rel":"","context":"In &quot;Bluesky&quot;","block_context":{"text":"Bluesky","link":"https:\/\/textundblog.de\/?cat=33"},"img":{"alt_text":"Tweet der Woche von @uebersetzer","src":"https:\/\/i0.wp.com\/textundblog.de\/wp-content\/uebersetzer-tdw082012.png?resize=350%2C200&ssl=1","width":350,"height":200},"classes":[]}],"_links":{"self":[{"href":"https:\/\/textundblog.de\/index.php?rest_route=\/wp\/v2\/posts\/9707","targetHints":{"allow":["GET"]}}],"collection":[{"href":"https:\/\/textundblog.de\/index.php?rest_route=\/wp\/v2\/posts"}],"about":[{"href":"https:\/\/textundblog.de\/index.php?rest_route=\/wp\/v2\/types\/post"}],"author":[{"embeddable":true,"href":"https:\/\/textundblog.de\/index.php?rest_route=\/wp\/v2\/users\/1"}],"replies":[{"embeddable":true,"href":"https:\/\/textundblog.de\/index.php?rest_route=%2Fwp%2Fv2%2Fcomments&post=9707"}],"version-history":[{"count":0,"href":"https:\/\/textundblog.de\/index.php?rest_route=\/wp\/v2\/posts\/9707\/revisions"}],"wp:attachment":[{"href":"https:\/\/textundblog.de\/index.php?rest_route=%2Fwp%2Fv2%2Fmedia&parent=9707"}],"wp:term":[{"taxonomy":"category","embeddable":true,"href":"https:\/\/textundblog.de\/index.php?rest_route=%2Fwp%2Fv2%2Fcategories&post=9707"},{"taxonomy":"post_tag","embeddable":true,"href":"https:\/\/textundblog.de\/index.php?rest_route=%2Fwp%2Fv2%2Ftags&post=9707"}],"curies":[{"name":"wp","href":"https:\/\/api.w.org\/{rel}","templated":true}]}}