{"id":9706,"date":"2021-01-03T11:48:58","date_gmt":"2021-01-03T10:48:58","guid":{"rendered":"https:\/\/textundblog.de\/?p=9706"},"modified":"2021-01-03T11:50:09","modified_gmt":"2021-01-03T10:50:09","slug":"geplant-und-abgesagt","status":"publish","type":"post","link":"https:\/\/textundblog.de\/?p=9706","title":{"rendered":"Geplant und abgesagt"},"content":{"rendered":"<p><a href=\"https:\/\/textundblog.de\/?tag=tweetderwoche\"> <img loading=\"lazy\" decoding=\"async\" src=\"wp-images\/tweetderwoche2-200x96.jpg\" alt=\"Tweet der Woche\" title=\"Tweet der Woche\" height=\"96\" width=\"200\" class=\"bildrechts\" \/><\/a> Der Tweet der Woche kommt von <a href=\"https:\/\/twitter.com\/christianhelms\">@christianhelms<\/a> und beschreibt treffend, was uns allen im vergangenen dreiviertel Jahr widerfahren ist und auch noch in den n\u00e4chsten Monaten passieren wird:<\/p>\n<blockquote class=\"twitter-tweet\" data-width=\"500\" data-dnt=\"true\">\n<p lang=\"de\" dir=\"ltr\">Sachen planen und wieder absagen. Das ist das neue normal.<\/p>\n<p>&mdash; Christian Helms (@ChristianHelms) <a href=\"https:\/\/twitter.com\/ChristianHelms\/status\/1345651491483365383?ref_src=twsrc%5Etfw\">January 3, 2021<\/a><\/p><\/blockquote>\n<p><script async src=\"https:\/\/platform.twitter.com\/widgets.js\" charset=\"utf-8\"><\/script><\/p>\n<p>Hier geht&#8217;s zu den vergangenen <a href=\"https:\/\/textundblog.de\/?tag=tweetderwoche\">Tweets der Woche<\/a>.<\/p>\n","protected":false},"excerpt":{"rendered":"<p>Der Tweet der Woche kommt von @christianhelms und beschreibt treffend, was uns allen im vergangenen dreiviertel Jahr widerfahren ist und auch noch in den n\u00e4chsten Monaten passieren wird: Sachen planen und wieder absagen. Das ist das neue normal. &mdash; Christian Helms (@ChristianHelms) January 3, 2021 Hier geht&#8217;s zu den vergangenen Tweets der Woche.<\/p>\n","protected":false},"author":1,"featured_media":0,"comment_status":"open","ping_status":"open","sticky":false,"template":"","format":"standard","meta":{"site-sidebar-layout":"default","site-content-layout":"","ast-site-content-layout":"default","site-content-style":"default","site-sidebar-style":"default","ast-global-header-display":"","ast-banner-title-visibility":"","ast-main-header-display":"","ast-hfb-above-header-display":"","ast-hfb-below-header-display":"","ast-hfb-mobile-header-display":"","site-post-title":"","ast-breadcrumbs-content":"","ast-featured-img":"","footer-sml-layout":"","theme-transparent-header-meta":"","adv-header-id-meta":"","stick-header-meta":"","header-above-stick-meta":"","header-main-stick-meta":"","header-below-stick-meta":"","astra-migrate-meta-layouts":"default","ast-page-background-enabled":"default","ast-page-background-meta":{"desktop":{"background-color":"var(--ast-global-color-4)","background-image":"","background-repeat":"repeat","background-position":"center center","background-size":"auto","background-attachment":"scroll","background-type":"","background-media":"","overlay-type":"","overlay-color":"","overlay-opacity":"","overlay-gradient":""},"tablet":{"background-color":"","background-image":"","background-repeat":"repeat","background-position":"center center","background-size":"auto","background-attachment":"scroll","background-type":"","background-media":"","overlay-type":"","overlay-color":"","overlay-opacity":"","overlay-gradient":""},"mobile":{"background-color":"","background-image":"","background-repeat":"repeat","background-position":"center center","background-size":"auto","background-attachment":"scroll","background-type":"","background-media":"","overlay-type":"","overlay-color":"","overlay-opacity":"","overlay-gradient":""}},"ast-content-background-meta":{"desktop":{"background-color":"var(--ast-global-color-5)","background-image":"","background-repeat":"repeat","background-position":"center center","background-size":"auto","background-attachment":"scroll","background-type":"","background-media":"","overlay-type":"","overlay-color":"","overlay-opacity":"","overlay-gradient":""},"tablet":{"background-color":"var(--ast-global-color-5)","background-image":"","background-repeat":"repeat","background-position":"center center","background-size":"auto","background-attachment":"scroll","background-type":"","background-media":"","overlay-type":"","overlay-color":"","overlay-opacity":"","overlay-gradient":""},"mobile":{"background-color":"var(--ast-global-color-5)","background-image":"","background-repeat":"repeat","background-position":"center center","background-size":"auto","background-attachment":"scroll","background-type":"","background-media":"","overlay-type":"","overlay-color":"","overlay-opacity":"","overlay-gradient":""}},"ngg_post_thumbnail":0,"jetpack_post_was_ever_published":false,"_jetpack_newsletter_access":"","_jetpack_dont_email_post_to_subs":false,"_jetpack_newsletter_tier_id":0,"_jetpack_memberships_contains_paywalled_content":false,"_jetpack_memberships_contains_paid_content":false,"footnotes":""},"categories":[33,11],"tags":[77],"class_list":["post-9706","post","type-post","status-publish","format-standard","hentry","category-twitter","category-literatur","tag-tweetderwoche"],"jetpack_featured_media_url":"","jetpack_sharing_enabled":true,"jetpack_shortlink":"https:\/\/wp.me\/p4uzZ-2wy","jetpack-related-posts":[{"id":10040,"url":"https:\/\/textundblog.de\/?p=10040","url_meta":{"origin":9706,"position":0},"title":"Wein-Booster","author":"Markus","date":"31\/10\/2021","format":false,"excerpt":"In diesen Tagen ist so viel von der dritten Impfung gegen Corona, der so genannten Booster-Impfung, die Rede. Passend dazu hat @ChristianHelms den Tweet der Woche verfasst: https:\/\/twitter.com\/christianhelms\/status\/1453356419466604544?s=21 Hier geht's zu den vergangenen Tweets der Woche.","rel":"","context":"In &quot;Bluesky&quot;","block_context":{"text":"Bluesky","link":"https:\/\/textundblog.de\/?cat=33"},"img":{"alt_text":"Tweet der Woche","src":"wp-images\/tweetderwoche2-200x96.jpg","width":350,"height":200},"classes":[]},{"id":6804,"url":"https:\/\/textundblog.de\/?p=6804","url_meta":{"origin":9706,"position":1},"title":"Keine Teilhabe ohne Kontrollverlust &#8211; Zugang gestalten! in Hamburg","author":"Markus","date":"6\/11\/2015","format":false,"excerpt":"Der Tweet der Woche kommt von der Tagung \u00abZugang gestalten!\u00bb, die gestern und heute in Hamburg stattgefunden hat. Er steht stellvertretend f\u00fcr all die guten Infos, Bilder und Links, die \u00fcber den Hashtag #ke15 (\"ke\" steht f\u00fcr \"kulturelles Erbe\") aufgerufen werden k\u00f6nnen. @esteinauer formuliert darin eine These, die deutlich macht,\u2026","rel":"","context":"In &quot;Bluesky&quot;","block_context":{"text":"Bluesky","link":"https:\/\/textundblog.de\/?cat=33"},"img":{"alt_text":"Tweet der Woche","src":"wp-images\/tweetderwoche2-200x96.jpg","width":350,"height":200},"classes":[]},{"id":10276,"url":"https:\/\/textundblog.de\/?p=10276","url_meta":{"origin":9706,"position":2},"title":"Akustische Erinnerung an eine vergangene Zeit","author":"Markus","date":"28\/8\/2022","format":false,"excerpt":"Wer in den Achtziger- und Neunzigerjahren gelebt beziehungsweise erwachsen geworden ist, kennt diese Ger\u00e4usche noch. Der Tweet der Woche mit akustischen Erinnerungsmerkmalen einer vergangenen Zeit stammt von @samro: https:\/\/twitter.com\/samro\/status\/1562480143566012418?s=21&t=zkLr7rxQ-wzLmGXKn4AihQ Hier geht's zu den vergangenen Tweets der Woche.","rel":"","context":"In &quot;Bluesky&quot;","block_context":{"text":"Bluesky","link":"https:\/\/textundblog.de\/?cat=33"},"img":{"alt_text":"Tweet der Woche","src":"wp-images\/tweetderwoche2-200x96.jpg","width":350,"height":200},"classes":[]},{"id":5307,"url":"https:\/\/textundblog.de\/?p=5307","url_meta":{"origin":9706,"position":3},"title":"Lustiger, ungel\u00f6schter Tweet der Woche","author":"Markus","date":"22\/3\/2013","format":false,"excerpt":"H\u00e4tte der gute Peer diesen Tweet nicht gel\u00f6scht, w\u00e4re das ganz klar der Tweet der Woche geworden. Aber, da er ihn rasch wieder gel\u00f6scht hat, bleibt nur zu vermerken, dass der Kandidat genau so peinlich ist, wie seine Partei. Die im Gegensatz zu Steinbr\u00fcck progressiven Kr\u00e4fte in der SPD haben\u2026","rel":"","context":"In &quot;Bluesky&quot;","block_context":{"text":"Bluesky","link":"https:\/\/textundblog.de\/?cat=33"},"img":{"alt_text":"","src":"https:\/\/i0.wp.com\/textundblog.de\/wp-content\/coop-tdw032013.png?resize=350%2C200&ssl=1","width":350,"height":200},"classes":[]},{"id":9349,"url":"https:\/\/textundblog.de\/?p=9349","url_meta":{"origin":9706,"position":4},"title":"Kurz und knackig","author":"Markus","date":"16\/2\/2020","format":false,"excerpt":"Der vergangene Woche angek\u00fcndigte Orkan Sabine war ja dann doch schw\u00e4cher als erwartet. Der Tweet der Woche dazu kommt von @madamedatam und besteht nur aus zwei Worten. Als \u201egro\u00dfe Wortkleinkunst\u201c bezeichnet ihn @bjoerngrau und erinnert an die Zeiten unseres gemeinsamen Twitterbuches. https:\/\/twitter.com\/madamedatam\/status\/1226619283595198470?s=21 Hier geht's zu den vergangenen Tweets der Woche.","rel":"","context":"In &quot;Bluesky&quot;","block_context":{"text":"Bluesky","link":"https:\/\/textundblog.de\/?cat=33"},"img":{"alt_text":"Tweet der Woche","src":"wp-images\/tweetderwoche2-200x96.jpg","width":350,"height":200},"classes":[]},{"id":10095,"url":"https:\/\/textundblog.de\/?p=10095","url_meta":{"origin":9706,"position":5},"title":"\u201eSpazierg\u00e4nger\u201c","author":"Markus","date":"9\/1\/2022","format":false,"excerpt":"Besser kann man die sogenannten \u201eSpazierg\u00e4nger\u201c historisch nicht einordnen: der Tweet der Woche kommt von @paul_starzmann: https:\/\/twitter.com\/paul_starzmann\/status\/1478295791383060480?s=21 Hier geht's zu den vergangenen Tweets der Woche.","rel":"","context":"In &quot;Bluesky&quot;","block_context":{"text":"Bluesky","link":"https:\/\/textundblog.de\/?cat=33"},"img":{"alt_text":"Tweet der Woche","src":"wp-images\/tweetderwoche2-200x96.jpg","width":350,"height":200},"classes":[]}],"_links":{"self":[{"href":"https:\/\/textundblog.de\/index.php?rest_route=\/wp\/v2\/posts\/9706","targetHints":{"allow":["GET"]}}],"collection":[{"href":"https:\/\/textundblog.de\/index.php?rest_route=\/wp\/v2\/posts"}],"about":[{"href":"https:\/\/textundblog.de\/index.php?rest_route=\/wp\/v2\/types\/post"}],"author":[{"embeddable":true,"href":"https:\/\/textundblog.de\/index.php?rest_route=\/wp\/v2\/users\/1"}],"replies":[{"embeddable":true,"href":"https:\/\/textundblog.de\/index.php?rest_route=%2Fwp%2Fv2%2Fcomments&post=9706"}],"version-history":[{"count":0,"href":"https:\/\/textundblog.de\/index.php?rest_route=\/wp\/v2\/posts\/9706\/revisions"}],"wp:attachment":[{"href":"https:\/\/textundblog.de\/index.php?rest_route=%2Fwp%2Fv2%2Fmedia&parent=9706"}],"wp:term":[{"taxonomy":"category","embeddable":true,"href":"https:\/\/textundblog.de\/index.php?rest_route=%2Fwp%2Fv2%2Fcategories&post=9706"},{"taxonomy":"post_tag","embeddable":true,"href":"https:\/\/textundblog.de\/index.php?rest_route=%2Fwp%2Fv2%2Ftags&post=9706"}],"curies":[{"name":"wp","href":"https:\/\/api.w.org\/{rel}","templated":true}]}}