{"id":9652,"date":"2020-11-14T16:50:56","date_gmt":"2020-11-14T15:50:56","guid":{"rendered":"https:\/\/textundblog.de\/?p=9652"},"modified":"2020-11-14T17:30:13","modified_gmt":"2020-11-14T16:30:13","slug":"wortpremieren-in-der-new-york-times","status":"publish","type":"post","link":"https:\/\/textundblog.de\/?p=9652","title":{"rendered":"Wortpremieren in der New York Times"},"content":{"rendered":"<p><a href=\"https:\/\/textundblog.de\/?tag=tweetderwoche\"> <img loading=\"lazy\" decoding=\"async\" src=\"wp-images\/tweetderwoche2-200x96.jpg\" alt=\"Tweet der Woche\" title=\"Tweet der Woche\" height=\"96\" width=\"200\" class=\"bildrechts\" \/><\/a> F\u00fcr diese wunderbare Entdeckung hat sich Jean Peters (<a href=\"https:\/\/twitter.com\/jeangleur\/\">@jeangleur<\/a>) die Auszeichnung <em>Tweet der Woche<\/em> verdient: In seinem Tweet verweist er auf <a href=\"https:\/\/twitter.com\/NYT_first_said\">@NYT_first_said<\/a>. Dieser kuriose Account twittert Worte, wenn sie das erste Mal in der <em>New York Times<\/em> erscheinen und verlinkt im Folgetweet den Artikel, wo das Wort seine Pemiere gefeiert hat. Spannend zu sehen, was da nach und nach aufpoppt, z.B. <a href=\"https:\/\/twitter.com\/NYT_first_said\/status\/1326238749362163713\">hyperpoop<\/a>.<\/p>\n<p>https:\/\/twitter.com\/jeangleur\/status\/1327386948500131846<\/p>\n<p>Update: <a href=\"https:\/\/twitter.com\/fraufahrenkrog\/status\/1327644745074683905?s=21\">@FrauFahrenkrog<\/a> weist noch auf diese gro\u00dfartige <a href=\"https:\/\/maxbittker.github.io\/clear-pipes\/\">Visualisierung<\/a> hin, die veranschaulicht, wie der Prozess bis zum Finden und Twittern des Wortes abl\u00e4uft. <\/p>\n<p>Hier geht&#8217;s zu den vergangenen <a href=\"https:\/\/textundblog.de\/?tag=tweetderwoche\">Tweets der Woche<\/a>.<\/p>\n","protected":false},"excerpt":{"rendered":"<p>F\u00fcr diese wunderbare Entdeckung hat sich Jean Peters (@jeangleur) die Auszeichnung Tweet der Woche verdient: In seinem Tweet verweist er auf @NYT_first_said. Dieser kuriose Account twittert Worte, wenn sie das erste Mal in der New York Times erscheinen und verlinkt im Folgetweet den Artikel, wo das Wort seine Pemiere gefeiert hat. Spannend zu sehen, was [&hellip;]<\/p>\n","protected":false},"author":1,"featured_media":0,"comment_status":"open","ping_status":"open","sticky":false,"template":"","format":"standard","meta":{"site-sidebar-layout":"default","site-content-layout":"","ast-site-content-layout":"default","site-content-style":"default","site-sidebar-style":"default","ast-global-header-display":"","ast-banner-title-visibility":"","ast-main-header-display":"","ast-hfb-above-header-display":"","ast-hfb-below-header-display":"","ast-hfb-mobile-header-display":"","site-post-title":"","ast-breadcrumbs-content":"","ast-featured-img":"","footer-sml-layout":"","theme-transparent-header-meta":"","adv-header-id-meta":"","stick-header-meta":"","header-above-stick-meta":"","header-main-stick-meta":"","header-below-stick-meta":"","astra-migrate-meta-layouts":"default","ast-page-background-enabled":"default","ast-page-background-meta":{"desktop":{"background-color":"var(--ast-global-color-4)","background-image":"","background-repeat":"repeat","background-position":"center center","background-size":"auto","background-attachment":"scroll","background-type":"","background-media":"","overlay-type":"","overlay-color":"","overlay-opacity":"","overlay-gradient":""},"tablet":{"background-color":"","background-image":"","background-repeat":"repeat","background-position":"center center","background-size":"auto","background-attachment":"scroll","background-type":"","background-media":"","overlay-type":"","overlay-color":"","overlay-opacity":"","overlay-gradient":""},"mobile":{"background-color":"","background-image":"","background-repeat":"repeat","background-position":"center center","background-size":"auto","background-attachment":"scroll","background-type":"","background-media":"","overlay-type":"","overlay-color":"","overlay-opacity":"","overlay-gradient":""}},"ast-content-background-meta":{"desktop":{"background-color":"var(--ast-global-color-5)","background-image":"","background-repeat":"repeat","background-position":"center center","background-size":"auto","background-attachment":"scroll","background-type":"","background-media":"","overlay-type":"","overlay-color":"","overlay-opacity":"","overlay-gradient":""},"tablet":{"background-color":"var(--ast-global-color-5)","background-image":"","background-repeat":"repeat","background-position":"center center","background-size":"auto","background-attachment":"scroll","background-type":"","background-media":"","overlay-type":"","overlay-color":"","overlay-opacity":"","overlay-gradient":""},"mobile":{"background-color":"var(--ast-global-color-5)","background-image":"","background-repeat":"repeat","background-position":"center center","background-size":"auto","background-attachment":"scroll","background-type":"","background-media":"","overlay-type":"","overlay-color":"","overlay-opacity":"","overlay-gradient":""}},"ngg_post_thumbnail":0,"jetpack_post_was_ever_published":false,"_jetpack_newsletter_access":"","_jetpack_dont_email_post_to_subs":false,"_jetpack_newsletter_tier_id":0,"_jetpack_memberships_contains_paywalled_content":false,"_jetpack_memberships_contains_paid_content":false,"footnotes":""},"categories":[33,11],"tags":[77],"class_list":["post-9652","post","type-post","status-publish","format-standard","hentry","category-twitter","category-literatur","tag-tweetderwoche"],"jetpack_featured_media_url":"","jetpack_sharing_enabled":true,"jetpack_shortlink":"https:\/\/wp.me\/p4uzZ-2vG","jetpack-related-posts":[{"id":3209,"url":"https:\/\/textundblog.de\/?p=3209","url_meta":{"origin":9652,"position":0},"title":"Mein Twitterwall-Tweet in der Internationalen Presse","author":"Markus","date":"21\/10\/2009","format":false,"excerpt":"Ich muss schon sagen, so oft wurde ich an einem Tag auch noch nicht in der internationalen Presse zitiert. Zwar immer aufgrund der gleichen Agentur-Meldung (AP), doch ist es schon ganz nett, in der New York Times (Update: Artikel nicht mehr online, hier meine zur Sicherheit gemachte Kopie), auf Yahoo!\u2026","rel":"","context":"In &quot;Artikel&quot;","block_context":{"text":"Artikel","link":"https:\/\/textundblog.de\/?cat=5"},"img":{"alt_text":"Mein Tweet auf der Twitterwall (links)","src":"https:\/\/i0.wp.com\/textundblog.de\/wp-content\/twitterwallscr.jpg?resize=350%2C200&ssl=1","width":350,"height":200},"classes":[]},{"id":1771,"url":"https:\/\/textundblog.de\/?p=1771","url_meta":{"origin":9652,"position":1},"title":"Erbarme, die Amis komme","author":"Markus","date":"19\/8\/2007","format":false,"excerpt":"Die New York Times erlebt \u00ab36 hours in Frankfurt\u00bb und begeistert sich f\u00fcr den ERSATZ CHARM (the old-world mood with a stroll through R\u00f6merberg), die NIGHTS OF SACHSENHAUSEN (fermented apple juice served in glazed jugs known as Bembel) und betreibt mittern\u00e4chtliches COCOONING (the Cocoon Club is run by Sven V\u00e4th).\u2026","rel":"","context":"In &quot;Artikel&quot;","block_context":{"text":"Artikel","link":"https:\/\/textundblog.de\/?cat=5"},"img":{"alt_text":"","src":"","width":0,"height":0},"classes":[]},{"id":7885,"url":"https:\/\/textundblog.de\/?p=7885","url_meta":{"origin":9652,"position":2},"title":"Kind \u2013 Gefahr \u2013 Gro\u00dfmaul: Trump","author":"Markus","date":"19\/5\/2017","format":false,"excerpt":"Zur Zeit herrschen \u00abChaostage im West Wing\u00bb. In der New York Times ist diese Woche ein sehr zutreffender Artikel \u00fcber den komplett im Amt \u00fcberforderten und sowohl f\u00fcr die US-Nation wie auch f\u00fcr die gesamte Welt eine wandelnde Gefahr darstellenden Pr\u00e4sidenten Trump erschienen. Sehr lesenswert: \u00abWhen the World Is Led\u2026","rel":"","context":"In &quot;Bluesky&quot;","block_context":{"text":"Bluesky","link":"https:\/\/textundblog.de\/?cat=33"},"img":{"alt_text":"Tweet der Woche","src":"wp-images\/tweetderwoche2-200x96.jpg","width":350,"height":200},"classes":[]},{"id":3532,"url":"https:\/\/textundblog.de\/?p=3532","url_meta":{"origin":9652,"position":3},"title":"Roland Koch und der R\u00fccktritt am Towel Day","author":"Markus","date":"25\/5\/2010","format":false,"excerpt":"Jetzt muss ich ja auch mal 'nen Screenshot von meinem Tweet von heute Morgen machen. Nachdem ich es mit einem Tweet mal in die New York Times (und Hunderte weitere internationale Meldungen geschafft hatte), hat es der heutige Tweet in der Mittagszeit als Screenshot offensichtlich zwei mal ins ZDF-Programm geschafft,\u2026","rel":"","context":"In &quot;Bluesky&quot;","block_context":{"text":"Bluesky","link":"https:\/\/textundblog.de\/?cat=33"},"img":{"alt_text":"Mein Tweet zum Koch-R\u00fccktritt","src":"https:\/\/i0.wp.com\/textundblog.de\/wp-content\/kochtowel.png?resize=350%2C200&ssl=1","width":350,"height":200},"classes":[]},{"id":884,"url":"https:\/\/textundblog.de\/?p=884","url_meta":{"origin":9652,"position":4},"title":"New York Times breiter im Netz","author":"Markus","date":"3\/4\/2006","format":false,"excerpt":"Die Online-Ausgabe der New York Times hat ein neues Gesicht. Augenf\u00e4lligstes Merkmal: die horizontale Ausdehnung auf 1024 Pixel. [via Periodista Digital]","rel":"","context":"In &quot;Internet&quot;","block_context":{"text":"Internet","link":"https:\/\/textundblog.de\/?cat=4"},"img":{"alt_text":"","src":"","width":0,"height":0},"classes":[]},{"id":73,"url":"https:\/\/textundblog.de\/?p=73","url_meta":{"origin":9652,"position":5},"title":"Firefox in New York Times","author":"Markus","date":"16\/12\/2004","format":false,"excerpt":"Die Firefox-Anzeige ist heute in der New York Times erschienen, und wie bei werbeblogger zurecht behauptet, ist sie gelungener als die deutsche Version vom 9.12. in der FAZ. [Originalanzeige NYT als pdf, 736 kb) [via werbeblogger]","rel":"","context":"In &quot;Internet&quot;","block_context":{"text":"Internet","link":"https:\/\/textundblog.de\/?cat=4"},"img":{"alt_text":"","src":"","width":0,"height":0},"classes":[]}],"_links":{"self":[{"href":"https:\/\/textundblog.de\/index.php?rest_route=\/wp\/v2\/posts\/9652","targetHints":{"allow":["GET"]}}],"collection":[{"href":"https:\/\/textundblog.de\/index.php?rest_route=\/wp\/v2\/posts"}],"about":[{"href":"https:\/\/textundblog.de\/index.php?rest_route=\/wp\/v2\/types\/post"}],"author":[{"embeddable":true,"href":"https:\/\/textundblog.de\/index.php?rest_route=\/wp\/v2\/users\/1"}],"replies":[{"embeddable":true,"href":"https:\/\/textundblog.de\/index.php?rest_route=%2Fwp%2Fv2%2Fcomments&post=9652"}],"version-history":[{"count":0,"href":"https:\/\/textundblog.de\/index.php?rest_route=\/wp\/v2\/posts\/9652\/revisions"}],"wp:attachment":[{"href":"https:\/\/textundblog.de\/index.php?rest_route=%2Fwp%2Fv2%2Fmedia&parent=9652"}],"wp:term":[{"taxonomy":"category","embeddable":true,"href":"https:\/\/textundblog.de\/index.php?rest_route=%2Fwp%2Fv2%2Fcategories&post=9652"},{"taxonomy":"post_tag","embeddable":true,"href":"https:\/\/textundblog.de\/index.php?rest_route=%2Fwp%2Fv2%2Ftags&post=9652"}],"curies":[{"name":"wp","href":"https:\/\/api.w.org\/{rel}","templated":true}]}}