{"id":9163,"date":"2019-10-20T15:10:19","date_gmt":"2019-10-20T13:10:19","guid":{"rendered":"https:\/\/textundblog.de\/?p=9163"},"modified":"2019-10-20T15:34:35","modified_gmt":"2019-10-20T13:34:35","slug":"die-afd-ist-der-politische-arm-des-rechtsextremismus","status":"publish","type":"post","link":"https:\/\/textundblog.de\/?p=9163","title":{"rendered":"Die #AfD ist der politische Arm des Rechtsextremismus"},"content":{"rendered":"<p><a href=\"https:\/\/textundblog.de\/?tag=tweetderwoche\"> <img loading=\"lazy\" decoding=\"async\" src=\"wp-images\/tweetderwoche2-200x96.jpg\" alt=\"Tweet der Woche\" title=\"Tweet der Woche\" height=\"96\" width=\"200\" class=\"bildrechts\" \/><\/a> Der SPD-Bundestagsabgeordnete und Co-Kandidat f\u00fcr die Doppelspitze seiner Partei Michael Roth erhielt eine Abmahnung im Auftrag der AfD-Bundestagsfraktion f\u00fcr seine Aussage im WELT-Interview \u201eDie AfD ist der politische Arm des Rechtsterrorismus\u201c. Er hat das einzig richtige getan und weigert sich, eine entsprechende Unterlassungserkl\u00e4rung abzugeben. Stattdessen macht <a href=\"https:\/\/twitter.com\/miro_spd\">@MiRo_SPD<\/a> den Fall im Tweet der Woche transparent: <\/p>\n<blockquote class=\"twitter-tweet\" data-width=\"500\" data-dnt=\"true\">\n<p lang=\"de\" dir=\"ltr\">1\/ Gestern erhielt ich eine Abmahnung von der Kanzlei H\u00f6cker Rechtsanw\u00e4lte, weil ich in <a href=\"https:\/\/twitter.com\/welt?ref_src=twsrc%5Etfw\">@welt<\/a> die <a href=\"https:\/\/twitter.com\/hashtag\/AfD?src=hash&amp;ref_src=twsrc%5Etfw\">#AfD<\/a> als \u201epolitischen Arm des Rechtsterrorismus\u201c bezeichnet habe. Die AfD-BT-Fraktion fordert von mir, eine Unterlassungserkl\u00e4rung abzugeben. Das werde ich ganz sicher nicht tun. <a href=\"https:\/\/t.co\/1pg7VK0pUi\">pic.twitter.com\/1pg7VK0pUi<\/a><\/p>\n<p>&mdash; Michael Roth &#8211; official ?????? (@MiRo_SPD) <a href=\"https:\/\/twitter.com\/MiRo_SPD\/status\/1185202471339253761?ref_src=twsrc%5Etfw\">October 18, 2019<\/a><\/p><\/blockquote>\n<p><script async src=\"https:\/\/platform.twitter.com\/widgets.js\" charset=\"utf-8\"><\/script><br \/>\n<!--more--><\/p>\n<p>Bezeichnend auch die Welle der Solidarit\u00e4t, die Roth als Reaktion auf seinen Tweet erf\u00e4hrt, indem zahlreiche Personen <footnote> Dazu geh\u00f6rt auch der Autor dieses Artikels, ich habe das nat\u00fcrlich auch <a href=\"http:\/\/Markus Trapp (@textundblog) hat getwittert: Die #AfD ist der politische Arm des Rechtsterrorismus. @noAfD\">getwittert<\/a>. <\/footnote> die Aussage im eigenen Account wiederholen: <a href=\"https:\/\/twitter.com\/search?q=\u201eDie%20AfD%20ist%20der%20politische%20Arm%20des%20Rechtsterrorismus\u201c&#038;src=typed_query\">\u201eDie AfD ist der politische Arm des Rechtsterrorismus\u201c<\/a>.<\/p>\n<p>Hier geht&#8217;s zu den vergangenen <a href=\"https:\/\/textundblog.de\/?tag=tweetderwoche\">Tweets der Woche<\/a>.<\/p>\n","protected":false},"excerpt":{"rendered":"<p>Der SPD-Bundestagsabgeordnete und Co-Kandidat f\u00fcr die Doppelspitze seiner Partei Michael Roth erhielt eine Abmahnung im Auftrag der AfD-Bundestagsfraktion f\u00fcr seine Aussage im WELT-Interview \u201eDie AfD ist der politische Arm des Rechtsterrorismus\u201c. Er hat das einzig richtige getan und weigert sich, eine entsprechende Unterlassungserkl\u00e4rung abzugeben. Stattdessen macht @MiRo_SPD den Fall im Tweet der Woche transparent: 1\/ [&hellip;]<\/p>\n","protected":false},"author":1,"featured_media":0,"comment_status":"open","ping_status":"open","sticky":false,"template":"","format":"standard","meta":{"site-sidebar-layout":"default","site-content-layout":"","ast-site-content-layout":"default","site-content-style":"default","site-sidebar-style":"default","ast-global-header-display":"","ast-banner-title-visibility":"","ast-main-header-display":"","ast-hfb-above-header-display":"","ast-hfb-below-header-display":"","ast-hfb-mobile-header-display":"","site-post-title":"","ast-breadcrumbs-content":"","ast-featured-img":"","footer-sml-layout":"","theme-transparent-header-meta":"","adv-header-id-meta":"","stick-header-meta":"","header-above-stick-meta":"","header-main-stick-meta":"","header-below-stick-meta":"","astra-migrate-meta-layouts":"default","ast-page-background-enabled":"default","ast-page-background-meta":{"desktop":{"background-color":"var(--ast-global-color-4)","background-image":"","background-repeat":"repeat","background-position":"center center","background-size":"auto","background-attachment":"scroll","background-type":"","background-media":"","overlay-type":"","overlay-color":"","overlay-opacity":"","overlay-gradient":""},"tablet":{"background-color":"","background-image":"","background-repeat":"repeat","background-position":"center center","background-size":"auto","background-attachment":"scroll","background-type":"","background-media":"","overlay-type":"","overlay-color":"","overlay-opacity":"","overlay-gradient":""},"mobile":{"background-color":"","background-image":"","background-repeat":"repeat","background-position":"center center","background-size":"auto","background-attachment":"scroll","background-type":"","background-media":"","overlay-type":"","overlay-color":"","overlay-opacity":"","overlay-gradient":""}},"ast-content-background-meta":{"desktop":{"background-color":"var(--ast-global-color-5)","background-image":"","background-repeat":"repeat","background-position":"center center","background-size":"auto","background-attachment":"scroll","background-type":"","background-media":"","overlay-type":"","overlay-color":"","overlay-opacity":"","overlay-gradient":""},"tablet":{"background-color":"var(--ast-global-color-5)","background-image":"","background-repeat":"repeat","background-position":"center center","background-size":"auto","background-attachment":"scroll","background-type":"","background-media":"","overlay-type":"","overlay-color":"","overlay-opacity":"","overlay-gradient":""},"mobile":{"background-color":"var(--ast-global-color-5)","background-image":"","background-repeat":"repeat","background-position":"center center","background-size":"auto","background-attachment":"scroll","background-type":"","background-media":"","overlay-type":"","overlay-color":"","overlay-opacity":"","overlay-gradient":""}},"ngg_post_thumbnail":0,"jetpack_post_was_ever_published":false,"_jetpack_newsletter_access":"","_jetpack_dont_email_post_to_subs":false,"_jetpack_newsletter_tier_id":0,"_jetpack_memberships_contains_paywalled_content":false,"_jetpack_memberships_contains_paid_content":false,"footnotes":""},"categories":[33,11,9],"tags":[77],"class_list":["post-9163","post","type-post","status-publish","format-standard","hentry","category-twitter","category-literatur","category-politik","tag-tweetderwoche"],"jetpack_featured_media_url":"","jetpack_sharing_enabled":true,"jetpack_shortlink":"https:\/\/wp.me\/p4uzZ-2nN","jetpack-related-posts":[{"id":8133,"url":"https:\/\/textundblog.de\/?p=8133","url_meta":{"origin":9163,"position":0},"title":"1:0 f\u00fcr Boateng","author":"Markus","date":"6\/10\/2017","format":false,"excerpt":"Im sich gerade konstituierenden neuen Bundestag zeichnet sich ein Streit \u00fcber die kommende Sitzordnung ab. Niemand will dort neben der AfD sitzen. Dazu passend erinnert @gemuellert in seinem Tweet an das uns\u00e4gliche Nachbarschafts-Zitat von Rechtspopulist Gauland: https:\/\/twitter.com\/gemuellert\/status\/915596018925924354 Hier geht's zu den vergangenen Tweets der Woche.","rel":"","context":"In &quot;Bluesky&quot;","block_context":{"text":"Bluesky","link":"https:\/\/textundblog.de\/?cat=33"},"img":{"alt_text":"Tweet der Woche","src":"wp-images\/tweetderwoche2-200x96.jpg","width":350,"height":200},"classes":[]},{"id":10543,"url":"https:\/\/textundblog.de\/?p=10543","url_meta":{"origin":9163,"position":1},"title":"Die rechtsextremistische AfD will ein Europa der Vaterl\u00e4nder","author":"Markus","date":"30\/7\/2023","format":false,"excerpt":"Die AfD hat auf dem gerade stattfindenden Bundesparteitag in Magdeburg manifestiert, dass sie Europa zerschlagen will. Die rechtsextremistische Partei will zur\u00fcck zu einem Europa der Vaterl\u00e4nder (siehe SZ). Mehr gibt es zur Haltung der AfD zu Europa nicht zu sagen, als @hsussebach es im Tweet der Woche zum Ausdruck bringt:\u2026","rel":"","context":"In &quot;Literatur&quot;","block_context":{"text":"Literatur","link":"https:\/\/textundblog.de\/?cat=11"},"img":{"alt_text":"Tweet der Woche","src":"wp-images\/tweetderwoche2-200x96.jpg","width":350,"height":200},"classes":[]},{"id":10528,"url":"https:\/\/textundblog.de\/?p=10528","url_meta":{"origin":9163,"position":2},"title":"Mehrere Gr\u00fcnde f\u00fcr den Anstieg der rechtsextremen AfD","author":"Markus","date":"4\/6\/2023","format":false,"excerpt":"Viele machen sich zu Recht Sorgen \u00fcber das anhaltende Umfragehoch der rechtsextremen AfD. Die macht, au\u00dfer vom Ausnutzen des rechtsextremistischen Anteils an der Wahlbev\u00f6lkerung, genau gar nichts daf\u00fcr. Sie profitiert nur von den \u00c4ngsten, die sie sch\u00fcrt. Ein g\u00e4ngiges faschistisches Vorgehen. Dass es nicht nur einen Grund f\u00fcr den Anstieg\u2026","rel":"","context":"In &quot;Bluesky&quot;","block_context":{"text":"Bluesky","link":"https:\/\/textundblog.de\/?cat=33"},"img":{"alt_text":"Tweet der Woche","src":"wp-images\/tweetderwoche2-200x96.jpg","width":350,"height":200},"classes":[]},{"id":7449,"url":"https:\/\/textundblog.de\/?p=7449","url_meta":{"origin":9163,"position":3},"title":"Verfehlte Entzauberung","author":"Markus","date":"25\/11\/2016","format":false,"excerpt":"Schaut man sich diesen gut recherchierten mdr-Bericht \u00fcber die Verwicklung von AfD und NSU-nahen Kreisen in Zwickau an, oder betrachtet sich der Ergebnisse der Neue-Mitte-Studie der Friedrich-Ebert-Stiftung, die am Montag in der Stabi im Rahmen der Veranstaltung \u00abRechtsextreme Einstellungen in Deutschland 2016\u00bb vorgestellt wird (siehe dazu auch den Artikel im\u2026","rel":"","context":"In &quot;Bluesky&quot;","block_context":{"text":"Bluesky","link":"https:\/\/textundblog.de\/?cat=33"},"img":{"alt_text":"Tweet der Woche","src":"wp-images\/tweetderwoche2-200x96.jpg","width":350,"height":200},"classes":[]},{"id":8739,"url":"https:\/\/textundblog.de\/?p=8739","url_meta":{"origin":9163,"position":4},"title":"Klare Kante gegen Neonazis","author":"Markus","date":"1\/9\/2018","format":false,"excerpt":"An der Sprache der Neonazis und der AfD l\u00e4sst sich ablesen, dass in Chemnitz und weiteren Orten rechter Aufm\u00e4rsche keine sogenannten \u201ebesorgten B\u00fcrger\u201c auf die Stra\u00dfe gehen, sondern Rassisten und eben Neonazis. Die Germanistin Heidrun K\u00e4mper hat untersucht, wie sich die kaschierten Neonazis von der AfD der Sprache der Nationalsozialisten\u2026","rel":"","context":"In &quot;Bluesky&quot;","block_context":{"text":"Bluesky","link":"https:\/\/textundblog.de\/?cat=33"},"img":{"alt_text":"Tweet der Woche","src":"wp-images\/tweetderwoche2-200x96.jpg","width":350,"height":200},"classes":[]},{"id":7036,"url":"https:\/\/textundblog.de\/?p=7036","url_meta":{"origin":9163,"position":5},"title":"Was ist heute eigentlich &#8222;rechts&#8220;? Und wann m\u00fcssen wir etwas dagegen tun?","author":"Markus","date":"11\/3\/2016","format":false,"excerpt":"Man muss kein Hellseher sein, um vorher zu sagen, dass wir am Sonntag-Abend ab 18 Uhr mit schlimmen, wirklich schlimmen Wahlprognosen und wenig sp\u00e4ter mit furchtbaren, wirklich furchtbaren Wahlergebnissen bei den Landtagswahlen in Baden-W\u00fcrttemberg, Rheinland-Pfalz und Sachsen-Anhalt konfrontiert werden. Wie werden wir umgehen mit dem zu erwartenden Schock, dass mit\u2026","rel":"","context":"In &quot;Artikel&quot;","block_context":{"text":"Artikel","link":"https:\/\/textundblog.de\/?cat=5"},"img":{"alt_text":"Tweet der Woche","src":"wp-images\/tweetderwoche2-200x96.jpg","width":350,"height":200},"classes":[]}],"_links":{"self":[{"href":"https:\/\/textundblog.de\/index.php?rest_route=\/wp\/v2\/posts\/9163","targetHints":{"allow":["GET"]}}],"collection":[{"href":"https:\/\/textundblog.de\/index.php?rest_route=\/wp\/v2\/posts"}],"about":[{"href":"https:\/\/textundblog.de\/index.php?rest_route=\/wp\/v2\/types\/post"}],"author":[{"embeddable":true,"href":"https:\/\/textundblog.de\/index.php?rest_route=\/wp\/v2\/users\/1"}],"replies":[{"embeddable":true,"href":"https:\/\/textundblog.de\/index.php?rest_route=%2Fwp%2Fv2%2Fcomments&post=9163"}],"version-history":[{"count":0,"href":"https:\/\/textundblog.de\/index.php?rest_route=\/wp\/v2\/posts\/9163\/revisions"}],"wp:attachment":[{"href":"https:\/\/textundblog.de\/index.php?rest_route=%2Fwp%2Fv2%2Fmedia&parent=9163"}],"wp:term":[{"taxonomy":"category","embeddable":true,"href":"https:\/\/textundblog.de\/index.php?rest_route=%2Fwp%2Fv2%2Fcategories&post=9163"},{"taxonomy":"post_tag","embeddable":true,"href":"https:\/\/textundblog.de\/index.php?rest_route=%2Fwp%2Fv2%2Ftags&post=9163"}],"curies":[{"name":"wp","href":"https:\/\/api.w.org\/{rel}","templated":true}]}}