{"id":9128,"date":"2019-07-20T15:24:12","date_gmt":"2019-07-20T13:24:12","guid":{"rendered":"https:\/\/textundblog.de\/?p=9128"},"modified":"2019-07-20T15:29:07","modified_gmt":"2019-07-20T13:29:07","slug":"17-jahr-blondes-haar","status":"publish","type":"post","link":"https:\/\/textundblog.de\/?p=9128","title":{"rendered":"17 Jahr, blondes Haar?"},"content":{"rendered":"<p><a href=\"https:\/\/textundblog.de\/?tag=tweetderwoche\"> <img loading=\"lazy\" decoding=\"async\" src=\"wp-images\/tweetderwoche2-200x96.jpg\" alt=\"Tweet der Woche\" title=\"Tweet der Woche\" height=\"96\" width=\"200\" class=\"bildrechts\" \/><\/a> Wer einen Menschen neu kennen lernt, will nat\u00fcrlich so viel wie m\u00f6glich von ihr oder ihm erfahren. Der Tweet von <a href=\"https:\/\/twitter.com\/_meerblau\">@_meerblau<\/a> zum Thema <em>Daten<\/em> im zweiten Lebensabschnitt ist f\u00fcr mich der Tweet der Woche: <\/p>\n<blockquote class=\"twitter-tweet\" data-width=\"500\" data-dnt=\"true\">\n<p lang=\"de\" dir=\"ltr\">Kennenlernen \u00dc50:<br \/>&quot;Welche Haarfarbe hattest du fr\u00fcher?&quot;<\/p>\n<p>&mdash; blue (@_Meerblau) <a href=\"https:\/\/twitter.com\/_Meerblau\/status\/1151709414438723584?ref_src=twsrc%5Etfw\">July 18, 2019<\/a><\/p><\/blockquote>\n<p><script async src=\"https:\/\/platform.twitter.com\/widgets.js\" charset=\"utf-8\"><\/script><\/p>\n<p>Und hier noch das Lied zum Titel dieses Artikels:<\/p>\n<p><span class=\"embed-youtube\" style=\"text-align:center; display: block;\"><iframe loading=\"lazy\" class=\"youtube-player\" width=\"640\" height=\"360\" src=\"https:\/\/www.youtube.com\/embed\/nyUidVhX0rw?version=3&#038;rel=1&#038;showsearch=0&#038;showinfo=1&#038;iv_load_policy=1&#038;fs=1&#038;hl=de-DE&#038;autohide=2&#038;wmode=transparent\" allowfullscreen=\"true\" style=\"border:0;\" sandbox=\"allow-scripts allow-same-origin allow-popups allow-presentation allow-popups-to-escape-sandbox\"><\/iframe><\/span><\/p>\n<p>Hier geht&#8217;s zu den vergangenen <a href=\"https:\/\/textundblog.de\/?tag=tweetderwoche\">Tweets der Woche<\/a>.<\/p>\n","protected":false},"excerpt":{"rendered":"<p>Wer einen Menschen neu kennen lernt, will nat\u00fcrlich so viel wie m\u00f6glich von ihr oder ihm erfahren. Der Tweet von @_meerblau zum Thema Daten im zweiten Lebensabschnitt ist f\u00fcr mich der Tweet der Woche: Kennenlernen \u00dc50:&quot;Welche Haarfarbe hattest du fr\u00fcher?&quot; &mdash; blue (@_Meerblau) July 18, 2019 Und hier noch das Lied zum Titel dieses Artikels: [&hellip;]<\/p>\n","protected":false},"author":1,"featured_media":0,"comment_status":"open","ping_status":"open","sticky":false,"template":"","format":"standard","meta":{"site-sidebar-layout":"default","site-content-layout":"","ast-site-content-layout":"default","site-content-style":"default","site-sidebar-style":"default","ast-global-header-display":"","ast-banner-title-visibility":"","ast-main-header-display":"","ast-hfb-above-header-display":"","ast-hfb-below-header-display":"","ast-hfb-mobile-header-display":"","site-post-title":"","ast-breadcrumbs-content":"","ast-featured-img":"","footer-sml-layout":"","theme-transparent-header-meta":"","adv-header-id-meta":"","stick-header-meta":"","header-above-stick-meta":"","header-main-stick-meta":"","header-below-stick-meta":"","astra-migrate-meta-layouts":"default","ast-page-background-enabled":"default","ast-page-background-meta":{"desktop":{"background-color":"var(--ast-global-color-4)","background-image":"","background-repeat":"repeat","background-position":"center center","background-size":"auto","background-attachment":"scroll","background-type":"","background-media":"","overlay-type":"","overlay-color":"","overlay-opacity":"","overlay-gradient":""},"tablet":{"background-color":"","background-image":"","background-repeat":"repeat","background-position":"center center","background-size":"auto","background-attachment":"scroll","background-type":"","background-media":"","overlay-type":"","overlay-color":"","overlay-opacity":"","overlay-gradient":""},"mobile":{"background-color":"","background-image":"","background-repeat":"repeat","background-position":"center center","background-size":"auto","background-attachment":"scroll","background-type":"","background-media":"","overlay-type":"","overlay-color":"","overlay-opacity":"","overlay-gradient":""}},"ast-content-background-meta":{"desktop":{"background-color":"var(--ast-global-color-5)","background-image":"","background-repeat":"repeat","background-position":"center center","background-size":"auto","background-attachment":"scroll","background-type":"","background-media":"","overlay-type":"","overlay-color":"","overlay-opacity":"","overlay-gradient":""},"tablet":{"background-color":"var(--ast-global-color-5)","background-image":"","background-repeat":"repeat","background-position":"center center","background-size":"auto","background-attachment":"scroll","background-type":"","background-media":"","overlay-type":"","overlay-color":"","overlay-opacity":"","overlay-gradient":""},"mobile":{"background-color":"var(--ast-global-color-5)","background-image":"","background-repeat":"repeat","background-position":"center center","background-size":"auto","background-attachment":"scroll","background-type":"","background-media":"","overlay-type":"","overlay-color":"","overlay-opacity":"","overlay-gradient":""}},"ngg_post_thumbnail":0,"jetpack_post_was_ever_published":false,"_jetpack_newsletter_access":"","_jetpack_dont_email_post_to_subs":false,"_jetpack_newsletter_tier_id":0,"_jetpack_memberships_contains_paywalled_content":false,"_jetpack_memberships_contains_paid_content":false,"footnotes":""},"categories":[33,11],"tags":[77],"class_list":["post-9128","post","type-post","status-publish","format-standard","hentry","category-twitter","category-literatur","tag-tweetderwoche"],"jetpack_featured_media_url":"","jetpack_sharing_enabled":true,"jetpack_shortlink":"https:\/\/wp.me\/p4uzZ-2ne","jetpack-related-posts":[{"id":6666,"url":"https:\/\/textundblog.de\/?p=6666","url_meta":{"origin":9128,"position":0},"title":"Eine Woche voller Sorge um Frida endet gut","author":"Markus","date":"14\/6\/2015","format":false,"excerpt":"Ehe wir zum Tweet der Woche kommen, zwei Tweets als Epilog: https:\/\/twitter.com\/Giraffentiger\/status\/607687731620245504 https:\/\/twitter.com\/Giraffentiger\/status\/607687932279984128 Nicht nur die gute Frau @Giraffentiger, sondern die ganzen Timeline, die Frida kennt und liebt, war diese Woche voller Sorge. Kann die Geschichte, wie es um die Gesundheit der Prinzessin steht, sch\u00f6ner enden als mit diesem Tweet?\u2026","rel":"","context":"In &quot;Bluesky&quot;","block_context":{"text":"Bluesky","link":"https:\/\/textundblog.de\/?cat=33"},"img":{"alt_text":"Tweet der Woche","src":"wp-images\/tweetderwoche2-200x96.jpg","width":350,"height":200},"classes":[]},{"id":8515,"url":"https:\/\/textundblog.de\/?p=8515","url_meta":{"origin":9128,"position":1},"title":"Dobrindts dummdreiste Revolution","author":"Markus","date":"5\/1\/2018","format":false,"excerpt":"Der erste Tweet der Woche des neuen Jahres kommt von der wunderbaren @_popo_catepetl. https:\/\/twitter.com\/_popo_catepetl\/status\/949203561082163200 Und so gro\u00dfartig wie der Tweet ist auch das ihm zugrundeliegende Interview von Marietta Slomka, die dem dummdreisten Dobrindt nicht auf den Leim geht, sondern ihn regelrecht vorf\u00fchrt: https:\/\/youtu.be\/uAIG5cnXTW8 Hier geht's zu den vergangenen Tweets der\u2026","rel":"","context":"In &quot;Bluesky&quot;","block_context":{"text":"Bluesky","link":"https:\/\/textundblog.de\/?cat=33"},"img":{"alt_text":"Tweet der Woche","src":"wp-images\/tweetderwoche2-200x96.jpg","width":350,"height":200},"classes":[]},{"id":10181,"url":"https:\/\/textundblog.de\/?p=10181","url_meta":{"origin":9128,"position":2},"title":"Dreiworttweet als Antwort","author":"Markus","date":"5\/6\/2022","format":false,"excerpt":"Ein Tweet der Woche kann auch mal nur aus drei Worten bestehen und seinen Reiz aus der Antwort auf einen anderen Tweet ausmachen. So geschehen bei einer Antwort des @kh_gruenstadt: https:\/\/twitter.com\/kh_gruenstadt\/status\/1532303342558486529?s=21&t=gz7MACCHDsA9m0LiED5Fbw Da der Ausgangstweet gesch\u00fctzt ist, wird es erst verst\u00e4ndlich durch die Quelle @Wurzelspitze: https:\/\/twitter.com\/wurzelspitze\/status\/1532414277453238272?s=21&t=gz7MACCHDsA9m0LiED5Fbw Hier geht's zu den vergangenen\u2026","rel":"","context":"In &quot;Bluesky&quot;","block_context":{"text":"Bluesky","link":"https:\/\/textundblog.de\/?cat=33"},"img":{"alt_text":"Tweet der Woche","src":"wp-images\/tweetderwoche2-200x96.jpg","width":350,"height":200},"classes":[]},{"id":9034,"url":"https:\/\/textundblog.de\/?p=9034","url_meta":{"origin":9128,"position":3},"title":"Niklas Luhmanns Zettelk\u00e4sten online","author":"Markus","date":"13\/4\/2019","format":false,"excerpt":"Weil damit ein Wahnsinnsprojekt seinen Online-Gang verk\u00fcndet, geht der Tweet der Woche an das @LuhmannArchiv: https:\/\/twitter.com\/luhmannarchiv\/status\/1115148179517923328?s=21 Aus der im Tweet verlinkten Quelle Soziopolis: Zwar ist er [Niklas Luhmann] noch lange nicht vollst\u00e4ndig erschlossen, doch k\u00f6nnen die digitalisierten Anf\u00e4nge von Luhmanns Verzettelung der Welt jetzt von jedem Computerbildschirm der Welt aus\u2026","rel":"","context":"In &quot;Bluesky&quot;","block_context":{"text":"Bluesky","link":"https:\/\/textundblog.de\/?cat=33"},"img":{"alt_text":"Tweet der Woche","src":"wp-images\/tweetderwoche2-200x96.jpg","width":350,"height":200},"classes":[]},{"id":8632,"url":"https:\/\/textundblog.de\/?p=8632","url_meta":{"origin":9128,"position":4},"title":"Das DSGVO-Trinkspiel und die Twitter-Zeitmaschine f\u00fcr alte Hasen","author":"Markus","date":"25\/5\/2018","format":false,"excerpt":"Das war diese Woche vielleicht die beste Art, mit dem Wahnsinn rund um die #DSGVO umzugehen, einfach ein Trinkspiel draus machen. F\u00fcr mich ist der Vorschlag von @Ginsalabims jedenfalls der Tweet der Woche: https:\/\/twitter.com\/Ginsalabims\/status\/998951565024288778 W\u00e4hrend f\u00fcr die Twitterer (m\/w), die auch schon vor 10 Jahren auf Twitter unterwegs waren (ja,\u2026","rel":"","context":"In &quot;Bluesky&quot;","block_context":{"text":"Bluesky","link":"https:\/\/textundblog.de\/?cat=33"},"img":{"alt_text":"Tweet der Woche","src":"wp-images\/tweetderwoche2-200x96.jpg","width":350,"height":200},"classes":[]},{"id":6576,"url":"https:\/\/textundblog.de\/?p=6576","url_meta":{"origin":9128,"position":5},"title":"Tweet der Woche #SoFiVarouFake","author":"Markus","date":"20\/3\/2015","format":false,"excerpt":"Wenn ein Tweet es schafft, das Thema der Woche mit dem Thema des Tages zu kombinieren, hat er es doppelt verdient, als Tweet der Woche ausgezeichnet zu werden. Die herzlichste Gratulation f\u00fcr die bildliche Symbiose aus #VarouFake und #SoFi an @DanielPloetz: https:\/\/twitter.com\/DanielPloetz\/status\/578883519520206848 Hier geht's zu den vergangenen Tweets der Woche.","rel":"","context":"In &quot;Bluesky&quot;","block_context":{"text":"Bluesky","link":"https:\/\/textundblog.de\/?cat=33"},"img":{"alt_text":"Tweet der Woche","src":"wp-images\/tweetderwoche2-200x96.jpg","width":350,"height":200},"classes":[]}],"_links":{"self":[{"href":"https:\/\/textundblog.de\/index.php?rest_route=\/wp\/v2\/posts\/9128","targetHints":{"allow":["GET"]}}],"collection":[{"href":"https:\/\/textundblog.de\/index.php?rest_route=\/wp\/v2\/posts"}],"about":[{"href":"https:\/\/textundblog.de\/index.php?rest_route=\/wp\/v2\/types\/post"}],"author":[{"embeddable":true,"href":"https:\/\/textundblog.de\/index.php?rest_route=\/wp\/v2\/users\/1"}],"replies":[{"embeddable":true,"href":"https:\/\/textundblog.de\/index.php?rest_route=%2Fwp%2Fv2%2Fcomments&post=9128"}],"version-history":[{"count":0,"href":"https:\/\/textundblog.de\/index.php?rest_route=\/wp\/v2\/posts\/9128\/revisions"}],"wp:attachment":[{"href":"https:\/\/textundblog.de\/index.php?rest_route=%2Fwp%2Fv2%2Fmedia&parent=9128"}],"wp:term":[{"taxonomy":"category","embeddable":true,"href":"https:\/\/textundblog.de\/index.php?rest_route=%2Fwp%2Fv2%2Fcategories&post=9128"},{"taxonomy":"post_tag","embeddable":true,"href":"https:\/\/textundblog.de\/index.php?rest_route=%2Fwp%2Fv2%2Ftags&post=9128"}],"curies":[{"name":"wp","href":"https:\/\/api.w.org\/{rel}","templated":true}]}}