{"id":8842,"date":"2018-11-11T13:46:41","date_gmt":"2018-11-11T12:46:41","guid":{"rendered":"https:\/\/textundblog.de\/?p=8842"},"modified":"2018-11-11T13:46:41","modified_gmt":"2018-11-11T12:46:41","slug":"vermeintlich-inkonsequent","status":"publish","type":"post","link":"https:\/\/textundblog.de\/?p=8842","title":{"rendered":"Vermeintlich inkonsequent"},"content":{"rendered":"<p><a href=\"https:\/\/textundblog.de\/?tag=tweetderwoche\"> <img loading=\"lazy\" decoding=\"async\" src=\"wp-images\/tweetderwoche2-200x96.jpg\" alt=\"Tweet der Woche\" title=\"Tweet der Woche\" height=\"96\" width=\"200\" class=\"bildrechts\" \/><\/a>  Twitter ist auch ein Abbild der Absurdit\u00e4ten des Lebens. Wenn etwa eine Mutter von vermeintlichen Inkonsequenzen in der Erziehung berichtet. Ich schreibe bewusst &#8222;vermeintlich inkonsequent&#8220;, denn in der Erziehung blieb sie ja konsequent. Und sie hat einfach mal ein bisschen an sich gedacht und alles richtig gemacht. Dieser kleine Einblick von <a href=\"https:\/\/twitter.com\/MarleneHellene\/\">@MarleneHellene<\/a> in den Erziehungsalltag ist f\u00fcr mich der Tweet der Woche:<\/p>\n<blockquote class=\"twitter-tweet\" data-width=\"500\" data-dnt=\"true\">\n<p lang=\"de\" dir=\"ltr\">Nachdem ich den Vierj\u00e4hrigen m\u00fchsam davon \u00fcberzeugt habe, dass wir nachts um drei keinen Kuchen essen, war ich hellwach. <\/p>\n<p>Hab dann Kuchen gegessen.<\/p>\n<p>&mdash; Lilli Marlene (@MarleneHellene) <a href=\"https:\/\/twitter.com\/MarleneHellene\/status\/1060416170086592512?ref_src=twsrc%5Etfw\">November 8, 2018<\/a><\/p><\/blockquote>\n<p><script async src=\"https:\/\/platform.twitter.com\/widgets.js\" charset=\"utf-8\"><\/script><\/p>\n<p>Hier geht&#8217;s zu den vergangenen <a href=\"https:\/\/textundblog.de\/?tag=tweetderwoche\">Tweets der Woche<\/a>.<\/p>\n","protected":false},"excerpt":{"rendered":"<p>Twitter ist auch ein Abbild der Absurdit\u00e4ten des Lebens. Wenn etwa eine Mutter von vermeintlichen Inkonsequenzen in der Erziehung berichtet. Ich schreibe bewusst &#8222;vermeintlich inkonsequent&#8220;, denn in der Erziehung blieb sie ja konsequent. Und sie hat einfach mal ein bisschen an sich gedacht und alles richtig gemacht. Dieser kleine Einblick von @MarleneHellene in den Erziehungsalltag [&hellip;]<\/p>\n","protected":false},"author":1,"featured_media":0,"comment_status":"open","ping_status":"open","sticky":false,"template":"","format":"standard","meta":{"site-sidebar-layout":"default","site-content-layout":"","ast-site-content-layout":"default","site-content-style":"default","site-sidebar-style":"default","ast-global-header-display":"","ast-banner-title-visibility":"","ast-main-header-display":"","ast-hfb-above-header-display":"","ast-hfb-below-header-display":"","ast-hfb-mobile-header-display":"","site-post-title":"","ast-breadcrumbs-content":"","ast-featured-img":"","footer-sml-layout":"","theme-transparent-header-meta":"","adv-header-id-meta":"","stick-header-meta":"","header-above-stick-meta":"","header-main-stick-meta":"","header-below-stick-meta":"","astra-migrate-meta-layouts":"default","ast-page-background-enabled":"default","ast-page-background-meta":{"desktop":{"background-color":"var(--ast-global-color-4)","background-image":"","background-repeat":"repeat","background-position":"center center","background-size":"auto","background-attachment":"scroll","background-type":"","background-media":"","overlay-type":"","overlay-color":"","overlay-opacity":"","overlay-gradient":""},"tablet":{"background-color":"","background-image":"","background-repeat":"repeat","background-position":"center center","background-size":"auto","background-attachment":"scroll","background-type":"","background-media":"","overlay-type":"","overlay-color":"","overlay-opacity":"","overlay-gradient":""},"mobile":{"background-color":"","background-image":"","background-repeat":"repeat","background-position":"center center","background-size":"auto","background-attachment":"scroll","background-type":"","background-media":"","overlay-type":"","overlay-color":"","overlay-opacity":"","overlay-gradient":""}},"ast-content-background-meta":{"desktop":{"background-color":"var(--ast-global-color-5)","background-image":"","background-repeat":"repeat","background-position":"center center","background-size":"auto","background-attachment":"scroll","background-type":"","background-media":"","overlay-type":"","overlay-color":"","overlay-opacity":"","overlay-gradient":""},"tablet":{"background-color":"var(--ast-global-color-5)","background-image":"","background-repeat":"repeat","background-position":"center center","background-size":"auto","background-attachment":"scroll","background-type":"","background-media":"","overlay-type":"","overlay-color":"","overlay-opacity":"","overlay-gradient":""},"mobile":{"background-color":"var(--ast-global-color-5)","background-image":"","background-repeat":"repeat","background-position":"center center","background-size":"auto","background-attachment":"scroll","background-type":"","background-media":"","overlay-type":"","overlay-color":"","overlay-opacity":"","overlay-gradient":""}},"ngg_post_thumbnail":0,"jetpack_post_was_ever_published":false,"_jetpack_newsletter_access":"","_jetpack_dont_email_post_to_subs":false,"_jetpack_newsletter_tier_id":0,"_jetpack_memberships_contains_paywalled_content":false,"_jetpack_memberships_contains_paid_content":false,"footnotes":""},"categories":[33,11],"tags":[77],"class_list":["post-8842","post","type-post","status-publish","format-standard","hentry","category-twitter","category-literatur","tag-tweetderwoche"],"jetpack_featured_media_url":"","jetpack_sharing_enabled":true,"jetpack_shortlink":"https:\/\/wp.me\/p4uzZ-2iC","jetpack-related-posts":[{"id":10134,"url":"https:\/\/textundblog.de\/?p=10134","url_meta":{"origin":8842,"position":0},"title":"Mediale Generationensorge","author":"Markus","date":"6\/2\/2022","format":false,"excerpt":"Im Lauf des Lebens dreht sich die Richtung der Erziehung von Eltern und Kindern irgendwann um. Die Eltern-Generation, die gerade noch einen sorgenvollen Blick auf den exzessiven Umgang mit mobilen Endger\u00e4ten der Jugend geworfen hatte, hinterfragt nun kritisch den Smartphone-Einsatz der \u00c4lteren. Beispielhaft beobachtet im Tweet der Woche vom @diktator:\u2026","rel":"","context":"In &quot;Bluesky&quot;","block_context":{"text":"Bluesky","link":"https:\/\/textundblog.de\/?cat=33"},"img":{"alt_text":"Tweet der Woche","src":"wp-images\/tweetderwoche2-200x96.jpg","width":350,"height":200},"classes":[]},{"id":4763,"url":"https:\/\/textundblog.de\/?p=4763","url_meta":{"origin":8842,"position":1},"title":"Tweet der Woche: Das R\u00e4tsel hinter der Autokorrektur","author":"Markus","date":"29\/6\/2012","format":false,"excerpt":"Ich muss schon sagen, @der_handwerk versteht sein selbiges. Seine Tweets bereiten - nicht nur mir - h\u00e4ufig eine besondere Freude. Diese Woche hat er einen publiziert, den ich zum \u00abTweet der Woche\u00bb k\u00fcren m\u00f6chte: Vermeintlich ganze drei W\u00f6rter der getwitterten Kurznachricht stehen da so, wie er sie wohl gemeint haben\u2026","rel":"","context":"In &quot;Bluesky&quot;","block_context":{"text":"Bluesky","link":"https:\/\/textundblog.de\/?cat=33"},"img":{"alt_text":"Tweet der Woche von @der_handwerk","src":"https:\/\/i0.wp.com\/textundblog.de\/wp-content\/%40der_handwerk-tdw062012.png?resize=350%2C200&ssl=1","width":350,"height":200},"classes":[]},{"id":7430,"url":"https:\/\/textundblog.de\/?p=7430","url_meta":{"origin":8842,"position":2},"title":"USA: die Wahl des geringeren \u00dcbels","author":"Markus","date":"4\/11\/2016","format":false,"excerpt":"Ich bin ehrlich gesagt froh, wenn die Wahl in den Vereinigten Staaten vorbei ist. Eines ist doch jetzt schon klar: sie ist die Wahl des geringeren \u00dcbels. Es geht gar nicht um einen Sieg einer\/s vermeintlich besseren Kandidaten\/in, sondern um die Verhinderung des\/r Schlechteren. Mit diesem Tweet von @littlewisehen, und\u2026","rel":"","context":"In &quot;Bluesky&quot;","block_context":{"text":"Bluesky","link":"https:\/\/textundblog.de\/?cat=33"},"img":{"alt_text":"Tweet der Woche","src":"wp-images\/tweetderwoche2-200x96.jpg","width":350,"height":200},"classes":[]},{"id":7269,"url":"https:\/\/textundblog.de\/?p=7269","url_meta":{"origin":8842,"position":3},"title":"Wider die loyale Schizophrenie","author":"Markus","date":"12\/8\/2016","format":false,"excerpt":"Im Rahmen der vermeintlichen Terrorabwehr laufen einige Sicherheitsfanatiker aus dem Lager der CDU\/CSU zu trauriger H\u00f6chstform auf und stellen die irrsinnigsten Forderungen in Raum. Zum Teil sogar gegen besseres Wissen, einzig mit dem Ziel, Stimmen am rechten Rand zu fischen. Nichts finde ich widerlicher als diesen kalkulierten Populismus. Da haben\u2026","rel":"","context":"In &quot;Bluesky&quot;","block_context":{"text":"Bluesky","link":"https:\/\/textundblog.de\/?cat=33"},"img":{"alt_text":"Tweet der Woche","src":"wp-images\/tweetderwoche2-200x96.jpg","width":350,"height":200},"classes":[]},{"id":6262,"url":"https:\/\/textundblog.de\/?p=6262","url_meta":{"origin":8842,"position":4},"title":"Pareidolia \u2013 eine eigene Welt auf Twitter","author":"Markus","date":"15\/8\/2014","format":false,"excerpt":"Wisst ihr, was Pareidolie ist? Nein? Ich wusste es bis gestern auch nicht. Darauf gesto\u00dfen bin ich bei der Recherche nach dem Hashtag #pareidoliaproject. In der Wikipedia lernen wir: Pareidolie \u2026 bezeichnet das Ph\u00e4nomen, in Dingen und Mustern vermeintliche Gesichter und vertraute Wesen oder Gegenst\u00e4nde zu erkennen. Statt Tweet der\u2026","rel":"","context":"In &quot;Bluesky&quot;","block_context":{"text":"Bluesky","link":"https:\/\/textundblog.de\/?cat=33"},"img":{"alt_text":"Tweet der Woche","src":"wp-images\/tweetderwoche2-200x96.jpg","width":350,"height":200},"classes":[]},{"id":6967,"url":"https:\/\/textundblog.de\/?p=6967","url_meta":{"origin":8842,"position":5},"title":"Neugierde auf h\u00f6chstem Niveau","author":"Markus","date":"23\/1\/2016","format":false,"excerpt":"Der Tweet der Woche ist in dieser Woche ein Bild. Das von @augusrodri geteilte Foto ist nicht nur ein Schnappschuss eines goldigen Babys und eines kleinen Jungen, sondern zeigt so wunderbar die nat\u00fcrliche Affinit\u00e4t der nun heranwachsenden Generation zu digitaler Kultur und mobilen Endger\u00e4ten. Das spanische Wort curiosidad hei\u00dft Neugierde.\u2026","rel":"","context":"In &quot;Bluesky&quot;","block_context":{"text":"Bluesky","link":"https:\/\/textundblog.de\/?cat=33"},"img":{"alt_text":"Tweet der Woche","src":"wp-images\/tweetderwoche2-200x96.jpg","width":350,"height":200},"classes":[]}],"_links":{"self":[{"href":"https:\/\/textundblog.de\/index.php?rest_route=\/wp\/v2\/posts\/8842","targetHints":{"allow":["GET"]}}],"collection":[{"href":"https:\/\/textundblog.de\/index.php?rest_route=\/wp\/v2\/posts"}],"about":[{"href":"https:\/\/textundblog.de\/index.php?rest_route=\/wp\/v2\/types\/post"}],"author":[{"embeddable":true,"href":"https:\/\/textundblog.de\/index.php?rest_route=\/wp\/v2\/users\/1"}],"replies":[{"embeddable":true,"href":"https:\/\/textundblog.de\/index.php?rest_route=%2Fwp%2Fv2%2Fcomments&post=8842"}],"version-history":[{"count":0,"href":"https:\/\/textundblog.de\/index.php?rest_route=\/wp\/v2\/posts\/8842\/revisions"}],"wp:attachment":[{"href":"https:\/\/textundblog.de\/index.php?rest_route=%2Fwp%2Fv2%2Fmedia&parent=8842"}],"wp:term":[{"taxonomy":"category","embeddable":true,"href":"https:\/\/textundblog.de\/index.php?rest_route=%2Fwp%2Fv2%2Fcategories&post=8842"},{"taxonomy":"post_tag","embeddable":true,"href":"https:\/\/textundblog.de\/index.php?rest_route=%2Fwp%2Fv2%2Ftags&post=8842"}],"curies":[{"name":"wp","href":"https:\/\/api.w.org\/{rel}","templated":true}]}}