{"id":8758,"date":"2018-09-15T13:44:41","date_gmt":"2018-09-15T11:44:41","guid":{"rendered":"https:\/\/textundblog.de\/?p=8758"},"modified":"2018-09-15T13:48:51","modified_gmt":"2018-09-15T11:48:51","slug":"vorstandsverdrossenheit","status":"publish","type":"post","link":"https:\/\/textundblog.de\/?p=8758","title":{"rendered":"Vorstandsverdrossenheit"},"content":{"rendered":"<p><a href=\"https:\/\/textundblog.de\/?tag=tweetderwoche\"> <img loading=\"lazy\" decoding=\"async\" src=\"wp-images\/tweetderwoche2-200x96.jpg\" alt=\"Tweet der Woche\" title=\"Tweet der Woche\" height=\"96\" width=\"200\" class=\"bildrechts\" \/><\/a> Von wegen, die Jugend sei politisch desinteressiert. Jan B\u00f6hmermann (<a href=\"https:\/\/twitter.com\/janboehm\/\">@janboehm<\/a>) dreht den Spie\u00df um und fragt, wie man zum Beispiel den Vorstand der SPD wieder f\u00fcr Politik begeistern k\u00f6nne. F\u00fcr mich der Tweet der Woche: <\/p>\n<p>https:\/\/twitter.com\/janboehm\/status\/1040134383653593088?s=21<\/p>\n<p>Hier geht&#8217;s zu den vergangenen <a href=\"https:\/\/textundblog.de\/?tag=tweetderwoche\">Tweets der Woche<\/a>.<\/p>\n","protected":false},"excerpt":{"rendered":"<p>Von wegen, die Jugend sei politisch desinteressiert. Jan B\u00f6hmermann (@janboehm) dreht den Spie\u00df um und fragt, wie man zum Beispiel den Vorstand der SPD wieder f\u00fcr Politik begeistern k\u00f6nne. F\u00fcr mich der Tweet der Woche: https:\/\/twitter.com\/janboehm\/status\/1040134383653593088?s=21 Hier geht&#8217;s zu den vergangenen Tweets der Woche.<\/p>\n","protected":false},"author":1,"featured_media":0,"comment_status":"open","ping_status":"open","sticky":false,"template":"","format":"standard","meta":{"site-sidebar-layout":"default","site-content-layout":"","ast-site-content-layout":"default","site-content-style":"default","site-sidebar-style":"default","ast-global-header-display":"","ast-banner-title-visibility":"","ast-main-header-display":"","ast-hfb-above-header-display":"","ast-hfb-below-header-display":"","ast-hfb-mobile-header-display":"","site-post-title":"","ast-breadcrumbs-content":"","ast-featured-img":"","footer-sml-layout":"","theme-transparent-header-meta":"","adv-header-id-meta":"","stick-header-meta":"","header-above-stick-meta":"","header-main-stick-meta":"","header-below-stick-meta":"","astra-migrate-meta-layouts":"default","ast-page-background-enabled":"default","ast-page-background-meta":{"desktop":{"background-color":"var(--ast-global-color-4)","background-image":"","background-repeat":"repeat","background-position":"center center","background-size":"auto","background-attachment":"scroll","background-type":"","background-media":"","overlay-type":"","overlay-color":"","overlay-opacity":"","overlay-gradient":""},"tablet":{"background-color":"","background-image":"","background-repeat":"repeat","background-position":"center center","background-size":"auto","background-attachment":"scroll","background-type":"","background-media":"","overlay-type":"","overlay-color":"","overlay-opacity":"","overlay-gradient":""},"mobile":{"background-color":"","background-image":"","background-repeat":"repeat","background-position":"center center","background-size":"auto","background-attachment":"scroll","background-type":"","background-media":"","overlay-type":"","overlay-color":"","overlay-opacity":"","overlay-gradient":""}},"ast-content-background-meta":{"desktop":{"background-color":"var(--ast-global-color-5)","background-image":"","background-repeat":"repeat","background-position":"center center","background-size":"auto","background-attachment":"scroll","background-type":"","background-media":"","overlay-type":"","overlay-color":"","overlay-opacity":"","overlay-gradient":""},"tablet":{"background-color":"var(--ast-global-color-5)","background-image":"","background-repeat":"repeat","background-position":"center center","background-size":"auto","background-attachment":"scroll","background-type":"","background-media":"","overlay-type":"","overlay-color":"","overlay-opacity":"","overlay-gradient":""},"mobile":{"background-color":"var(--ast-global-color-5)","background-image":"","background-repeat":"repeat","background-position":"center center","background-size":"auto","background-attachment":"scroll","background-type":"","background-media":"","overlay-type":"","overlay-color":"","overlay-opacity":"","overlay-gradient":""}},"ngg_post_thumbnail":0,"jetpack_post_was_ever_published":false,"_jetpack_newsletter_access":"","_jetpack_dont_email_post_to_subs":false,"_jetpack_newsletter_tier_id":0,"_jetpack_memberships_contains_paywalled_content":false,"_jetpack_memberships_contains_paid_content":false,"footnotes":""},"categories":[33,11,9],"tags":[77],"class_list":["post-8758","post","type-post","status-publish","format-standard","hentry","category-twitter","category-literatur","category-politik","tag-tweetderwoche"],"jetpack_featured_media_url":"","jetpack_sharing_enabled":true,"jetpack_shortlink":"https:\/\/wp.me\/p4uzZ-2hg","jetpack-related-posts":[{"id":6500,"url":"https:\/\/textundblog.de\/?p=6500","url_meta":{"origin":8758,"position":0},"title":"Tweet der Woche: #JeSuisCharlie","author":"Markus","date":"9\/1\/2015","format":false,"excerpt":"Selbstverst\u00e4ndlich kann es in dieser Woche nur einen Tweet der Woche geben, stellvertretend f\u00fcr all die Millionen Tweets, die mit dem in der Geschichte von Twitter bisher mit am h\u00e4ufigsten gebrauchten Hashtag #JeSuisCharlie (Quelle) geschrieben wurden. Verfasst wurde der Tweet der Woche von @joachimroncin. Die Geschichte dahinter erkl\u00e4rt die SZ\u2026","rel":"","context":"In &quot;Bluesky&quot;","block_context":{"text":"Bluesky","link":"https:\/\/textundblog.de\/?cat=33"},"img":{"alt_text":"Tweet der Woche","src":"wp-images\/tweetderwoche2-200x96.jpg","width":350,"height":200},"classes":[]},{"id":5575,"url":"https:\/\/textundblog.de\/?p=5575","url_meta":{"origin":8758,"position":1},"title":"Tweet der Woche \u2013 Die Sonntagsfrage","author":"Markus","date":"6\/9\/2013","format":false,"excerpt":"Zugegeben, der Tweet der Woche kommt in letzter Zeit h\u00e4ufig aus dem Bereich der Politik. Ich bin nun mal ein politischer Mensch. Doch dieses Mal soll ein unpolitischer Tweet zum Zuge kommen,\u2026 obwohl?\u2026 Lest einfach selbst, was f\u00fcr mich das getwitterte Highlight der Woche war, am heutigen Freitag ver\u00f6ffentlicht von\u2026","rel":"","context":"In &quot;Bluesky&quot;","block_context":{"text":"Bluesky","link":"https:\/\/textundblog.de\/?cat=33"},"img":{"alt_text":"","src":"https:\/\/i0.wp.com\/textundblog.de\/wp-content\/armarius-tdw092013.png?resize=350%2C200&ssl=1","width":350,"height":200},"classes":[]},{"id":4922,"url":"https:\/\/textundblog.de\/?p=4922","url_meta":{"origin":8758,"position":2},"title":"Tweet der Woche: Dieser Stuhl ist schon besetzt","author":"Markus","date":"31\/8\/2012","format":false,"excerpt":"Der aktuelle us-amerikanische Pr\u00e4sident hat schon vor der letzten US-Wahl - zusammengefasst von 2006 bis 2008 im Dossier \u00abBarack Obama \u2013 Der Kandidat und das Netz\u00bb - gezeigt, wie man das Netz f\u00fcr politische Kampagnen einsetzt. Er tut es auch jetzt, als um die Wiederwahl k\u00e4mpfender Amtsinhaber. Indem er etwa\u2026","rel":"","context":"In &quot;Bluesky&quot;","block_context":{"text":"Bluesky","link":"https:\/\/textundblog.de\/?cat=33"},"img":{"alt_text":"Tweet der Woche","src":"wp-images\/tweetderwoche2-200x96.jpg","width":350,"height":200},"classes":[]},{"id":8739,"url":"https:\/\/textundblog.de\/?p=8739","url_meta":{"origin":8758,"position":3},"title":"Klare Kante gegen Neonazis","author":"Markus","date":"1\/9\/2018","format":false,"excerpt":"An der Sprache der Neonazis und der AfD l\u00e4sst sich ablesen, dass in Chemnitz und weiteren Orten rechter Aufm\u00e4rsche keine sogenannten \u201ebesorgten B\u00fcrger\u201c auf die Stra\u00dfe gehen, sondern Rassisten und eben Neonazis. Die Germanistin Heidrun K\u00e4mper hat untersucht, wie sich die kaschierten Neonazis von der AfD der Sprache der Nationalsozialisten\u2026","rel":"","context":"In &quot;Bluesky&quot;","block_context":{"text":"Bluesky","link":"https:\/\/textundblog.de\/?cat=33"},"img":{"alt_text":"Tweet der Woche","src":"wp-images\/tweetderwoche2-200x96.jpg","width":350,"height":200},"classes":[]},{"id":5293,"url":"https:\/\/textundblog.de\/?p=5293","url_meta":{"origin":8758,"position":4},"title":"Tweet der Woche: Gro\u00dfes Kino zum Armutsbericht","author":"Markus","date":"8\/3\/2013","format":false,"excerpt":"\u00abDie Einkommensspreizung hat zugenommen.\u00bb, stand im Entwurf des Armuts- und Reichtumsberichtes der Bundesregierung. Das gefiel der FDP nicht. Nun steht in der Endfassung des Textes das genaue Gegenteil: \u00abDie Ungleichheit der Einkommen nimmt derzeit ab.\u00bb H\u00f6rt sich doch - gerade im Wahljahr - auch viel besser an, oder? @BrunoGertKramm's Tweet\u2026","rel":"","context":"In &quot;Bluesky&quot;","block_context":{"text":"Bluesky","link":"https:\/\/textundblog.de\/?cat=33"},"img":{"alt_text":"Tweet der Woche","src":"wp-images\/tweetderwoche2-200x96.jpg","width":350,"height":200},"classes":[]},{"id":5717,"url":"https:\/\/textundblog.de\/?p=5717","url_meta":{"origin":8758,"position":5},"title":"Bundesparteitag der Piraten in Bremen \u2013 Raus aus dem Loch, rein in die Renaissance","author":"Markus","date":"1\/12\/2013","format":false,"excerpt":"Nach der Premiere neulich auf Landesebene (Landesparteitag der Piraten Hamburg) war ich an diesem Wochenende auf meinem ersten Bundesparteitag. Dem #bpt132 der Piratenpartei in Bremen. Aus Zeitgr\u00fcnden konnte ich nur gestern teilnehmen, habe aber den 2. Tag heute teilweise noch am Stream verfolgt. Hier mein gestern bereits spontan getwittertes Res\u00fcme:\u2026","rel":"","context":"In &quot;Foto&quot;","block_context":{"text":"Foto","link":"https:\/\/textundblog.de\/?cat=10"},"img":{"alt_text":"","src":"https:\/\/i0.wp.com\/textundblog.de\/wp-content\/bpt132-bremen-mp.jpg?resize=350%2C200&ssl=1","width":350,"height":200},"classes":[]}],"_links":{"self":[{"href":"https:\/\/textundblog.de\/index.php?rest_route=\/wp\/v2\/posts\/8758","targetHints":{"allow":["GET"]}}],"collection":[{"href":"https:\/\/textundblog.de\/index.php?rest_route=\/wp\/v2\/posts"}],"about":[{"href":"https:\/\/textundblog.de\/index.php?rest_route=\/wp\/v2\/types\/post"}],"author":[{"embeddable":true,"href":"https:\/\/textundblog.de\/index.php?rest_route=\/wp\/v2\/users\/1"}],"replies":[{"embeddable":true,"href":"https:\/\/textundblog.de\/index.php?rest_route=%2Fwp%2Fv2%2Fcomments&post=8758"}],"version-history":[{"count":0,"href":"https:\/\/textundblog.de\/index.php?rest_route=\/wp\/v2\/posts\/8758\/revisions"}],"wp:attachment":[{"href":"https:\/\/textundblog.de\/index.php?rest_route=%2Fwp%2Fv2%2Fmedia&parent=8758"}],"wp:term":[{"taxonomy":"category","embeddable":true,"href":"https:\/\/textundblog.de\/index.php?rest_route=%2Fwp%2Fv2%2Fcategories&post=8758"},{"taxonomy":"post_tag","embeddable":true,"href":"https:\/\/textundblog.de\/index.php?rest_route=%2Fwp%2Fv2%2Ftags&post=8758"}],"curies":[{"name":"wp","href":"https:\/\/api.w.org\/{rel}","templated":true}]}}