{"id":8581,"date":"2018-03-09T22:19:22","date_gmt":"2018-03-09T21:19:22","guid":{"rendered":"http:\/\/textundblog.de\/?p=8581"},"modified":"2018-03-09T22:19:22","modified_gmt":"2018-03-09T21:19:22","slug":"lakritzig-oder","status":"publish","type":"post","link":"https:\/\/textundblog.de\/?p=8581","title":{"rendered":"Lakritzig, oder?"},"content":{"rendered":"<p><a href=\"https:\/\/textundblog.de\/?tag=tweetderwoche\"> <img loading=\"lazy\" decoding=\"async\" src=\"wp-images\/tweetderwoche2-200x96.jpg\" alt=\"Tweet der Woche\" title=\"Tweet der Woche\" height=\"96\" width=\"200\" class=\"bildrechts\" \/><\/a> Vor der Vorstellung des Tweets der Woche die Frage: Wusstet ihr, warum Lakritz Lakritz hei\u00dft? <\/p>\n<blockquote><p>Lakritz = eingedickter S\u00fc\u00dfholzsaft (in Rollen\u2013 oder Stangenform) ? aus mlat. liquiricia \u201eS\u00fc\u00dfholzsaft\u201c (beeinflusst von lat. liquor \u201eFl\u00fcssigkeit\u201c), aus griech. glykyrrhiza \u201eS\u00fc\u00dfholz, S\u00fc\u00dfwurzel\u201c, aus griech. glykys \u201es\u00fc\u00df\u201c und griech. rhiza \u201eWurzel\u201c. (<a href=\"https:\/\/www.wissen.de\/wortherkunft\/lakritze\">Quelle<\/a>) <\/p><\/blockquote>\n<p>Nicht uninteressant, aber auch nicht witzig. Was ich aber wirklich <del datetime=\"2018-03-09T21:07:37+00:00\">lakritzig<\/del> witzig finde, ist dieser wunderbare, quasi gezeichnete Tweet von @kriegundfreitag:<\/p>\n<blockquote class=\"twitter-tweet\" data-width=\"500\" data-dnt=\"true\">\n<p lang=\"de\" dir=\"ltr\">Ich will nicht sagen, dass ich mich auf der Arbeit langweile, aber&#8230; <a href=\"https:\/\/t.co\/yacCB7Z4cR\">pic.twitter.com\/yacCB7Z4cR<\/a><\/p>\n<p>&mdash; kriegundfreitag.de (@kriegundfreitag) <a href=\"https:\/\/twitter.com\/kriegundfreitag\/status\/972197641013612544?ref_src=twsrc%5Etfw\">March 9, 2018<\/a><\/p><\/blockquote>\n<p><script async src=\"https:\/\/platform.twitter.com\/widgets.js\" charset=\"utf-8\"><\/script><\/p>\n<p>Hier geht&#8217;s zu den vergangenen <a href=\"https:\/\/textundblog.de\/?tag=tweetderwoche\">Tweets der Woche<\/a>.<\/p>\n","protected":false},"excerpt":{"rendered":"<p>Vor der Vorstellung des Tweets der Woche die Frage: Wusstet ihr, warum Lakritz Lakritz hei\u00dft? Lakritz = eingedickter S\u00fc\u00dfholzsaft (in Rollen\u2013 oder Stangenform) ? aus mlat. liquiricia \u201eS\u00fc\u00dfholzsaft\u201c (beeinflusst von lat. liquor \u201eFl\u00fcssigkeit\u201c), aus griech. glykyrrhiza \u201eS\u00fc\u00dfholz, S\u00fc\u00dfwurzel\u201c, aus griech. glykys \u201es\u00fc\u00df\u201c und griech. rhiza \u201eWurzel\u201c. (Quelle) Nicht uninteressant, aber auch nicht witzig. Was ich [&hellip;]<\/p>\n","protected":false},"author":1,"featured_media":0,"comment_status":"open","ping_status":"open","sticky":false,"template":"","format":"standard","meta":{"site-sidebar-layout":"default","site-content-layout":"","ast-site-content-layout":"default","site-content-style":"default","site-sidebar-style":"default","ast-global-header-display":"","ast-banner-title-visibility":"","ast-main-header-display":"","ast-hfb-above-header-display":"","ast-hfb-below-header-display":"","ast-hfb-mobile-header-display":"","site-post-title":"","ast-breadcrumbs-content":"","ast-featured-img":"","footer-sml-layout":"","theme-transparent-header-meta":"","adv-header-id-meta":"","stick-header-meta":"","header-above-stick-meta":"","header-main-stick-meta":"","header-below-stick-meta":"","astra-migrate-meta-layouts":"default","ast-page-background-enabled":"default","ast-page-background-meta":{"desktop":{"background-color":"var(--ast-global-color-4)","background-image":"","background-repeat":"repeat","background-position":"center center","background-size":"auto","background-attachment":"scroll","background-type":"","background-media":"","overlay-type":"","overlay-color":"","overlay-opacity":"","overlay-gradient":""},"tablet":{"background-color":"","background-image":"","background-repeat":"repeat","background-position":"center center","background-size":"auto","background-attachment":"scroll","background-type":"","background-media":"","overlay-type":"","overlay-color":"","overlay-opacity":"","overlay-gradient":""},"mobile":{"background-color":"","background-image":"","background-repeat":"repeat","background-position":"center center","background-size":"auto","background-attachment":"scroll","background-type":"","background-media":"","overlay-type":"","overlay-color":"","overlay-opacity":"","overlay-gradient":""}},"ast-content-background-meta":{"desktop":{"background-color":"var(--ast-global-color-5)","background-image":"","background-repeat":"repeat","background-position":"center center","background-size":"auto","background-attachment":"scroll","background-type":"","background-media":"","overlay-type":"","overlay-color":"","overlay-opacity":"","overlay-gradient":""},"tablet":{"background-color":"var(--ast-global-color-5)","background-image":"","background-repeat":"repeat","background-position":"center center","background-size":"auto","background-attachment":"scroll","background-type":"","background-media":"","overlay-type":"","overlay-color":"","overlay-opacity":"","overlay-gradient":""},"mobile":{"background-color":"var(--ast-global-color-5)","background-image":"","background-repeat":"repeat","background-position":"center center","background-size":"auto","background-attachment":"scroll","background-type":"","background-media":"","overlay-type":"","overlay-color":"","overlay-opacity":"","overlay-gradient":""}},"ngg_post_thumbnail":0,"jetpack_post_was_ever_published":false,"_jetpack_newsletter_access":"","_jetpack_dont_email_post_to_subs":false,"_jetpack_newsletter_tier_id":0,"_jetpack_memberships_contains_paywalled_content":false,"_jetpack_memberships_contains_paid_content":false,"footnotes":""},"categories":[33,11],"tags":[77],"class_list":["post-8581","post","type-post","status-publish","format-standard","hentry","category-twitter","category-literatur","tag-tweetderwoche"],"jetpack_featured_media_url":"","jetpack_sharing_enabled":true,"jetpack_shortlink":"https:\/\/wp.me\/p4uzZ-2ep","jetpack-related-posts":[{"id":9412,"url":"https:\/\/textundblog.de\/?p=9412","url_meta":{"origin":8581,"position":0},"title":"Koalas wiegen","author":"Markus","date":"3\/5\/2020","format":false,"excerpt":"Auf Twitter kann man so viel lernen. Zum Beispiel, wie man Baby-Koalas wiegt. F\u00fcr mich ist der Tweet von @wurzelmann der Tweet der Woche: https:\/\/twitter.com\/wurzelmann\/status\/1255226792341889027?s=21 Hier geht's zu den vergangenen Tweets der Woche.","rel":"","context":"In &quot;Bluesky&quot;","block_context":{"text":"Bluesky","link":"https:\/\/textundblog.de\/?cat=33"},"img":{"alt_text":"Tweet der Woche","src":"wp-images\/tweetderwoche2-200x96.jpg","width":350,"height":200},"classes":[]},{"id":10181,"url":"https:\/\/textundblog.de\/?p=10181","url_meta":{"origin":8581,"position":1},"title":"Dreiworttweet als Antwort","author":"Markus","date":"5\/6\/2022","format":false,"excerpt":"Ein Tweet der Woche kann auch mal nur aus drei Worten bestehen und seinen Reiz aus der Antwort auf einen anderen Tweet ausmachen. So geschehen bei einer Antwort des @kh_gruenstadt: https:\/\/twitter.com\/kh_gruenstadt\/status\/1532303342558486529?s=21&t=gz7MACCHDsA9m0LiED5Fbw Da der Ausgangstweet gesch\u00fctzt ist, wird es erst verst\u00e4ndlich durch die Quelle @Wurzelspitze: https:\/\/twitter.com\/wurzelspitze\/status\/1532414277453238272?s=21&t=gz7MACCHDsA9m0LiED5Fbw Hier geht's zu den vergangenen\u2026","rel":"","context":"In &quot;Bluesky&quot;","block_context":{"text":"Bluesky","link":"https:\/\/textundblog.de\/?cat=33"},"img":{"alt_text":"Tweet der Woche","src":"wp-images\/tweetderwoche2-200x96.jpg","width":350,"height":200},"classes":[]},{"id":5269,"url":"https:\/\/textundblog.de\/?p=5269","url_meta":{"origin":8581,"position":2},"title":"Tweet der Woche: Freitags nach eins","author":"Markus","date":"22\/2\/2013","format":false,"excerpt":"Den Blogartikel zur K\u00fcr des Tweets der Woche schreibe ich ja meist am Freitag Nachmittag. Dieser gerade eben erst von @linoas ver\u00f6ffentlichte Tweet passt wirklich sehr gut zu diesem Zeitpunkt am Ende der Arbeitswoche. Er spricht so viel Wahres an, und beschreibt gut diese Zeit, in der die Routine der\u2026","rel":"","context":"In &quot;Bluesky&quot;","block_context":{"text":"Bluesky","link":"https:\/\/textundblog.de\/?cat=33"},"img":{"alt_text":"Tweet der Woche","src":"wp-images\/tweetderwoche2-200x96.jpg","width":350,"height":200},"classes":[]},{"id":6823,"url":"https:\/\/textundblog.de\/?p=6823","url_meta":{"origin":8581,"position":3},"title":"Niemals vergessen","author":"Markus","date":"13\/11\/2015","format":false,"excerpt":"Wer sagt denn, dass der \u00abTweet der Woche\u00bb immer ein witziger sein muss? So sehr ich gerade den Humor auf Twitter sch\u00e4tze, so gut finde ich es, wenn's mal ein bisschen nachdenklicher wird. Die am 9. November gepostete Mahnung von @RafSteinberger ist leider aktueller denn je: https:\/\/twitter.com\/RafSteinberger\/status\/663611956704772096 Hier geht's zu\u2026","rel":"","context":"In &quot;Bluesky&quot;","block_context":{"text":"Bluesky","link":"https:\/\/textundblog.de\/?cat=33"},"img":{"alt_text":"Tweet der Woche","src":"wp-images\/tweetderwoche2-200x96.jpg","width":350,"height":200},"classes":[]},{"id":9818,"url":"https:\/\/textundblog.de\/?p=9818","url_meta":{"origin":8581,"position":4},"title":"Nicht nur die Zahnpastatube ist schuld","author":"Markus","date":"30\/5\/2021","format":false,"excerpt":"Die Scheidungsquote in Deutschland liegt momentan bei etwa 35 %. Einen der Gr\u00fcnde f\u00fcr das Ende einer Ehe stellt @kriegundfreitag im Tweet der Woche vor: https:\/\/twitter.com\/kriegundfreitag\/status\/1397621676301553665?s=21 Hier geht's zu den vergangenen Tweets der Woche.","rel":"","context":"In &quot;Bluesky&quot;","block_context":{"text":"Bluesky","link":"https:\/\/textundblog.de\/?cat=33"},"img":{"alt_text":"Tweet der Woche","src":"wp-images\/tweetderwoche2-200x96.jpg","width":350,"height":200},"classes":[]},{"id":5575,"url":"https:\/\/textundblog.de\/?p=5575","url_meta":{"origin":8581,"position":5},"title":"Tweet der Woche \u2013 Die Sonntagsfrage","author":"Markus","date":"6\/9\/2013","format":false,"excerpt":"Zugegeben, der Tweet der Woche kommt in letzter Zeit h\u00e4ufig aus dem Bereich der Politik. Ich bin nun mal ein politischer Mensch. Doch dieses Mal soll ein unpolitischer Tweet zum Zuge kommen,\u2026 obwohl?\u2026 Lest einfach selbst, was f\u00fcr mich das getwitterte Highlight der Woche war, am heutigen Freitag ver\u00f6ffentlicht von\u2026","rel":"","context":"In &quot;Bluesky&quot;","block_context":{"text":"Bluesky","link":"https:\/\/textundblog.de\/?cat=33"},"img":{"alt_text":"","src":"https:\/\/i0.wp.com\/textundblog.de\/wp-content\/armarius-tdw092013.png?resize=350%2C200&ssl=1","width":350,"height":200},"classes":[]}],"_links":{"self":[{"href":"https:\/\/textundblog.de\/index.php?rest_route=\/wp\/v2\/posts\/8581","targetHints":{"allow":["GET"]}}],"collection":[{"href":"https:\/\/textundblog.de\/index.php?rest_route=\/wp\/v2\/posts"}],"about":[{"href":"https:\/\/textundblog.de\/index.php?rest_route=\/wp\/v2\/types\/post"}],"author":[{"embeddable":true,"href":"https:\/\/textundblog.de\/index.php?rest_route=\/wp\/v2\/users\/1"}],"replies":[{"embeddable":true,"href":"https:\/\/textundblog.de\/index.php?rest_route=%2Fwp%2Fv2%2Fcomments&post=8581"}],"version-history":[{"count":0,"href":"https:\/\/textundblog.de\/index.php?rest_route=\/wp\/v2\/posts\/8581\/revisions"}],"wp:attachment":[{"href":"https:\/\/textundblog.de\/index.php?rest_route=%2Fwp%2Fv2%2Fmedia&parent=8581"}],"wp:term":[{"taxonomy":"category","embeddable":true,"href":"https:\/\/textundblog.de\/index.php?rest_route=%2Fwp%2Fv2%2Fcategories&post=8581"},{"taxonomy":"post_tag","embeddable":true,"href":"https:\/\/textundblog.de\/index.php?rest_route=%2Fwp%2Fv2%2Ftags&post=8581"}],"curies":[{"name":"wp","href":"https:\/\/api.w.org\/{rel}","templated":true}]}}