{"id":8530,"date":"2018-02-03T16:30:28","date_gmt":"2018-02-03T15:30:28","guid":{"rendered":"http:\/\/textundblog.de\/?p=8530"},"modified":"2018-02-03T16:30:28","modified_gmt":"2018-02-03T15:30:28","slug":"von-gewinnern-und-verlierern","status":"publish","type":"post","link":"https:\/\/textundblog.de\/?p=8530","title":{"rendered":"Von Gewinnern und Verlierern"},"content":{"rendered":"<p><a href=\"https:\/\/textundblog.de\/?tag=tweetderwoche\"> <img loading=\"lazy\" decoding=\"async\" src=\"wp-images\/tweetderwoche2-200x96.jpg\" alt=\"Tweet der Woche\" title=\"Tweet der Woche\" height=\"96\" width=\"200\" class=\"bildrechts\" \/><\/a> Die einen sind begeistert von Twitter und k\u00f6nnen sich eine sinnvolle Internetnutzung ohne den Kurznachrichtendienst gar nicht mehr vorstellen, die anderen verstehen den Sinn von Twitter nicht und halten es f\u00fcr unn\u00f6tig bzw. f\u00fcr eine Zeitverschwendung. Alle, die wie ich zu Ersteren geh\u00f6ren, verstehen diesen Tweet von <a href=\"https:\/\/twitter.com\/mkanleger\/\">@mkanleger<\/a> nur zu gut. In seiner so schlichten wie starken Aussage f\u00fcr mich der Tweet der Woche:<\/p>\n<blockquote class=\"twitter-tweet\" data-width=\"500\" data-dnt=\"true\">\n<p lang=\"de\" dir=\"ltr\">Wenn dir Twitter gef\u00e4llt, hast du schon verloren.<\/p>\n<p>&mdash; Ois Tschikago (@OisTschikago) <a href=\"https:\/\/twitter.com\/OisTschikago\/status\/959321154245738496?ref_src=twsrc%5Etfw\">February 2, 2018<\/a><\/p><\/blockquote>\n<p><script async src=\"https:\/\/platform.twitter.com\/widgets.js\" charset=\"utf-8\"><\/script><\/p>\n<p>Ob man auf Twitter Zeit gewinnt oder verliert, h\u00e4ngt immer vom pers\u00f6nlichen Nutzen ab. Wer Twitter gerne nutzt, empfindet es nat\u00fcrlich als Gewinn. Wem es nix bringt, und das ist ja vollkommen ok, gewinnt (oder investiert zumindest keine) Zeit.<\/p>\n<p>Hier geht&#8217;s zu den vergangenen <a href=\"https:\/\/textundblog.de\/?tag=tweetderwoche\">Tweets der Woche<\/a>.<\/p>\n","protected":false},"excerpt":{"rendered":"<p>Die einen sind begeistert von Twitter und k\u00f6nnen sich eine sinnvolle Internetnutzung ohne den Kurznachrichtendienst gar nicht mehr vorstellen, die anderen verstehen den Sinn von Twitter nicht und halten es f\u00fcr unn\u00f6tig bzw. f\u00fcr eine Zeitverschwendung. Alle, die wie ich zu Ersteren geh\u00f6ren, verstehen diesen Tweet von @mkanleger nur zu gut. In seiner so schlichten [&hellip;]<\/p>\n","protected":false},"author":1,"featured_media":0,"comment_status":"open","ping_status":"open","sticky":false,"template":"","format":"standard","meta":{"site-sidebar-layout":"default","site-content-layout":"","ast-site-content-layout":"default","site-content-style":"default","site-sidebar-style":"default","ast-global-header-display":"","ast-banner-title-visibility":"","ast-main-header-display":"","ast-hfb-above-header-display":"","ast-hfb-below-header-display":"","ast-hfb-mobile-header-display":"","site-post-title":"","ast-breadcrumbs-content":"","ast-featured-img":"","footer-sml-layout":"","theme-transparent-header-meta":"","adv-header-id-meta":"","stick-header-meta":"","header-above-stick-meta":"","header-main-stick-meta":"","header-below-stick-meta":"","astra-migrate-meta-layouts":"default","ast-page-background-enabled":"default","ast-page-background-meta":{"desktop":{"background-color":"var(--ast-global-color-4)","background-image":"","background-repeat":"repeat","background-position":"center center","background-size":"auto","background-attachment":"scroll","background-type":"","background-media":"","overlay-type":"","overlay-color":"","overlay-opacity":"","overlay-gradient":""},"tablet":{"background-color":"","background-image":"","background-repeat":"repeat","background-position":"center center","background-size":"auto","background-attachment":"scroll","background-type":"","background-media":"","overlay-type":"","overlay-color":"","overlay-opacity":"","overlay-gradient":""},"mobile":{"background-color":"","background-image":"","background-repeat":"repeat","background-position":"center center","background-size":"auto","background-attachment":"scroll","background-type":"","background-media":"","overlay-type":"","overlay-color":"","overlay-opacity":"","overlay-gradient":""}},"ast-content-background-meta":{"desktop":{"background-color":"var(--ast-global-color-5)","background-image":"","background-repeat":"repeat","background-position":"center center","background-size":"auto","background-attachment":"scroll","background-type":"","background-media":"","overlay-type":"","overlay-color":"","overlay-opacity":"","overlay-gradient":""},"tablet":{"background-color":"var(--ast-global-color-5)","background-image":"","background-repeat":"repeat","background-position":"center center","background-size":"auto","background-attachment":"scroll","background-type":"","background-media":"","overlay-type":"","overlay-color":"","overlay-opacity":"","overlay-gradient":""},"mobile":{"background-color":"var(--ast-global-color-5)","background-image":"","background-repeat":"repeat","background-position":"center center","background-size":"auto","background-attachment":"scroll","background-type":"","background-media":"","overlay-type":"","overlay-color":"","overlay-opacity":"","overlay-gradient":""}},"ngg_post_thumbnail":0,"jetpack_post_was_ever_published":false,"_jetpack_newsletter_access":"","_jetpack_dont_email_post_to_subs":false,"_jetpack_newsletter_tier_id":0,"_jetpack_memberships_contains_paywalled_content":false,"_jetpack_memberships_contains_paid_content":false,"footnotes":""},"categories":[33,11],"tags":[77],"class_list":["post-8530","post","type-post","status-publish","format-standard","hentry","category-twitter","category-literatur","tag-tweetderwoche"],"jetpack_featured_media_url":"","jetpack_sharing_enabled":true,"jetpack_shortlink":"https:\/\/wp.me\/p4uzZ-2dA","jetpack-related-posts":[{"id":4667,"url":"https:\/\/textundblog.de\/?p=4667","url_meta":{"origin":8530,"position":0},"title":"Tweet der Woche: Pro-Argument f\u00fcr Twitter-Skeptiker","author":"Markus","date":"20\/4\/2012","format":false,"excerpt":"Was ist Twitter? Zeitvertreib, fachlicher Informationskanal, Nachrichtenquelle, Quasselecke, Vernetzungs-Tool? F\u00fcr die meisten ist es all das zusammen, f\u00fcr manche stehen nur eine oder zwei der genannten Funktionen im Vordergrund, die anderen tolerieren sie mehr oder weniger. Kann man das denen vermitteln, die Twitter noch nicht kennen? So gut wie nicht.\u2026","rel":"","context":"In &quot;Bluesky&quot;","block_context":{"text":"Bluesky","link":"https:\/\/textundblog.de\/?cat=33"},"img":{"alt_text":"Tweet der Woche von @Limonenbiss","src":"https:\/\/i0.wp.com\/textundblog.de\/wp-content\/limonenbiss-tdw0412.png?resize=350%2C200&ssl=1","width":350,"height":200},"classes":[]},{"id":7421,"url":"https:\/\/textundblog.de\/?p=7421","url_meta":{"origin":8530,"position":1},"title":"Nahe stehen durch Worte","author":"Markus","date":"30\/10\/2016","format":false,"excerpt":"Der Tweet der Woche bringt eine Erfahrung zum Ausdruck, die viele, die Twitter \u00fcber l\u00e4ngere Zeit nutzen, fr\u00fcher oder sp\u00e4ter machen. Was @assenassenov hier in knappen Worten beschrieben hat, verstehen auch nur jene Menschen, die Twitter intensiv und \u00fcber einen l\u00e4ngeren Zeitraum nutzen. Ja, man kann einen Menschen nur durch\u2026","rel":"","context":"In &quot;Bluesky&quot;","block_context":{"text":"Bluesky","link":"https:\/\/textundblog.de\/?cat=33"},"img":{"alt_text":"Tweet der Woche","src":"wp-images\/tweetderwoche2-200x96.jpg","width":350,"height":200},"classes":[]},{"id":5751,"url":"https:\/\/textundblog.de\/?p=5751","url_meta":{"origin":8530,"position":2},"title":"Tweet der Woche: Die Non-Mention-Versteher","author":"Markus","date":"21\/12\/2013","format":false,"excerpt":"Ich meine Dich, doch ich nenne Dich nicht beim Namen. Non-Mention hei\u00dft das auf Twitter. Gut informierte Mitlesende wissen h\u00e4ufig wer gemeint ist. Den \u00abTweet der Woche\u00bb zu dieser Thematik d\u00fcrften nur Power-User von Twitter verstehen, oder? F\u00fcr die ist er aber auch um so passender, oder? Jedenfalls hat sie\u2026","rel":"","context":"In &quot;Bluesky&quot;","block_context":{"text":"Bluesky","link":"https:\/\/textundblog.de\/?cat=33"},"img":{"alt_text":"Tweet der Woche","src":"wp-images\/tweetderwoche2-200x96.jpg","width":350,"height":200},"classes":[]},{"id":6126,"url":"https:\/\/textundblog.de\/?p=6126","url_meta":{"origin":8530,"position":3},"title":"Kleiner Milchkaffee im wahren Leben","author":"Markus","date":"18\/7\/2014","format":false,"excerpt":"Da Gemeinschaften sich schnell auf Abk\u00fcrzungen einigen, die alle verstehen, ist es auch keine Besonderheit, dass Menschen auf Twitter viele Abk\u00fcrzungen verwenden. Macht ja auch Sinn, da hier die Menge der Zeichen systembedingt auf maximal 140 begrenzt ist. RT steht f\u00fcr Retweet, DM f\u00fcr Direct Message, MT f\u00fcr Modified Tweet,\u2026","rel":"","context":"In &quot;Bluesky&quot;","block_context":{"text":"Bluesky","link":"https:\/\/textundblog.de\/?cat=33"},"img":{"alt_text":"Tweet der Woche","src":"wp-images\/tweetderwoche2-200x96.jpg","width":350,"height":200},"classes":[]},{"id":6205,"url":"https:\/\/textundblog.de\/?p=6205","url_meta":{"origin":8530,"position":4},"title":"Hilf uns Dein Twitter-Erlebnis zu verstehen","author":"Markus","date":"1\/8\/2014","format":false,"excerpt":"Wer Twitter gerne nutzt, mag vor allem eines nicht: bevormundet zu werden oder in irgendeine Art Kampagne eingebunden zu werden. Auch und gerade nicht von Twitter selbst. Ein h\u00f6chst sensibles Thema, an dem der Kurznachrichtendienst bei der Suche nach neuen Twitterern bisher immer gerade so vorbeigeschrammt ist, ohne seine Stammnutzerschaft\u2026","rel":"","context":"In &quot;Bluesky&quot;","block_context":{"text":"Bluesky","link":"https:\/\/textundblog.de\/?cat=33"},"img":{"alt_text":"Tweet der Woche","src":"wp-images\/tweetderwoche2-200x96.jpg","width":350,"height":200},"classes":[]},{"id":7038,"url":"https:\/\/textundblog.de\/?p=7038","url_meta":{"origin":8530,"position":5},"title":"Twitter ist wahnsinnig. Gut.","author":"Markus","date":"18\/3\/2016","format":false,"excerpt":"Ich werde oft gefragt, warum ich Twitter so toll f\u00e4nde. Dann antworte ich ganz seri\u00f6s, dass ich auf Twitter unmittelbar und schnell an wertvolle Informationen komme. Dass ich in Realzeit sehen kann, welche Themen gerade andere besch\u00e4ftigen. Dass ich mich auf Twitter mit den mich interessierenden Communities vernetzen kann usw.\u2026","rel":"","context":"In &quot;Bluesky&quot;","block_context":{"text":"Bluesky","link":"https:\/\/textundblog.de\/?cat=33"},"img":{"alt_text":"Tweet der Woche","src":"wp-images\/tweetderwoche2-200x96.jpg","width":350,"height":200},"classes":[]}],"_links":{"self":[{"href":"https:\/\/textundblog.de\/index.php?rest_route=\/wp\/v2\/posts\/8530","targetHints":{"allow":["GET"]}}],"collection":[{"href":"https:\/\/textundblog.de\/index.php?rest_route=\/wp\/v2\/posts"}],"about":[{"href":"https:\/\/textundblog.de\/index.php?rest_route=\/wp\/v2\/types\/post"}],"author":[{"embeddable":true,"href":"https:\/\/textundblog.de\/index.php?rest_route=\/wp\/v2\/users\/1"}],"replies":[{"embeddable":true,"href":"https:\/\/textundblog.de\/index.php?rest_route=%2Fwp%2Fv2%2Fcomments&post=8530"}],"version-history":[{"count":0,"href":"https:\/\/textundblog.de\/index.php?rest_route=\/wp\/v2\/posts\/8530\/revisions"}],"wp:attachment":[{"href":"https:\/\/textundblog.de\/index.php?rest_route=%2Fwp%2Fv2%2Fmedia&parent=8530"}],"wp:term":[{"taxonomy":"category","embeddable":true,"href":"https:\/\/textundblog.de\/index.php?rest_route=%2Fwp%2Fv2%2Fcategories&post=8530"},{"taxonomy":"post_tag","embeddable":true,"href":"https:\/\/textundblog.de\/index.php?rest_route=%2Fwp%2Fv2%2Ftags&post=8530"}],"curies":[{"name":"wp","href":"https:\/\/api.w.org\/{rel}","templated":true}]}}