{"id":7973,"date":"2017-08-04T14:48:57","date_gmt":"2017-08-04T12:48:57","guid":{"rendered":"http:\/\/textundblog.de\/?p=7973"},"modified":"2017-08-05T01:07:10","modified_gmt":"2017-08-04T23:07:10","slug":"die-verlorene-kunst-des-mixtapes","status":"publish","type":"post","link":"https:\/\/textundblog.de\/?p=7973","title":{"rendered":"Die verlorene Kunst des Mixtapes"},"content":{"rendered":"<p><a href=\"https:\/\/textundblog.de\/?tag=tweetderwoche\"> <img loading=\"lazy\" decoding=\"async\" src=\"wp-images\/tweetderwoche2-200x96.jpg\" alt=\"Tweet der Woche\" title=\"Tweet der Woche\" height=\"96\" width=\"200\" class=\"bildrechts\" \/><\/a> Hinter dem sehr empfehlenswerten Twitter-Account <a href=\"https:\/\/twitter.com\/historyepics\/\">@historyepics<\/a> steckt <a href=\"http:\/\/themindcircle.com\/about\/\">TheMindCircle<\/a>. Knapp 388.000 Menschen (!) freuen sich auf den historischen <em>Content<\/em> in ihren <em>Timelines<\/em>. Diese Woche wurde dort einer beinahe in Vergessenheit geratenen Medien- und Kunstform eine feine Hommage gesetzt, die unbedingt mit dem \u00abTweet der Woche\u00bb ausgezeichnet werden muss, dem Mixtape: <\/p>\n<p>https:\/\/twitter.com\/historyepics\/status\/893312290895921154<\/p>\n<p>Was hatten wir (\u00c4lteren, h\u00fcstel) damals f\u00fcr einen Spa\u00df uns Kassetten aufzunehmen (oder zu verschenken), die liebevoll und individuell gestaltet waren. Sowohl was den Inhalt als auch und vor allem was die H\u00fclle betrifft. Auch das sehr sch\u00f6n beispielhaft zu sehen in obigem Bild. Wohl denen, die noch Audio-Kassetten und vor allem Abspielger\u00e4te haben. Pers\u00f6nlich aufgenommene Kassetten hab ich noch, mein <em>Tapedeck<\/em> hat aber vor ein paar Jahren den Geist aufgegeben, d.h. abspielen kann ich sie momentan nicht mehr.<\/p>\n<p>Hier geht&#8217;s zu den vergangenen <a href=\"https:\/\/textundblog.de\/?tag=tweetderwoche\">Tweets der Woche<\/a>.<\/p>\n","protected":false},"excerpt":{"rendered":"<p>Hinter dem sehr empfehlenswerten Twitter-Account @historyepics steckt TheMindCircle. Knapp 388.000 Menschen (!) freuen sich auf den historischen Content in ihren Timelines. Diese Woche wurde dort einer beinahe in Vergessenheit geratenen Medien- und Kunstform eine feine Hommage gesetzt, die unbedingt mit dem \u00abTweet der Woche\u00bb ausgezeichnet werden muss, dem Mixtape: https:\/\/twitter.com\/historyepics\/status\/893312290895921154 Was hatten wir (\u00c4lteren, h\u00fcstel) [&hellip;]<\/p>\n","protected":false},"author":1,"featured_media":0,"comment_status":"open","ping_status":"open","sticky":false,"template":"","format":"standard","meta":{"site-sidebar-layout":"default","site-content-layout":"","ast-site-content-layout":"default","site-content-style":"default","site-sidebar-style":"default","ast-global-header-display":"","ast-banner-title-visibility":"","ast-main-header-display":"","ast-hfb-above-header-display":"","ast-hfb-below-header-display":"","ast-hfb-mobile-header-display":"","site-post-title":"","ast-breadcrumbs-content":"","ast-featured-img":"","footer-sml-layout":"","theme-transparent-header-meta":"","adv-header-id-meta":"","stick-header-meta":"","header-above-stick-meta":"","header-main-stick-meta":"","header-below-stick-meta":"","astra-migrate-meta-layouts":"default","ast-page-background-enabled":"default","ast-page-background-meta":{"desktop":{"background-color":"var(--ast-global-color-4)","background-image":"","background-repeat":"repeat","background-position":"center center","background-size":"auto","background-attachment":"scroll","background-type":"","background-media":"","overlay-type":"","overlay-color":"","overlay-opacity":"","overlay-gradient":""},"tablet":{"background-color":"","background-image":"","background-repeat":"repeat","background-position":"center center","background-size":"auto","background-attachment":"scroll","background-type":"","background-media":"","overlay-type":"","overlay-color":"","overlay-opacity":"","overlay-gradient":""},"mobile":{"background-color":"","background-image":"","background-repeat":"repeat","background-position":"center center","background-size":"auto","background-attachment":"scroll","background-type":"","background-media":"","overlay-type":"","overlay-color":"","overlay-opacity":"","overlay-gradient":""}},"ast-content-background-meta":{"desktop":{"background-color":"var(--ast-global-color-5)","background-image":"","background-repeat":"repeat","background-position":"center center","background-size":"auto","background-attachment":"scroll","background-type":"","background-media":"","overlay-type":"","overlay-color":"","overlay-opacity":"","overlay-gradient":""},"tablet":{"background-color":"var(--ast-global-color-5)","background-image":"","background-repeat":"repeat","background-position":"center center","background-size":"auto","background-attachment":"scroll","background-type":"","background-media":"","overlay-type":"","overlay-color":"","overlay-opacity":"","overlay-gradient":""},"mobile":{"background-color":"var(--ast-global-color-5)","background-image":"","background-repeat":"repeat","background-position":"center center","background-size":"auto","background-attachment":"scroll","background-type":"","background-media":"","overlay-type":"","overlay-color":"","overlay-opacity":"","overlay-gradient":""}},"ngg_post_thumbnail":0,"jetpack_post_was_ever_published":false,"_jetpack_newsletter_access":"","_jetpack_dont_email_post_to_subs":false,"_jetpack_newsletter_tier_id":0,"_jetpack_memberships_contains_paywalled_content":false,"_jetpack_memberships_contains_paid_content":false,"footnotes":""},"categories":[33,11,7],"tags":[77],"class_list":["post-7973","post","type-post","status-publish","format-standard","hentry","category-twitter","category-literatur","category-musik","tag-tweetderwoche"],"jetpack_featured_media_url":"","jetpack_sharing_enabled":true,"jetpack_shortlink":"https:\/\/wp.me\/p4uzZ-24B","jetpack-related-posts":[{"id":813,"url":"https:\/\/textundblog.de\/?p=813","url_meta":{"origin":7973,"position":0},"title":"Mixtapes: Soundtrack des Lebens","author":"Markus","date":"16\/2\/2006","format":false,"excerpt":"Mixtapes sind der Soundtrack seines Lebens. Matthias Wagner schreibt ganz wunderbar \u00fcber selbstaufgenommene Musikkassetten und stellt die Frage, ob diese nostalgische private Aufnahmetechnik in Zeiten von iTunes in die Zukunft zu retten ist. Und was wird aus dem Mixtape als Idee, als Sammelbecken genialer Songs, als Z\u00fcndfunke f\u00fcr Fan-Karrieren, als\u2026","rel":"","context":"In &quot;Artikel&quot;","block_context":{"text":"Artikel","link":"https:\/\/textundblog.de\/?cat=5"},"img":{"alt_text":"Foto: Matthias Wagner, ersch. in 'mindestens haltbar'","src":"https:\/\/i0.wp.com\/www.textundblog.de\/wp-content\/instantillusiontape.jpg?resize=350%2C200","width":350,"height":200},"classes":[]},{"id":1907,"url":"https:\/\/textundblog.de\/?p=1907","url_meta":{"origin":7973,"position":1},"title":"Urbanes Mixtape von blog.rebellen.info","author":"Markus","date":"15\/11\/2007","format":false,"excerpt":"blog.rebellen.info presents: Urban Netaudio Mixtape Vol.1 pEtEr hat rebellisch gute Musik zusammengestellt und bietet sie euren Ohren zum H\u00f6ren und euren Rechnern zum Download an. Diese urbane Compilation (die sicherlich auch auf dem Land gut zu h\u00f6ren ist) werde ich alsbald auf meinem Palm immer h\u00f6rbar mit mir herumtragen. Alle\u2026","rel":"","context":"In &quot;Musik&quot;","block_context":{"text":"Musik","link":"https:\/\/textundblog.de\/?cat=7"},"img":{"alt_text":"blog.rebellen.info presents: Urban Netaudio Mixtape Vol.1","src":"https:\/\/i0.wp.com\/textundblog.de\/wp-content\/rebelleninfo-urban-netaudio.jpg?resize=350%2C200&ssl=1","width":350,"height":200},"classes":[]},{"id":2508,"url":"https:\/\/textundblog.de\/?p=2508","url_meta":{"origin":7973,"position":2},"title":"Der Herbst kann kommen: Early September Tape","author":"Markus","date":"14\/9\/2008","format":false,"excerpt":"Erinnert Ihr Euch noch an das Urban Netaudio Mixtape, das pEtEr Ende letzten Jahres ver\u00f6ffentlicht und zum Download zur Verf\u00fcgung gestellt hat? Nun gibt es wieder eine feine Kompilation aus dem Hause rebellen.info: Mit dem Early September Tape wird der Herbst musikalisch eingel\u00e4utet. Reinh\u00f6ren oder downloaden auf blog.rebellen.info. Danke pEtEr,\u2026","rel":"","context":"In &quot;Musik&quot;","block_context":{"text":"Musik","link":"https:\/\/textundblog.de\/?cat=7"},"img":{"alt_text":"Early September Tape","src":"https:\/\/i0.wp.com\/textundblog.de\/wp-content\/earlyseptembertape.jpg?resize=350%2C200&ssl=1","width":350,"height":200},"classes":[]},{"id":4626,"url":"https:\/\/textundblog.de\/?p=4626","url_meta":{"origin":7973,"position":3},"title":"\u00abThe Black Power Mixtape 1967-1975\u00bb auf Arte","author":"Markus","date":"3\/4\/2012","format":false,"excerpt":"http:\/\/youtu.be\/lXQxyYllXnM Habe die Doku \u00abThe Black Power Mixtape 1967-1975\u00bb \u00fcber die schwarze B\u00fcrgerrechtsbewegung im letzten Jahr auf der Berlinale gesehen. Morgen Abend (und in der Folge 7 Tage lang in der Arte-Mediathek) besteht die Chance sie auf Arte zu sehen. Morgen, am Mittwoch, den 4. April, von 22:20 - 23.20\u2026","rel":"","context":"In &quot;Musik&quot;","block_context":{"text":"Musik","link":"https:\/\/textundblog.de\/?cat=7"},"img":{"alt_text":"","src":"https:\/\/i0.wp.com\/img.youtube.com\/vi\/lXQxyYllXnM\/0.jpg?resize=350%2C200","width":350,"height":200},"classes":[]},{"id":4840,"url":"https:\/\/textundblog.de\/?p=4840","url_meta":{"origin":7973,"position":4},"title":"Hermann Hesse: \u00abDer Weg nach innen\u00bb","author":"Markus","date":"9\/8\/2012","format":false,"excerpt":"Er ist der Autor von \"Siddhartha\" und \"Steppenwolf\" wurde zum gefeierten Schriftsteller vieler junger Leser in den 60er und 70er Jahren - Hermann Hesse. Anl\u00e4sslich seines 50. Todestages zeigt ARTE ein filmisches Portr\u00e4t \u00fcber einen Menschen, der sein Leben lang, auch im Schreiben, auf der Suche war: nach sich selbst,\u2026","rel":"","context":"In &quot;Internet&quot;","block_context":{"text":"Internet","link":"https:\/\/textundblog.de\/?cat=4"},"img":{"alt_text":"","src":"","width":0,"height":0},"classes":[]},{"id":3837,"url":"https:\/\/textundblog.de\/?p=3837","url_meta":{"origin":7973,"position":5},"title":"Neues von Nortec Panoptica &#8211; Tweetwechsel mit LovRecs","author":"Markus","date":"11\/11\/2010","format":false,"excerpt":"Heute Nacht bzw. heute Morgen hatte ich einen sehr netten Tweetaustausch mit dem mexikanischen Plattenlabel LovRecs. Nachdem ich hier neulich schon im Blog auf diese gro\u00dfartige Band aus dem Norden Mexikos hinwies (im Artikel Nortec Panoptica Orchestra \u2013 Complejo de Amor), twitterte ich heute Nacht, dass Nortec Panoptica das komplette\u2026","rel":"","context":"In &quot;Musik&quot;","block_context":{"text":"Musik","link":"https:\/\/textundblog.de\/?cat=7"},"img":{"alt_text":"Nortec Panoptica Orchestra auf dem Plattenlabel LovRecs","src":"https:\/\/i0.wp.com\/textundblog.de\/wp-content\/panoptica-lovrecs.jpg?resize=350%2C200&ssl=1","width":350,"height":200},"classes":[]}],"_links":{"self":[{"href":"https:\/\/textundblog.de\/index.php?rest_route=\/wp\/v2\/posts\/7973","targetHints":{"allow":["GET"]}}],"collection":[{"href":"https:\/\/textundblog.de\/index.php?rest_route=\/wp\/v2\/posts"}],"about":[{"href":"https:\/\/textundblog.de\/index.php?rest_route=\/wp\/v2\/types\/post"}],"author":[{"embeddable":true,"href":"https:\/\/textundblog.de\/index.php?rest_route=\/wp\/v2\/users\/1"}],"replies":[{"embeddable":true,"href":"https:\/\/textundblog.de\/index.php?rest_route=%2Fwp%2Fv2%2Fcomments&post=7973"}],"version-history":[{"count":0,"href":"https:\/\/textundblog.de\/index.php?rest_route=\/wp\/v2\/posts\/7973\/revisions"}],"wp:attachment":[{"href":"https:\/\/textundblog.de\/index.php?rest_route=%2Fwp%2Fv2%2Fmedia&parent=7973"}],"wp:term":[{"taxonomy":"category","embeddable":true,"href":"https:\/\/textundblog.de\/index.php?rest_route=%2Fwp%2Fv2%2Fcategories&post=7973"},{"taxonomy":"post_tag","embeddable":true,"href":"https:\/\/textundblog.de\/index.php?rest_route=%2Fwp%2Fv2%2Ftags&post=7973"}],"curies":[{"name":"wp","href":"https:\/\/api.w.org\/{rel}","templated":true}]}}