{"id":7694,"date":"2017-01-10T17:14:05","date_gmt":"2017-01-10T16:14:05","guid":{"rendered":"http:\/\/textundblog.de\/?p=7694"},"modified":"2017-01-10T17:14:05","modified_gmt":"2017-01-10T16:14:05","slug":"in-joan-miro-inspirierte-animation-von-lorcas-romance-sonambulo","status":"publish","type":"post","link":"https:\/\/textundblog.de\/?p=7694","title":{"rendered":"In Joan Mir\u00f3 inspirierte Animation von Lorcas \u00abRomance Son\u00e1mbulo\u00bb"},"content":{"rendered":"<p><iframe loading=\"lazy\" src=\"https:\/\/player.vimeo.com\/video\/111910724\" width=\"640\" height=\"360\" frameborder=\"0\" webkitallowfullscreen mozallowfullscreen allowfullscreen><\/iframe><\/p>\n<p>Was f\u00fcr eine gro\u00dfartige Animation: \u00abThe Sleepwalker\u00bb (Der Schlafwandler) von Theodore Ushev. Der in Bulgarien geborene und in Kanada lebende Illustrator <a href=\"http:\/\/www.ushev.com\/?page_id=2\">Theodore Ushev<\/a> hat Garc\u00eda Lorcas Gedicht \u00abRomance Son\u00e1mbulo\u00bb in einer durch Joan Mir\u00f3 inspirierten Bildsprache animiert. Kann man sich mehrfach hintereinander anschauen, wirklich toll gemacht. Die fantastische Musik stammt von dem bulgarischen Komponisten <a href=\"https:\/\/en.wikipedia.org\/wiki\/Kottarashky\">Kottarashky<\/a>.<br \/>\n<!--more--><\/p>\n<p><img data-recalc-dims=\"1\" loading=\"lazy\" decoding=\"async\" data-attachment-id=\"7695\" data-permalink=\"https:\/\/textundblog.de\/?attachment_id=7695\" data-orig-file=\"https:\/\/i0.wp.com\/textundblog.de\/wp-content\/miro.jpg?fit=807%2C523&amp;ssl=1\" data-orig-size=\"807,523\" data-comments-opened=\"1\" data-image-meta=\"{&quot;aperture&quot;:&quot;0&quot;,&quot;credit&quot;:&quot;&quot;,&quot;camera&quot;:&quot;&quot;,&quot;caption&quot;:&quot;&quot;,&quot;created_timestamp&quot;:&quot;0&quot;,&quot;copyright&quot;:&quot;&quot;,&quot;focal_length&quot;:&quot;0&quot;,&quot;iso&quot;:&quot;0&quot;,&quot;shutter_speed&quot;:&quot;0&quot;,&quot;title&quot;:&quot;&quot;,&quot;orientation&quot;:&quot;0&quot;}\" data-image-title=\"miro\" data-image-description=\"\" data-image-caption=\"\" data-large-file=\"https:\/\/i0.wp.com\/textundblog.de\/wp-content\/miro.jpg?fit=807%2C523&amp;ssl=1\" title=\"miro\"  src=\"https:\/\/i0.wp.com\/textundblog.de\/wp-content\/miro.jpg?resize=807%2C523&#038;ssl=1\" alt=\"\" width=\"807\" height=\"523\" class=\"alignnone size-full wp-image-7695\" srcset=\"https:\/\/i0.wp.com\/textundblog.de\/wp-content\/miro.jpg?w=807&amp;ssl=1 807w, https:\/\/i0.wp.com\/textundblog.de\/wp-content\/miro.jpg?resize=300%2C194&amp;ssl=1 300w, https:\/\/i0.wp.com\/textundblog.de\/wp-content\/miro.jpg?resize=768%2C498&amp;ssl=1 768w\" sizes=\"auto, (max-width: 807px) 100vw, 807px\" \/><\/p>\n<p>Hier der Anfang von Lorcas \u00abRomance Son\u00e1mbulo\u00bb, das ganze Gedicht kann auf <a href=\"http:\/\/www.poesi.as\/index203.htm\">poesi.as<\/a> gelesen werden:<\/p>\n<blockquote><p>\nVerde que te quiero verde.<br \/>\nVerde viento. Verdes ramas.<br \/>\nEl barco sobre la mar<br \/>\ny el caballo en la monta\u00f1a.<br \/>\nCon la sombra en la cintura<br \/>\nella sue\u00f1a en su baranda,<br \/>\nverde carne, pelo verde,<br \/>\ncon ojos de fr\u00eda plata.<br \/>\nVerde que te quiero verde.<br \/>\nBajo la luna gitana,<br \/>\nlas cosas la est\u00e1n mirando<br \/>\ny ella no puede mirarlas [\u2026]<\/p><\/blockquote>\n<p>[via <a href=\"http:\/\/www.openculture.com\/2017\/01\/a-joan-miro-inspired-animation-of-federico-garcia-lorcas-poem-romance-sonambulo.html\">Open Culture<\/a>]<\/p>\n","protected":false},"excerpt":{"rendered":"<p>Was f\u00fcr eine gro\u00dfartige Animation: \u00abThe Sleepwalker\u00bb (Der Schlafwandler) von Theodore Ushev. Der in Bulgarien geborene und in Kanada lebende Illustrator Theodore Ushev hat Garc\u00eda Lorcas Gedicht \u00abRomance Son\u00e1mbulo\u00bb in einer durch Joan Mir\u00f3 inspirierten Bildsprache animiert. Kann man sich mehrfach hintereinander anschauen, wirklich toll gemacht. Die fantastische Musik stammt von dem bulgarischen Komponisten Kottarashky.<\/p>\n","protected":false},"author":1,"featured_media":0,"comment_status":"open","ping_status":"open","sticky":false,"template":"","format":"standard","meta":{"site-sidebar-layout":"default","site-content-layout":"","ast-site-content-layout":"default","site-content-style":"default","site-sidebar-style":"default","ast-global-header-display":"","ast-banner-title-visibility":"","ast-main-header-display":"","ast-hfb-above-header-display":"","ast-hfb-below-header-display":"","ast-hfb-mobile-header-display":"","site-post-title":"","ast-breadcrumbs-content":"","ast-featured-img":"","footer-sml-layout":"","theme-transparent-header-meta":"","adv-header-id-meta":"","stick-header-meta":"","header-above-stick-meta":"","header-main-stick-meta":"","header-below-stick-meta":"","astra-migrate-meta-layouts":"default","ast-page-background-enabled":"default","ast-page-background-meta":{"desktop":{"background-color":"var(--ast-global-color-4)","background-image":"","background-repeat":"repeat","background-position":"center center","background-size":"auto","background-attachment":"scroll","background-type":"","background-media":"","overlay-type":"","overlay-color":"","overlay-opacity":"","overlay-gradient":""},"tablet":{"background-color":"","background-image":"","background-repeat":"repeat","background-position":"center center","background-size":"auto","background-attachment":"scroll","background-type":"","background-media":"","overlay-type":"","overlay-color":"","overlay-opacity":"","overlay-gradient":""},"mobile":{"background-color":"","background-image":"","background-repeat":"repeat","background-position":"center center","background-size":"auto","background-attachment":"scroll","background-type":"","background-media":"","overlay-type":"","overlay-color":"","overlay-opacity":"","overlay-gradient":""}},"ast-content-background-meta":{"desktop":{"background-color":"var(--ast-global-color-5)","background-image":"","background-repeat":"repeat","background-position":"center center","background-size":"auto","background-attachment":"scroll","background-type":"","background-media":"","overlay-type":"","overlay-color":"","overlay-opacity":"","overlay-gradient":""},"tablet":{"background-color":"var(--ast-global-color-5)","background-image":"","background-repeat":"repeat","background-position":"center center","background-size":"auto","background-attachment":"scroll","background-type":"","background-media":"","overlay-type":"","overlay-color":"","overlay-opacity":"","overlay-gradient":""},"mobile":{"background-color":"var(--ast-global-color-5)","background-image":"","background-repeat":"repeat","background-position":"center center","background-size":"auto","background-attachment":"scroll","background-type":"","background-media":"","overlay-type":"","overlay-color":"","overlay-opacity":"","overlay-gradient":""}},"ngg_post_thumbnail":0,"jetpack_post_was_ever_published":false,"_jetpack_newsletter_access":"","_jetpack_dont_email_post_to_subs":false,"_jetpack_newsletter_tier_id":0,"_jetpack_memberships_contains_paywalled_content":false,"_jetpack_memberships_contains_paid_content":false,"footnotes":""},"categories":[11,8,18],"tags":[],"class_list":["post-7694","post","type-post","status-publish","format-standard","hentry","category-literatur","category-spanisch","category-video"],"jetpack_featured_media_url":"","jetpack_sharing_enabled":true,"jetpack_shortlink":"https:\/\/wp.me\/p4uzZ-206","jetpack-related-posts":[{"id":1106,"url":"https:\/\/textundblog.de\/?p=1106","url_meta":{"origin":7694,"position":0},"title":"Aufnahmen der Kanaren in Google Earth manipuliert?","author":"Markus","date":"30\/7\/2006","format":false,"excerpt":"Falls das stimmt, w\u00e4re es ein echter Skandal: Die Partei \u00abLos Verdes - Partido Verde Canario\u00bb (Die Gr\u00fcnen auf den Kanaren) beschuldigen die Kanarische Regionalregierung bei Google den Austausch von Satellitenaufnahmen erwirkt zu haben. W\u00e4hrend man auf Bildern vom 18.07.2006 noch die Verschandelung der Landschaft durch Bebauung sehen konnte (aus\u2026","rel":"","context":"In &quot;Internet&quot;","block_context":{"text":"Internet","link":"https:\/\/textundblog.de\/?cat=4"},"img":{"alt_text":"Google Maps Screenshot Costa Calma\/Fuerteventura","src":"https:\/\/i0.wp.com\/www.textundblog.de\/wp-content\/googlemapsscr30072006.jpg?resize=350%2C200","width":350,"height":200},"classes":[]},{"id":1963,"url":"https:\/\/textundblog.de\/?p=1963","url_meta":{"origin":7694,"position":1},"title":"40 spanischsprachige Blogempfehlungen f\u00fcr 2008","author":"Markus","date":"17\/12\/2007","format":false,"excerpt":"Jahresr\u00fcckblicke sind out. Da sie jedes Jahr fr\u00fcher beginnen, kann man sie Mitte Dezember kaum noch ertragen. Viel besser ist es da, sich mit Jahresvorausschauen zu besch\u00e4ftigen. F\u00fcr die vielf\u00e4ltige spanischsprachige Blogosph\u00e4re machen dies auf eCuaderno jedes Jahr Jos\u00e9 Lu\u00eds Orihuela und sein Experten-Team bestehend aus Man\u00f3lo von \u00abMangas Verdes\u00bb,\u2026","rel":"","context":"In &quot;Internet&quot;","block_context":{"text":"Internet","link":"https:\/\/textundblog.de\/?cat=4"},"img":{"alt_text":"40 spanischsprachige Blogempfehlungen f\u00fcr 2008","src":"https:\/\/i0.wp.com\/textundblog.de\/wp-content\/blogs2008.jpg?resize=350%2C200&ssl=1","width":350,"height":200},"classes":[]},{"id":1440,"url":"https:\/\/textundblog.de\/?p=1440","url_meta":{"origin":7694,"position":2},"title":"Real Academia de la Lengua 2.0","author":"Markus","date":"11\/2\/2007","format":false,"excerpt":"via Mangas Verdes","rel":"","context":"In &quot;Informationskompetenz&quot;","block_context":{"text":"Informationskompetenz","link":"https:\/\/textundblog.de\/?cat=16"},"img":{"alt_text":"Real Academia Espa\u00f1ola","src":"https:\/\/i0.wp.com\/textundblog.de\/wp-content\/raeweb20.jpg?resize=350%2C200&ssl=1","width":350,"height":200},"classes":[]},{"id":4131,"url":"https:\/\/textundblog.de\/?p=4131","url_meta":{"origin":7694,"position":3},"title":"Piste im Zeitraffer: Heavy Traffic","author":"Markus","date":"21\/5\/2011","format":false,"excerpt":"Direktlink YouTube Piste im Zeitraffer: Am genialsten ist es, wenn die Maschinen abheben: Elapsed Time: Heavy Traffic. Infos zu den Aufnahmen auf YouTube oder bei meiner Quelle Mangas Verdes.","rel":"","context":"In &quot;Video&quot;","block_context":{"text":"Video","link":"https:\/\/textundblog.de\/?cat=18"},"img":{"alt_text":"","src":"","width":0,"height":0},"classes":[]},{"id":1935,"url":"https:\/\/textundblog.de\/?p=1935","url_meta":{"origin":7694,"position":4},"title":"Spanische Nationalbibliothek zeigt Kunst in der Typographie","author":"Markus","date":"28\/11\/2007","format":false,"excerpt":"Die Spanische Nationalbibliothek zeigt eine Ausstellung \u00fcber Kunst in der Typographie und \u00fcber k\u00fcnstlerische Typographie. Kandinsky, Joan Mir\u00f3, Man Ray, Andy Warhol, Antoni Tapi\u00e8s und Eduardo Chillida geh\u00f6ren zu den 40 K\u00fcnstlern, deren Werke unter dem Titel \u00abArte en la Tipograf\u00eda y Tipograf\u00eda en el Arte\u00bb zu sehen sind. Die\u2026","rel":"","context":"In &quot;Literatur&quot;","block_context":{"text":"Literatur","link":"https:\/\/textundblog.de\/?cat=11"},"img":{"alt_text":"Ausstellungsbeispiel 'Arte y Tipograf\u00eda'","src":"https:\/\/i0.wp.com\/textundblog.de\/wp-content\/tipografiaphysis.jpg?resize=350%2C200&ssl=1","width":350,"height":200},"classes":[]},{"id":965,"url":"https:\/\/textundblog.de\/?p=965","url_meta":{"origin":7694,"position":5},"title":"Neue Version des Anti-Spam-Tools Akismet","author":"Markus","date":"26\/5\/2006","format":false,"excerpt":"Wie wichtig ein gutes Anti-Spam-Tool auch f\u00fcr Blogs ist, haben viele Blogger durch die aktuell enorm zunehmende Kommentarspam-Aktivit\u00e4t gerade wieder erfahren. Das in diesem Kontext f\u00fcr mit WordPress betriebene Blogs sehr zu empfehlende Tool Akismet hat nun eine neue Version (1.15) zum Download bereitgestellt, die im wesentlichen zwei Neuerungen mit\u2026","rel":"","context":"In &quot;Internet&quot;","block_context":{"text":"Internet","link":"https:\/\/textundblog.de\/?cat=4"},"img":{"alt_text":"","src":"","width":0,"height":0},"classes":[]}],"_links":{"self":[{"href":"https:\/\/textundblog.de\/index.php?rest_route=\/wp\/v2\/posts\/7694","targetHints":{"allow":["GET"]}}],"collection":[{"href":"https:\/\/textundblog.de\/index.php?rest_route=\/wp\/v2\/posts"}],"about":[{"href":"https:\/\/textundblog.de\/index.php?rest_route=\/wp\/v2\/types\/post"}],"author":[{"embeddable":true,"href":"https:\/\/textundblog.de\/index.php?rest_route=\/wp\/v2\/users\/1"}],"replies":[{"embeddable":true,"href":"https:\/\/textundblog.de\/index.php?rest_route=%2Fwp%2Fv2%2Fcomments&post=7694"}],"version-history":[{"count":0,"href":"https:\/\/textundblog.de\/index.php?rest_route=\/wp\/v2\/posts\/7694\/revisions"}],"wp:attachment":[{"href":"https:\/\/textundblog.de\/index.php?rest_route=%2Fwp%2Fv2%2Fmedia&parent=7694"}],"wp:term":[{"taxonomy":"category","embeddable":true,"href":"https:\/\/textundblog.de\/index.php?rest_route=%2Fwp%2Fv2%2Fcategories&post=7694"},{"taxonomy":"post_tag","embeddable":true,"href":"https:\/\/textundblog.de\/index.php?rest_route=%2Fwp%2Fv2%2Ftags&post=7694"}],"curies":[{"name":"wp","href":"https:\/\/api.w.org\/{rel}","templated":true}]}}