{"id":7353,"date":"2016-10-10T10:51:42","date_gmt":"2016-10-10T08:51:42","guid":{"rendered":"http:\/\/textundblog.de\/?p=7353"},"modified":"2016-10-10T21:53:08","modified_gmt":"2016-10-10T19:53:08","slug":"yann-tiersen-arte-kontert-live-aus-nantes","status":"publish","type":"post","link":"https:\/\/textundblog.de\/?p=7353","title":{"rendered":"Yann Tiersen &#8211; Arte-Kontert live aus Nantes"},"content":{"rendered":"<p><a href=\"https:\/\/i0.wp.com\/textundblog.de\/wp-content\/yanntiersen.jpg?ssl=1\"><img data-recalc-dims=\"1\" loading=\"lazy\" decoding=\"async\" data-attachment-id=\"7354\" data-permalink=\"https:\/\/textundblog.de\/?attachment_id=7354\" data-orig-file=\"https:\/\/i0.wp.com\/textundblog.de\/wp-content\/yanntiersen.jpg?fit=800%2C420&amp;ssl=1\" data-orig-size=\"800,420\" data-comments-opened=\"1\" data-image-meta=\"{&quot;aperture&quot;:&quot;0&quot;,&quot;credit&quot;:&quot;&quot;,&quot;camera&quot;:&quot;&quot;,&quot;caption&quot;:&quot;&quot;,&quot;created_timestamp&quot;:&quot;0&quot;,&quot;copyright&quot;:&quot;&quot;,&quot;focal_length&quot;:&quot;0&quot;,&quot;iso&quot;:&quot;0&quot;,&quot;shutter_speed&quot;:&quot;0&quot;,&quot;title&quot;:&quot;&quot;,&quot;orientation&quot;:&quot;0&quot;}\" data-image-title=\"Yann Tiersen &amp;#8211; live aus Nantes\" data-image-description=\"&lt;p&gt;Yann Tiersen &amp;#8211; live aus Nantes&lt;\/p&gt;\n\" data-image-caption=\"\" data-large-file=\"https:\/\/i0.wp.com\/textundblog.de\/wp-content\/yanntiersen.jpg?fit=800%2C420&amp;ssl=1\" title=\"Yann Tiersen - live aus Nantes\"  src=\"https:\/\/i0.wp.com\/textundblog.de\/wp-content\/yanntiersen.jpg?resize=800%2C420&#038;ssl=1\" alt=\"Yann Tiersen - live aus Nantes\" width=\"800\" height=\"420\" class=\"alignnone size-full wp-image-7354\" srcset=\"https:\/\/i0.wp.com\/textundblog.de\/wp-content\/yanntiersen.jpg?w=800&amp;ssl=1 800w, https:\/\/i0.wp.com\/textundblog.de\/wp-content\/yanntiersen.jpg?resize=300%2C158&amp;ssl=1 300w, https:\/\/i0.wp.com\/textundblog.de\/wp-content\/yanntiersen.jpg?resize=768%2C403&amp;ssl=1 768w\" sizes=\"auto, (max-width: 800px) 100vw, 800px\" \/><\/a><\/p>\n<p>Wer, wie ich, am Donnerstag nicht zum Konzert von <a href=\"https:\/\/de.wikipedia.org\/wiki\/Yann_Tiersen\">Yann Tiersen<\/a> in die <a href=\"https:\/\/de.wikipedia.org\/wiki\/Laeiszhalle\">Laeiszhalle<\/a> gehen kann, mag sich tr\u00f6sten mit diesem wunderbaren Konzert, das Arte gestern Abend live aus Nantes gestreamt hat und das man hier nachschauen kann:<br \/>\n<!--more--><\/p>\n<p><script type=\"text\/javascript\" src=\"http:\/\/www.arte.tv\/player\/v3\/embed.php?json_url=http%3A%2F%2Fconcert.arte.tv%2Fde%2Fplayer%2F62316&#038;lang=de_DE&#038;config=arte_concert&#038;width=720&#038;height=406\"><\/script><\/p>\n<p>Das neue Album \u00abEusa\u00bb gef\u00e4llt mir ausgesprochen gut und es ist eine wahre Freude es in diesem Konzert so eindr\u00fccklich und einf\u00fchlsam von Tiesren gespielt zu sehen.<\/p>\n<p><strong>Update 10.10.2016:<\/strong> Christian Beer hat mich auf <a href=\"https:\/\/twitter.com\/chbeer\/status\/785558175093317632\">Twitter<\/a> (deshalb liebe ich Twitter) auf diesen tollen Artikel zu neuen Album von Tiersen hingewiesen, in dem er sich von seiner Musik f\u00fcr den Film \u00abDie fabelhafte Welt der Am\u00e9lie\u00bb in Bezug auf Paris distanziert:<\/p>\n<blockquote><p>Am\u00e9lie war ein gro\u00dfer Erfolg, aber trotzdem: Paris mag ich \u00fcberhaupt nicht! Es ist vielleicht der Ort, den ich am meisten verabscheue auf der ganzen Welt! Die Vorstellung, dass die Leute meine Musik mit dieser Stadt verbinden, ist echt schmerzhaft! Ich spiele die Am\u00e9lie-Musik auch nie auf meinen Konzerten, obwohl ich immer wieder danach gefragt werde.<\/p><\/blockquote>\n<p>Weiter auf <a href=\"http:\/\/www.deutschlandradiokultur.de\/yann-tiersen-eusa-ein-album-voller-bretonischer-heimatliebe.2177.de.html?dram:article_id=367340\">Deutschlandradio Kultur<\/a>: Yann Tiersen: &#8222;EUSA&#8220; Ein Album voller bretonischer Heimatliebe.<\/p>\n","protected":false},"excerpt":{"rendered":"<p>Wer, wie ich, am Donnerstag nicht zum Konzert von Yann Tiersen in die Laeiszhalle gehen kann, mag sich tr\u00f6sten mit diesem wunderbaren Konzert, das Arte gestern Abend live aus Nantes gestreamt hat und das man hier nachschauen kann:<\/p>\n","protected":false},"author":1,"featured_media":0,"comment_status":"open","ping_status":"open","sticky":false,"template":"","format":"standard","meta":{"site-sidebar-layout":"default","site-content-layout":"","ast-site-content-layout":"default","site-content-style":"default","site-sidebar-style":"default","ast-global-header-display":"","ast-banner-title-visibility":"","ast-main-header-display":"","ast-hfb-above-header-display":"","ast-hfb-below-header-display":"","ast-hfb-mobile-header-display":"","site-post-title":"","ast-breadcrumbs-content":"","ast-featured-img":"","footer-sml-layout":"","theme-transparent-header-meta":"","adv-header-id-meta":"","stick-header-meta":"","header-above-stick-meta":"","header-main-stick-meta":"","header-below-stick-meta":"","astra-migrate-meta-layouts":"default","ast-page-background-enabled":"default","ast-page-background-meta":{"desktop":{"background-color":"var(--ast-global-color-4)","background-image":"","background-repeat":"repeat","background-position":"center center","background-size":"auto","background-attachment":"scroll","background-type":"","background-media":"","overlay-type":"","overlay-color":"","overlay-opacity":"","overlay-gradient":""},"tablet":{"background-color":"","background-image":"","background-repeat":"repeat","background-position":"center center","background-size":"auto","background-attachment":"scroll","background-type":"","background-media":"","overlay-type":"","overlay-color":"","overlay-opacity":"","overlay-gradient":""},"mobile":{"background-color":"","background-image":"","background-repeat":"repeat","background-position":"center center","background-size":"auto","background-attachment":"scroll","background-type":"","background-media":"","overlay-type":"","overlay-color":"","overlay-opacity":"","overlay-gradient":""}},"ast-content-background-meta":{"desktop":{"background-color":"var(--ast-global-color-5)","background-image":"","background-repeat":"repeat","background-position":"center center","background-size":"auto","background-attachment":"scroll","background-type":"","background-media":"","overlay-type":"","overlay-color":"","overlay-opacity":"","overlay-gradient":""},"tablet":{"background-color":"var(--ast-global-color-5)","background-image":"","background-repeat":"repeat","background-position":"center center","background-size":"auto","background-attachment":"scroll","background-type":"","background-media":"","overlay-type":"","overlay-color":"","overlay-opacity":"","overlay-gradient":""},"mobile":{"background-color":"var(--ast-global-color-5)","background-image":"","background-repeat":"repeat","background-position":"center center","background-size":"auto","background-attachment":"scroll","background-type":"","background-media":"","overlay-type":"","overlay-color":"","overlay-opacity":"","overlay-gradient":""}},"ngg_post_thumbnail":0,"jetpack_post_was_ever_published":false,"_jetpack_newsletter_access":"","_jetpack_dont_email_post_to_subs":true,"_jetpack_newsletter_tier_id":0,"_jetpack_memberships_contains_paywalled_content":false,"_jetpack_memberships_contains_paid_content":false,"footnotes":""},"categories":[7,18],"tags":[],"class_list":["post-7353","post","type-post","status-publish","format-standard","hentry","category-musik","category-video"],"jetpack_featured_media_url":"","jetpack_sharing_enabled":true,"jetpack_shortlink":"https:\/\/wp.me\/p4uzZ-1UB","jetpack-related-posts":[{"id":1136,"url":"https:\/\/textundblog.de\/?p=1136","url_meta":{"origin":7353,"position":0},"title":"Kurzfilm THE PIANO von Aidan Gibbons","author":"Markus","date":"15\/8\/2006","format":false,"excerpt":"Eine wundersch\u00f6ne Animation des Iren Aidan Gibbons. Die Musik kommt vom Bretonen Yann Tiersen (ja, das ist der von \u00abAm\u00e9lie\u00bb und \u00abGood bye, Lenin!\u00bb): \u00abComptine d'un autre \u00e9t\u00e9 (L'apr\u00e8s midi)\u00bb. Der Film ist schon von 2005, wurde sicherlich auch bereits mehrfach durch die Blogosph\u00e4re geschickt, doch mir ist er erst\u2026","rel":"","context":"In &quot;Kino&quot;","block_context":{"text":"Kino","link":"https:\/\/textundblog.de\/?cat=2"},"img":{"alt_text":"","src":"","width":0,"height":0},"classes":[]},{"id":7992,"url":"https:\/\/textundblog.de\/?p=7992","url_meta":{"origin":7353,"position":1},"title":"Faszinierende Doku: Human &#8211; Die Menschheit","author":"Markus","date":"31\/8\/2017","format":false,"excerpt":"Lange hat mich ein Dokumentarfilm nicht mehr so sehr bewegt wie \u00abHuman - Die Menschheit\u00bb von Yann Arthus-Bertrand. Der franz\u00f6sische Regisseur hat sage und schreibe 2.000 Interviews mit Menschen aus der ganzen Welt gef\u00fchrt, die aus ihrem Leben erz\u00e4hlen. Man sieht dabei immer das Gesicht dieser Menschen in Nahaufnahme, vor\u2026","rel":"","context":"In &quot;Kino&quot;","block_context":{"text":"Kino","link":"https:\/\/textundblog.de\/?cat=2"},"img":{"alt_text":"","src":"https:\/\/i0.wp.com\/textundblog.de\/wp-content\/human3.jpg?resize=350%2C200&ssl=1","width":350,"height":200,"srcset":"https:\/\/i0.wp.com\/textundblog.de\/wp-content\/human3.jpg?resize=350%2C200&ssl=1 1x, https:\/\/i0.wp.com\/textundblog.de\/wp-content\/human3.jpg?resize=525%2C300&ssl=1 1.5x, https:\/\/i0.wp.com\/textundblog.de\/wp-content\/human3.jpg?resize=700%2C400&ssl=1 2x"},"classes":[]},{"id":2561,"url":"https:\/\/textundblog.de\/?p=2561","url_meta":{"origin":7353,"position":2},"title":"Calexico Live Webcast","author":"Markus","date":"15\/10\/2008","format":false,"excerpt":"Das aktuelle Calexico-Album \u00abCarried To Dust\u00bb ist, wie ich gestern schon auf Twitter schrieb, ganz und gar gro\u00dfartig. Wer - wie ich - Fan der kalifornischen Band ist, d\u00fcrfte sich f\u00fcr diesen spontan anberaumten Calexico-Live-Webcast interessieren (aus Zeitknappheit zitiere ich hier die Pressemeldung von Fabchannel): LIVE WEBCAST CALEXICO KONZERT HEUTE\u2026","rel":"","context":"In &quot;Musik&quot;","block_context":{"text":"Musik","link":"https:\/\/textundblog.de\/?cat=7"},"img":{"alt_text":"Calexico - Carried To Dust","src":"https:\/\/i0.wp.com\/textundblog.de\/wp-content\/calexicocarrycover.jpg?resize=350%2C200&ssl=1","width":350,"height":200},"classes":[]},{"id":1925,"url":"https:\/\/textundblog.de\/?p=1925","url_meta":{"origin":7353,"position":3},"title":"&#8218;Esbj\u00f6rn Svensson Trio &#8211; Live in Hamburg&#8216; auf CD","author":"Markus","date":"22\/11\/2007","format":false,"excerpt":"Heute vor einem Jahr war ich mit einer Stammleserin von \u00abText & Blog\u00bb auf dem E.S.T.-Konzert in Hamburg. Morgen kommt dieses geniale Konzert auf CD raus. Eine Platte, die ich unbedingt haben muss: E.S.T. - Live in Hamburg. Wie gut mir das Konzert gefallen hat (und ich kann sagen, es\u2026","rel":"","context":"In &quot;Hamburg&quot;","block_context":{"text":"Hamburg","link":"https:\/\/textundblog.de\/?cat=15"},"img":{"alt_text":"e.s.t. live in hamburg","src":"https:\/\/i0.wp.com\/textundblog.de\/wp-content\/estliveinhh.jpg?resize=350%2C200&ssl=1","width":350,"height":200},"classes":[]},{"id":2699,"url":"https:\/\/textundblog.de\/?p=2699","url_meta":{"origin":7353,"position":4},"title":"Miss Li in Hamburg &#8211; Konzert in der Prinzenbar","author":"Markus","date":"15\/12\/2008","format":false,"excerpt":"Direktlink YouTube Vor \u00fcber einem Jahr hab ich die ganz und gar zauberhafte Linda Carlsson alias Miss Li schon mal in der Videotheke vorgestellt, mit ihrem gro\u00dfartigen Song \u00abOh Boy\u00bb. Unglaublich, aber wahr: Morgen, wird sie in Hamburg auftreten, und zwar in der Prinzenbar. Wie sagte Isa neulich? Kreisch! Ich\u2026","rel":"","context":"In &quot;Musik&quot;","block_context":{"text":"Musik","link":"https:\/\/textundblog.de\/?cat=7"},"img":{"alt_text":"Miss Li beim Konzert in der Prinzenbar am 15.12.08","src":"https:\/\/i0.wp.com\/textundblog.de\/wp-content\/missliprinzenbar.jpg?resize=350%2C200&ssl=1","width":350,"height":200},"classes":[]},{"id":3019,"url":"https:\/\/textundblog.de\/?p=3019","url_meta":{"origin":7353,"position":5},"title":"Rainald Grebe: Hongkongkonzert &#038; Sachsen","author":"Markus","date":"14\/6\/2009","format":false,"excerpt":"Direktlink YouTube Wer Brandenburg-Lieder singt, der kann auch Sachsen besingen. Hier zu sehen bei Rainald Grebes Auftritt neulich bei Kurt Kroemer. Ich hatte am Freitag in Hamburg das gro\u00dfe Vergn\u00fcgen Grebe zum ersten Mal live zu sehen, im Polittb\u00fcro, zusammen mit @robotronle, der mir eine Karte organisiert hat und dem\u2026","rel":"","context":"In &quot;Foto&quot;","block_context":{"text":"Foto","link":"https:\/\/textundblog.de\/?cat=10"},"img":{"alt_text":"Rainald Grebe","src":"https:\/\/i0.wp.com\/textundblog.de\/wp-content\/grebe-polittbuero.jpg?resize=350%2C200&ssl=1","width":350,"height":200},"classes":[]}],"_links":{"self":[{"href":"https:\/\/textundblog.de\/index.php?rest_route=\/wp\/v2\/posts\/7353","targetHints":{"allow":["GET"]}}],"collection":[{"href":"https:\/\/textundblog.de\/index.php?rest_route=\/wp\/v2\/posts"}],"about":[{"href":"https:\/\/textundblog.de\/index.php?rest_route=\/wp\/v2\/types\/post"}],"author":[{"embeddable":true,"href":"https:\/\/textundblog.de\/index.php?rest_route=\/wp\/v2\/users\/1"}],"replies":[{"embeddable":true,"href":"https:\/\/textundblog.de\/index.php?rest_route=%2Fwp%2Fv2%2Fcomments&post=7353"}],"version-history":[{"count":0,"href":"https:\/\/textundblog.de\/index.php?rest_route=\/wp\/v2\/posts\/7353\/revisions"}],"wp:attachment":[{"href":"https:\/\/textundblog.de\/index.php?rest_route=%2Fwp%2Fv2%2Fmedia&parent=7353"}],"wp:term":[{"taxonomy":"category","embeddable":true,"href":"https:\/\/textundblog.de\/index.php?rest_route=%2Fwp%2Fv2%2Fcategories&post=7353"},{"taxonomy":"post_tag","embeddable":true,"href":"https:\/\/textundblog.de\/index.php?rest_route=%2Fwp%2Fv2%2Ftags&post=7353"}],"curies":[{"name":"wp","href":"https:\/\/api.w.org\/{rel}","templated":true}]}}