{"id":7347,"date":"2016-10-07T15:58:12","date_gmt":"2016-10-07T13:58:12","guid":{"rendered":"http:\/\/textundblog.de\/?p=7347"},"modified":"2016-10-14T15:55:31","modified_gmt":"2016-10-14T13:55:31","slug":"denkzettelbastelanleitung-von-frau-ingeborch","status":"publish","type":"post","link":"https:\/\/textundblog.de\/?p=7347","title":{"rendered":"Denkzettelbastelanleitung von Frau Ingeborch"},"content":{"rendered":"<p><a href=\"https:\/\/textundblog.de\/?tag=tweetderwoche\"> <img loading=\"lazy\" decoding=\"async\" src=\"wp-images\/tweetderwoche2-200x96.jpg\" alt=\"Tweet der Woche\" title=\"Tweet der Woche\" height=\"96\" width=\"200\" class=\"bildrechts\" \/><\/a> Dank der tollen Bastelanleitung von Frau <a href=\"https:\/\/twitter.com\/Ingeborch\/\">@Ingeborch<\/a> kann man Autofahrern, die es mit dem Parkverbot auf Radwegen nicht so genau nehmen, einen sch\u00f6nen Denkzettel verpassen:<\/p>\n<blockquote class=\"twitter-tweet\" data-width=\"500\" data-dnt=\"true\">\n<p lang=\"de\" dir=\"ltr\">Autofahrern, die auf dem Gehsteig parken, lege ich gern 1 Morgengru\u00df unter den Scheibenwischer. <a href=\"https:\/\/t.co\/cbyh4R4dpc\">pic.twitter.com\/cbyh4R4dpc<\/a><\/p>\n<p>&mdash; ?u??qo??? ?????????? (@Ingeborch) <a href=\"https:\/\/twitter.com\/Ingeborch\/status\/783914930131070976?ref_src=twsrc%5Etfw\">October 6, 2016<\/a><\/p><\/blockquote>\n<p><script async src=\"https:\/\/platform.twitter.com\/widgets.js\" charset=\"utf-8\"><\/script><\/p>\n<p>Hier geht&#8217;s zu den vergangenen <a href=\"https:\/\/textundblog.de\/?tag=tweetderwoche\">Tweets der Woche<\/a>.<\/p>\n","protected":false},"excerpt":{"rendered":"<p>Dank der tollen Bastelanleitung von Frau @Ingeborch kann man Autofahrern, die es mit dem Parkverbot auf Radwegen nicht so genau nehmen, einen sch\u00f6nen Denkzettel verpassen: Autofahrern, die auf dem Gehsteig parken, lege ich gern 1 Morgengru\u00df unter den Scheibenwischer. pic.twitter.com\/cbyh4R4dpc &mdash; ?u??qo??? ?????????? (@Ingeborch) October 6, 2016 Hier geht&#8217;s zu den vergangenen Tweets der Woche.<\/p>\n","protected":false},"author":1,"featured_media":0,"comment_status":"open","ping_status":"open","sticky":false,"template":"","format":"standard","meta":{"site-sidebar-layout":"default","site-content-layout":"","ast-site-content-layout":"default","site-content-style":"default","site-sidebar-style":"default","ast-global-header-display":"","ast-banner-title-visibility":"","ast-main-header-display":"","ast-hfb-above-header-display":"","ast-hfb-below-header-display":"","ast-hfb-mobile-header-display":"","site-post-title":"","ast-breadcrumbs-content":"","ast-featured-img":"","footer-sml-layout":"","theme-transparent-header-meta":"","adv-header-id-meta":"","stick-header-meta":"","header-above-stick-meta":"","header-main-stick-meta":"","header-below-stick-meta":"","astra-migrate-meta-layouts":"default","ast-page-background-enabled":"default","ast-page-background-meta":{"desktop":{"background-color":"var(--ast-global-color-4)","background-image":"","background-repeat":"repeat","background-position":"center center","background-size":"auto","background-attachment":"scroll","background-type":"","background-media":"","overlay-type":"","overlay-color":"","overlay-opacity":"","overlay-gradient":""},"tablet":{"background-color":"","background-image":"","background-repeat":"repeat","background-position":"center center","background-size":"auto","background-attachment":"scroll","background-type":"","background-media":"","overlay-type":"","overlay-color":"","overlay-opacity":"","overlay-gradient":""},"mobile":{"background-color":"","background-image":"","background-repeat":"repeat","background-position":"center center","background-size":"auto","background-attachment":"scroll","background-type":"","background-media":"","overlay-type":"","overlay-color":"","overlay-opacity":"","overlay-gradient":""}},"ast-content-background-meta":{"desktop":{"background-color":"var(--ast-global-color-5)","background-image":"","background-repeat":"repeat","background-position":"center center","background-size":"auto","background-attachment":"scroll","background-type":"","background-media":"","overlay-type":"","overlay-color":"","overlay-opacity":"","overlay-gradient":""},"tablet":{"background-color":"var(--ast-global-color-5)","background-image":"","background-repeat":"repeat","background-position":"center center","background-size":"auto","background-attachment":"scroll","background-type":"","background-media":"","overlay-type":"","overlay-color":"","overlay-opacity":"","overlay-gradient":""},"mobile":{"background-color":"var(--ast-global-color-5)","background-image":"","background-repeat":"repeat","background-position":"center center","background-size":"auto","background-attachment":"scroll","background-type":"","background-media":"","overlay-type":"","overlay-color":"","overlay-opacity":"","overlay-gradient":""}},"ngg_post_thumbnail":0,"jetpack_post_was_ever_published":false,"_jetpack_newsletter_access":"","_jetpack_dont_email_post_to_subs":true,"_jetpack_newsletter_tier_id":0,"_jetpack_memberships_contains_paywalled_content":false,"_jetpack_memberships_contains_paid_content":false,"footnotes":""},"categories":[33,11],"tags":[77],"class_list":["post-7347","post","type-post","status-publish","format-standard","hentry","category-twitter","category-literatur","tag-tweetderwoche"],"jetpack_featured_media_url":"","jetpack_sharing_enabled":true,"jetpack_shortlink":"https:\/\/wp.me\/p4uzZ-1Uv","jetpack-related-posts":[{"id":1182,"url":"https:\/\/textundblog.de\/?p=1182","url_meta":{"origin":7347,"position":0},"title":"Xuletas: spanische Spickzettel 2.0","author":"Markus","date":"10\/9\/2006","format":false,"excerpt":"Mit dem Wort \u00abchuletas\u00bb sind im spanischen zwei Dinge gemeint: im gastronomischen Bereich sind es die Koteletts, im schulischen die Spickzettel. Zwei findige Sch\u00fcler aus Cartagena (Fernando Jos\u00e9 P\u00e9rez und F\u00e9derico Javier Mar\u00edn, beide 17) haben diesen Evergreen der Klausurvorbereitung ins web2.0 \u00fcberf\u00fchrt. Umbenannt in das gleichlautende \u00abxuletas\u00bb, ein modernes\u2026","rel":"","context":"In &quot;Internet&quot;","block_context":{"text":"Internet","link":"https:\/\/textundblog.de\/?cat=4"},"img":{"alt_text":"Xuletas - spanische Spickzettel 2.0","src":"https:\/\/i0.wp.com\/www.textundblog.de\/wp-content\/xuletas.jpg?resize=350%2C200","width":350,"height":200},"classes":[]},{"id":924,"url":"https:\/\/textundblog.de\/?p=924","url_meta":{"origin":7347,"position":1},"title":"BadeCue &#8211; Grillen im Wasser","author":"Markus","date":"26\/4\/2006","format":false,"excerpt":"Grillen im Rettungsring: BadeCue, Bastelanleitung auf Objects Of Desire (dort auch viele weitere designorientierte Basteltipps). [via schweppes.de]","rel":"","context":"In &quot;Allgemeines&quot;","block_context":{"text":"Allgemeines","link":"https:\/\/textundblog.de\/?cat=1"},"img":{"alt_text":"BadeCue","src":"https:\/\/i0.wp.com\/www.textundblog.de\/wp-content\/badecue.jpg?resize=350%2C200","width":350,"height":200},"classes":[]},{"id":550,"url":"https:\/\/textundblog.de\/?p=550","url_meta":{"origin":7347,"position":2},"title":"Reihenfolge der Parteien auf den Stimmzetteln","author":"Markus","date":"29\/8\/2005","format":false,"excerpt":"Warum ist die Reihenfolge der Parteien auf den Stimmzetteln f\u00fcr die Bundestagswahl am 18. September 2005 nicht im ganzen Bundesgebiet gleich? Die Antwort gibt der Bundeswahlleiter bzw. das Presseportal.","rel":"","context":"In &quot;Politik&quot;","block_context":{"text":"Politik","link":"https:\/\/textundblog.de\/?cat=9"},"img":{"alt_text":"","src":"","width":0,"height":0},"classes":[]},{"id":6720,"url":"https:\/\/textundblog.de\/?p=6720","url_meta":{"origin":7347,"position":3},"title":"Vom Zettelkatalog zu beluga \u2013 oder von der \u00dcbernahme von Routinearbeiten durch Maschinen","author":"Markus","date":"28\/8\/2015","format":false,"excerpt":"In der Stabi wird in K\u00fcrze ein alter Zettelkatalog abgebaut, der schon l\u00e4nger nicht mehr im Einsatz ist. Ehe die alten Katalogkarten ins Altpapier wandern, wurde uns Bibliothekaren im Haus angeboten, sich einige davon als Notizzettel zu entnehmen. Da hab ich doch gleich mal einen Packen alter Katalogkarten rund um\u2026","rel":"","context":"In &quot;Foto&quot;","block_context":{"text":"Foto","link":"https:\/\/textundblog.de\/?cat=10"},"img":{"alt_text":"","src":"https:\/\/i0.wp.com\/textundblog.de\/wp-content\/peter-trapp-beluga.jpg?resize=350%2C200&ssl=1","width":350,"height":200,"srcset":"https:\/\/i0.wp.com\/textundblog.de\/wp-content\/peter-trapp-beluga.jpg?resize=350%2C200&ssl=1 1x, https:\/\/i0.wp.com\/textundblog.de\/wp-content\/peter-trapp-beluga.jpg?resize=525%2C300&ssl=1 1.5x, https:\/\/i0.wp.com\/textundblog.de\/wp-content\/peter-trapp-beluga.jpg?resize=700%2C400&ssl=1 2x"},"classes":[]},{"id":76,"url":"https:\/\/textundblog.de\/?p=76","url_meta":{"origin":7347,"position":4},"title":"Pro &amp; Contra: Digital und Papier, on- und offline","author":"Markus","date":"18\/12\/2004","format":false,"excerpt":"Perun wirft Fragen auf, die sich sicher schon viele gestellt haben, gibt erste Antworten und verweist auf Software (z.B. QwikiWiki), die helfen kann, das Problem der Archivierung und Vernetzung von Daten zu l\u00f6sen. W\u00e4hrend ich diese Zeilen schreibe, werfe ich einen kritischen Blick auf meinen Palm und all die Post-its,\u2026","rel":"","context":"In &quot;Allgemeines&quot;","block_context":{"text":"Allgemeines","link":"https:\/\/textundblog.de\/?cat=1"},"img":{"alt_text":"","src":"","width":0,"height":0},"classes":[]},{"id":3083,"url":"https:\/\/textundblog.de\/?p=3083","url_meta":{"origin":7347,"position":5},"title":"Mit Twitter Widget Livesuchen im Blog abbilden","author":"Markus","date":"24\/7\/2009","format":false,"excerpt":"Durch Definition bestimmter Suchabfragen kann man nun ein Twitter-Widget mit bestimmten Tweets in sein Blog oder in seine Website einbauen, das live die Meldungen zu dem gew\u00fcnschten Thema anzeigt. F\u00fcr St. Pauli-Tweets k\u00f6nnte das zum Beispiel so aussehen: Hier geht's zur Wigdet-Bastelanleitung bei Twitter: Einfach gew\u00fcnschte Parameter und Farbeinstellungen vornehmen\u2026","rel":"","context":"In &quot;Bluesky&quot;","block_context":{"text":"Bluesky","link":"https:\/\/textundblog.de\/?cat=33"},"img":{"alt_text":"","src":"","width":0,"height":0},"classes":[]}],"_links":{"self":[{"href":"https:\/\/textundblog.de\/index.php?rest_route=\/wp\/v2\/posts\/7347","targetHints":{"allow":["GET"]}}],"collection":[{"href":"https:\/\/textundblog.de\/index.php?rest_route=\/wp\/v2\/posts"}],"about":[{"href":"https:\/\/textundblog.de\/index.php?rest_route=\/wp\/v2\/types\/post"}],"author":[{"embeddable":true,"href":"https:\/\/textundblog.de\/index.php?rest_route=\/wp\/v2\/users\/1"}],"replies":[{"embeddable":true,"href":"https:\/\/textundblog.de\/index.php?rest_route=%2Fwp%2Fv2%2Fcomments&post=7347"}],"version-history":[{"count":0,"href":"https:\/\/textundblog.de\/index.php?rest_route=\/wp\/v2\/posts\/7347\/revisions"}],"wp:attachment":[{"href":"https:\/\/textundblog.de\/index.php?rest_route=%2Fwp%2Fv2%2Fmedia&parent=7347"}],"wp:term":[{"taxonomy":"category","embeddable":true,"href":"https:\/\/textundblog.de\/index.php?rest_route=%2Fwp%2Fv2%2Fcategories&post=7347"},{"taxonomy":"post_tag","embeddable":true,"href":"https:\/\/textundblog.de\/index.php?rest_route=%2Fwp%2Fv2%2Ftags&post=7347"}],"curies":[{"name":"wp","href":"https:\/\/api.w.org\/{rel}","templated":true}]}}