{"id":7339,"date":"2016-10-07T13:50:17","date_gmt":"2016-10-07T11:50:17","guid":{"rendered":"http:\/\/textundblog.de\/?p=7339"},"modified":"2016-10-07T13:50:17","modified_gmt":"2016-10-07T11:50:17","slug":"der-michel-im-spaeten-sonnenlicht","status":"publish","type":"post","link":"https:\/\/textundblog.de\/?p=7339","title":{"rendered":"Der Michel im sp\u00e4ten Sonnenlicht"},"content":{"rendered":"<p><a href=\"https:\/\/i0.wp.com\/textundblog.de\/wp-content\/michel1.jpg?ssl=1\"><img data-recalc-dims=\"1\" loading=\"lazy\" decoding=\"async\" data-attachment-id=\"7345\" data-permalink=\"https:\/\/textundblog.de\/?attachment_id=7345\" data-orig-file=\"https:\/\/i0.wp.com\/textundblog.de\/wp-content\/michel1-800.jpg?fit=800%2C800&amp;ssl=1\" data-orig-size=\"800,800\" data-comments-opened=\"1\" data-image-meta=\"{&quot;aperture&quot;:&quot;0&quot;,&quot;credit&quot;:&quot;&quot;,&quot;camera&quot;:&quot;&quot;,&quot;caption&quot;:&quot;&quot;,&quot;created_timestamp&quot;:&quot;0&quot;,&quot;copyright&quot;:&quot;&quot;,&quot;focal_length&quot;:&quot;0&quot;,&quot;iso&quot;:&quot;0&quot;,&quot;shutter_speed&quot;:&quot;0&quot;,&quot;title&quot;:&quot;&quot;,&quot;orientation&quot;:&quot;0&quot;}\" data-image-title=\"michel1-800\" data-image-description=\"\" data-image-caption=\"\" data-large-file=\"https:\/\/i0.wp.com\/textundblog.de\/wp-content\/michel1-800.jpg?fit=800%2C800&amp;ssl=1\" title=\"Michel\" src=\"https:\/\/i0.wp.com\/textundblog.de\/wp-content\/michel1-800.jpg?resize=800%2C800&#038;ssl=1\" alt=\"Michel\" width=\"800\" height=\"800\" class=\"alignnone size-full wp-image-7345\" srcset=\"https:\/\/i0.wp.com\/textundblog.de\/wp-content\/michel1-800.jpg?w=800&amp;ssl=1 800w, https:\/\/i0.wp.com\/textundblog.de\/wp-content\/michel1-800.jpg?resize=150%2C150&amp;ssl=1 150w, https:\/\/i0.wp.com\/textundblog.de\/wp-content\/michel1-800.jpg?resize=300%2C300&amp;ssl=1 300w, https:\/\/i0.wp.com\/textundblog.de\/wp-content\/michel1-800.jpg?resize=768%2C768&amp;ssl=1 768w, https:\/\/i0.wp.com\/textundblog.de\/wp-content\/michel1-800.jpg?resize=144%2C144&amp;ssl=1 144w, https:\/\/i0.wp.com\/textundblog.de\/wp-content\/michel1-800.jpg?resize=40%2C40&amp;ssl=1 40w\" sizes=\"auto, (max-width: 800px) 100vw, 800px\" \/><\/a><\/p>\n<p>Am Mittwoch war ich mit einer lieben Kollegin aus der Stabi im <em>Wikimedia Kontor<\/em> in der N\u00e4he des Michel, wo sich Programmierer (m\/w) und Anbieter (m\/w) von Kulturdaten im Rahmen von <a href=\"https:\/\/codingdavinci.de\/events\/\">Coding Da Vinci Nord<\/a> trafen um die Zwischenergebnisse zu besprechen. Auf dem Weg dorthin (und sp\u00e4ter von dort wieder weg), sind wir auch am <a href=\"https:\/\/de.wikipedia.org\/wiki\/Hauptkirche_Sankt_Michaelis_(Hamburg)\">Michel<\/a> vorbei gekommen und dabei habe ich diese Aufnahme gemacht, die durch die starke Sonnenbestrahlung so irreal wirkt. Dieses Bild ist weder bearbeitet, noch hab ich irgendwelche Filter eingesetzt. Der Turm sieht aber im sp\u00e4ten Sonnenlicht so aus, als sei er gemalt. Hier auch noch mal im Detail zu sehen udn darunter zwei weitere Aufnahmen. Alle Bilder gibt&#8217;s wie immer auf Klick in gro\u00df.<br \/>\n<!--more--><\/p>\n<p><a href=\"https:\/\/i0.wp.com\/textundblog.de\/wp-content\/michel1.jpg?ssl=1\"><img data-recalc-dims=\"1\" loading=\"lazy\" decoding=\"async\" data-attachment-id=\"7346\" data-permalink=\"https:\/\/textundblog.de\/?attachment_id=7346\" data-orig-file=\"https:\/\/i0.wp.com\/textundblog.de\/wp-content\/michel-detail.jpg?fit=800%2C748&amp;ssl=1\" data-orig-size=\"800,748\" data-comments-opened=\"1\" data-image-meta=\"{&quot;aperture&quot;:&quot;0&quot;,&quot;credit&quot;:&quot;&quot;,&quot;camera&quot;:&quot;&quot;,&quot;caption&quot;:&quot;&quot;,&quot;created_timestamp&quot;:&quot;0&quot;,&quot;copyright&quot;:&quot;&quot;,&quot;focal_length&quot;:&quot;0&quot;,&quot;iso&quot;:&quot;0&quot;,&quot;shutter_speed&quot;:&quot;0&quot;,&quot;title&quot;:&quot;&quot;,&quot;orientation&quot;:&quot;0&quot;}\" data-image-title=\"michel-detail\" data-image-description=\"\" data-image-caption=\"\" data-large-file=\"https:\/\/i0.wp.com\/textundblog.de\/wp-content\/michel-detail.jpg?fit=800%2C748&amp;ssl=1\" title=\"Michel \u2013 Detail\" src=\"https:\/\/i0.wp.com\/textundblog.de\/wp-content\/michel-detail.jpg?resize=800%2C748&#038;ssl=1\" alt=\"Michel - Detail\" width=\"800\" height=\"748\" class=\"alignnone size-full wp-image-7346\" srcset=\"https:\/\/i0.wp.com\/textundblog.de\/wp-content\/michel-detail.jpg?w=800&amp;ssl=1 800w, https:\/\/i0.wp.com\/textundblog.de\/wp-content\/michel-detail.jpg?resize=300%2C281&amp;ssl=1 300w, https:\/\/i0.wp.com\/textundblog.de\/wp-content\/michel-detail.jpg?resize=768%2C718&amp;ssl=1 768w\" sizes=\"auto, (max-width: 800px) 100vw, 800px\" \/><\/a><\/p>\n<p><a href=\"https:\/\/i0.wp.com\/textundblog.de\/wp-content\/michel2.jpg?ssl=1\"><img data-recalc-dims=\"1\" loading=\"lazy\" decoding=\"async\" data-attachment-id=\"7340\" data-permalink=\"https:\/\/textundblog.de\/?attachment_id=7340\" data-orig-file=\"https:\/\/i0.wp.com\/textundblog.de\/wp-content\/michel2-800.jpg?fit=800%2C999&amp;ssl=1\" data-orig-size=\"800,999\" data-comments-opened=\"1\" data-image-meta=\"{&quot;aperture&quot;:&quot;0&quot;,&quot;credit&quot;:&quot;&quot;,&quot;camera&quot;:&quot;&quot;,&quot;caption&quot;:&quot;&quot;,&quot;created_timestamp&quot;:&quot;0&quot;,&quot;copyright&quot;:&quot;&quot;,&quot;focal_length&quot;:&quot;0&quot;,&quot;iso&quot;:&quot;0&quot;,&quot;shutter_speed&quot;:&quot;0&quot;,&quot;title&quot;:&quot;&quot;,&quot;orientation&quot;:&quot;0&quot;}\" data-image-title=\"michel2-800\" data-image-description=\"\" data-image-caption=\"\" data-large-file=\"https:\/\/i0.wp.com\/textundblog.de\/wp-content\/michel2-800.jpg?fit=800%2C999&amp;ssl=1\" title=\"Michel\" src=\"https:\/\/i0.wp.com\/textundblog.de\/wp-content\/michel2-800.jpg?resize=800%2C999&#038;ssl=1\" alt=\"Michel\" width=\"800\" height=\"999\" class=\"alignnone size-full wp-image-7340\" srcset=\"https:\/\/i0.wp.com\/textundblog.de\/wp-content\/michel2-800.jpg?w=800&amp;ssl=1 800w, https:\/\/i0.wp.com\/textundblog.de\/wp-content\/michel2-800.jpg?resize=240%2C300&amp;ssl=1 240w, https:\/\/i0.wp.com\/textundblog.de\/wp-content\/michel2-800.jpg?resize=768%2C959&amp;ssl=1 768w\" sizes=\"auto, (max-width: 800px) 100vw, 800px\" \/><\/a><\/p>\n<p><a href=\"https:\/\/i0.wp.com\/textundblog.de\/wp-content\/michel3.jpg?ssl=1\"><img data-recalc-dims=\"1\" loading=\"lazy\" decoding=\"async\" data-attachment-id=\"7342\" data-permalink=\"https:\/\/textundblog.de\/?attachment_id=7342\" data-orig-file=\"https:\/\/i0.wp.com\/textundblog.de\/wp-content\/michel3-800.jpg?fit=800%2C1067&amp;ssl=1\" data-orig-size=\"800,1067\" data-comments-opened=\"1\" data-image-meta=\"{&quot;aperture&quot;:&quot;0&quot;,&quot;credit&quot;:&quot;&quot;,&quot;camera&quot;:&quot;&quot;,&quot;caption&quot;:&quot;&quot;,&quot;created_timestamp&quot;:&quot;0&quot;,&quot;copyright&quot;:&quot;&quot;,&quot;focal_length&quot;:&quot;0&quot;,&quot;iso&quot;:&quot;0&quot;,&quot;shutter_speed&quot;:&quot;0&quot;,&quot;title&quot;:&quot;&quot;,&quot;orientation&quot;:&quot;0&quot;}\" data-image-title=\"michel3-800\" data-image-description=\"\" data-image-caption=\"\" data-large-file=\"https:\/\/i0.wp.com\/textundblog.de\/wp-content\/michel3-800.jpg?fit=768%2C1024&amp;ssl=1\" title=\"Michel\" src=\"https:\/\/i0.wp.com\/textundblog.de\/wp-content\/michel3-800.jpg?resize=800%2C1067&#038;ssl=1\" alt=\"Michel\" width=\"800\" height=\"1067\" class=\"alignnone size-large wp-image-7342\" srcset=\"https:\/\/i0.wp.com\/textundblog.de\/wp-content\/michel3-800.jpg?w=800&amp;ssl=1 800w, https:\/\/i0.wp.com\/textundblog.de\/wp-content\/michel3-800.jpg?resize=225%2C300&amp;ssl=1 225w, https:\/\/i0.wp.com\/textundblog.de\/wp-content\/michel3-800.jpg?resize=768%2C1024&amp;ssl=1 768w\" sizes=\"auto, (max-width: 800px) 100vw, 800px\" \/><\/a><\/p>\n","protected":false},"excerpt":{"rendered":"<p>Am Mittwoch war ich mit einer lieben Kollegin aus der Stabi im Wikimedia Kontor in der N\u00e4he des Michel, wo sich Programmierer (m\/w) und Anbieter (m\/w) von Kulturdaten im Rahmen von Coding Da Vinci Nord trafen um die Zwischenergebnisse zu besprechen. Auf dem Weg dorthin (und sp\u00e4ter von dort wieder weg), sind wir auch am [&hellip;]<\/p>\n","protected":false},"author":1,"featured_media":0,"comment_status":"open","ping_status":"open","sticky":false,"template":"","format":"standard","meta":{"site-sidebar-layout":"default","site-content-layout":"","ast-site-content-layout":"default","site-content-style":"default","site-sidebar-style":"default","ast-global-header-display":"","ast-banner-title-visibility":"","ast-main-header-display":"","ast-hfb-above-header-display":"","ast-hfb-below-header-display":"","ast-hfb-mobile-header-display":"","site-post-title":"","ast-breadcrumbs-content":"","ast-featured-img":"","footer-sml-layout":"","theme-transparent-header-meta":"","adv-header-id-meta":"","stick-header-meta":"","header-above-stick-meta":"","header-main-stick-meta":"","header-below-stick-meta":"","astra-migrate-meta-layouts":"default","ast-page-background-enabled":"default","ast-page-background-meta":{"desktop":{"background-color":"var(--ast-global-color-4)","background-image":"","background-repeat":"repeat","background-position":"center center","background-size":"auto","background-attachment":"scroll","background-type":"","background-media":"","overlay-type":"","overlay-color":"","overlay-opacity":"","overlay-gradient":""},"tablet":{"background-color":"","background-image":"","background-repeat":"repeat","background-position":"center center","background-size":"auto","background-attachment":"scroll","background-type":"","background-media":"","overlay-type":"","overlay-color":"","overlay-opacity":"","overlay-gradient":""},"mobile":{"background-color":"","background-image":"","background-repeat":"repeat","background-position":"center center","background-size":"auto","background-attachment":"scroll","background-type":"","background-media":"","overlay-type":"","overlay-color":"","overlay-opacity":"","overlay-gradient":""}},"ast-content-background-meta":{"desktop":{"background-color":"var(--ast-global-color-5)","background-image":"","background-repeat":"repeat","background-position":"center center","background-size":"auto","background-attachment":"scroll","background-type":"","background-media":"","overlay-type":"","overlay-color":"","overlay-opacity":"","overlay-gradient":""},"tablet":{"background-color":"var(--ast-global-color-5)","background-image":"","background-repeat":"repeat","background-position":"center center","background-size":"auto","background-attachment":"scroll","background-type":"","background-media":"","overlay-type":"","overlay-color":"","overlay-opacity":"","overlay-gradient":""},"mobile":{"background-color":"var(--ast-global-color-5)","background-image":"","background-repeat":"repeat","background-position":"center center","background-size":"auto","background-attachment":"scroll","background-type":"","background-media":"","overlay-type":"","overlay-color":"","overlay-opacity":"","overlay-gradient":""}},"ngg_post_thumbnail":0,"jetpack_post_was_ever_published":false,"_jetpack_newsletter_access":"","_jetpack_dont_email_post_to_subs":false,"_jetpack_newsletter_tier_id":0,"_jetpack_memberships_contains_paywalled_content":false,"_jetpack_memberships_contains_paid_content":false,"footnotes":""},"categories":[10,15],"tags":[],"class_list":["post-7339","post","type-post","status-publish","format-standard","hentry","category-foto","category-hamburg"],"jetpack_featured_media_url":"","jetpack_sharing_enabled":true,"jetpack_shortlink":"https:\/\/wp.me\/p4uzZ-1Un","jetpack-related-posts":[{"id":7769,"url":"https:\/\/textundblog.de\/?p=7769","url_meta":{"origin":7339,"position":0},"title":"Bilder eines Sonntagsspaziergangs","author":"Markus","date":"5\/3\/2017","format":false,"excerpt":"Es war wieder wundersch\u00f6n im Niendorfer Gehege. Diese nach Fr\u00fchlung riechende Luft, dieses Sonnenlicht, diese B\u00e4ume. Und diese s\u00fc\u00dfen Ponnys. Einfach sch\u00f6n, dass wir so etwas hier in unmittelbarer N\u00e4he haben. ;) Die Bilder wirken \u2013 wie immer \u2013 besonders gut in gro\u00df:","rel":"","context":"In &quot;Foto&quot;","block_context":{"text":"Foto","link":"https:\/\/textundblog.de\/?cat=10"},"img":{"alt_text":"","src":"https:\/\/i0.wp.com\/textundblog.de\/wp-content\/DSC00496.jpg?resize=350%2C200","width":350,"height":200,"srcset":"https:\/\/i0.wp.com\/textundblog.de\/wp-content\/DSC00496.jpg?resize=350%2C200 1x, https:\/\/i0.wp.com\/textundblog.de\/wp-content\/DSC00496.jpg?resize=525%2C300 1.5x, https:\/\/i0.wp.com\/textundblog.de\/wp-content\/DSC00496.jpg?resize=700%2C400 2x, https:\/\/i0.wp.com\/textundblog.de\/wp-content\/DSC00496.jpg?resize=1050%2C600 3x, https:\/\/i0.wp.com\/textundblog.de\/wp-content\/DSC00496.jpg?resize=1400%2C800 4x"},"classes":[]},{"id":5044,"url":"https:\/\/textundblog.de\/?p=5044","url_meta":{"origin":7339,"position":1},"title":"Herbst-Licht","author":"Markus","date":"12\/10\/2012","format":false,"excerpt":"Heute Morgen auf dem Weg zur Arbeit in der Stabi in der Edmund-Siemers-Allee aufgenommen. F\u00fcr dieses Licht liebe ich den Herbst.","rel":"","context":"In &quot;Foto&quot;","block_context":{"text":"Foto","link":"https:\/\/textundblog.de\/?cat=10"},"img":{"alt_text":"Edmund-Siemers-Allee im herbstlichen Sonnenlicht","src":"https:\/\/i0.wp.com\/textundblog.de\/wp-content\/herbstlicht2012-kl.jpg?resize=350%2C200&ssl=1","width":350,"height":200},"classes":[]},{"id":7506,"url":"https:\/\/textundblog.de\/?p=7506","url_meta":{"origin":7339,"position":2},"title":"Zur\u00fcck aus Kuba &#8211; Zur\u00fcck in der K\u00e4lte und im Netz","author":"Markus","date":"20\/12\/2016","format":false,"excerpt":"Bin gestern Nachmittag wieder gut in Hamburg gelandet und habe heute noch frei, um den Jetlag (6 h Zeitdifferenz) zu \u00fcberwinden. Empfinde die K\u00e4lte in Deutschland gerade als ganz angenehm nach der doch recht anstrengenden Hitze (26-28\u00b0) in der Karibik, siehe glei\u00dfendes Sonnenlicht auf dem Foto aus der historischen Altstadt\u2026","rel":"","context":"In &quot;Foto&quot;","block_context":{"text":"Foto","link":"https:\/\/textundblog.de\/?cat=10"},"img":{"alt_text":"","src":"https:\/\/i0.wp.com\/textundblog.de\/wp-content\/havanna-hausecke.jpg?resize=350%2C200&ssl=1","width":350,"height":200,"srcset":"https:\/\/i0.wp.com\/textundblog.de\/wp-content\/havanna-hausecke.jpg?resize=350%2C200&ssl=1 1x, https:\/\/i0.wp.com\/textundblog.de\/wp-content\/havanna-hausecke.jpg?resize=525%2C300&ssl=1 1.5x"},"classes":[]},{"id":4326,"url":"https:\/\/textundblog.de\/?p=4326","url_meta":{"origin":7339,"position":3},"title":"Sonnenschein auf dem Wandsbeker Wochenmarkt","author":"Markus","date":"10\/9\/2011","format":false,"excerpt":"(Foto auf Klick in gro\u00df.) Es gibt - wie ihr wisst - viele Ecken auf dem Wandsbeker Wochenmarkt, in denen die Sonne scheint. Dies ist das erste hier im Blog ver\u00f6ffentlichte Foto meiner neuen Kamera Olympus XZ 1, mit der ich mich in den n\u00e4chsten Tagen noch n\u00e4her besch\u00e4ftigen muss\u2026","rel":"","context":"In &quot;Foto&quot;","block_context":{"text":"Foto","link":"https:\/\/textundblog.de\/?cat=10"},"img":{"alt_text":"Wandsbeker Wochenmarkt - Vanille-Ecke mit viel Sonnenschein trotz Schatten","src":"https:\/\/i0.wp.com\/textundblog.de\/wp-content\/wochenmarkt-vanille.jpg?resize=350%2C200&ssl=1","width":350,"height":200},"classes":[]},{"id":7358,"url":"https:\/\/textundblog.de\/?p=7358","url_meta":{"origin":7339,"position":4},"title":"EisZeiten \u2013 Die Menschen des Nordlichts. Faszinierende Ausstellung im Museum f\u00fcr V\u00f6lkerkunde Hamburg","author":"Markus","date":"18\/10\/2016","format":false,"excerpt":"Gestern Abend durfte ein kleiner Kreis von Hamburger Bloggern, Instagramern und Twitteren (alle m\/w) im Rahmen des Social-Media-Abends im Museum f\u00fcr V\u00f6lkerkunde einen ersten Blick in die Ausstellung \"EisZeiten \u2013 Die Menschen des Nordlichts\" werfen, die heute Abend offiziell er\u00f6ffnet wird. Aufgeteilt in zwei Gruppen wurden wir kundig durch die\u2026","rel":"","context":"In &quot;Foto&quot;","block_context":{"text":"Foto","link":"https:\/\/textundblog.de\/?cat=10"},"img":{"alt_text":"","src":"https:\/\/i0.wp.com\/textundblog.de\/wp-content\/IMG_8881.jpg?resize=350%2C200","width":350,"height":200,"srcset":"https:\/\/i0.wp.com\/textundblog.de\/wp-content\/IMG_8881.jpg?resize=350%2C200 1x, https:\/\/i0.wp.com\/textundblog.de\/wp-content\/IMG_8881.jpg?resize=525%2C300 1.5x, https:\/\/i0.wp.com\/textundblog.de\/wp-content\/IMG_8881.jpg?resize=700%2C400 2x, https:\/\/i0.wp.com\/textundblog.de\/wp-content\/IMG_8881.jpg?resize=1050%2C600 3x, https:\/\/i0.wp.com\/textundblog.de\/wp-content\/IMG_8881.jpg?resize=1400%2C800 4x"},"classes":[]},{"id":3686,"url":"https:\/\/textundblog.de\/?p=3686","url_meta":{"origin":7339,"position":5},"title":"Vergesst Street View: Fotospaziergang auf sightwalk","author":"Markus","date":"15\/8\/2010","format":false,"excerpt":"Die Google Street View-Debatte, mit der die BILD und selbst seri\u00f6se Zeitungen die Bev\u00f6lkerung in Deutschland gerade mehr oder weniger grundlos verunsichern, will ich hier gar nicht behandeln. Wer zu diesem Thema einen guten Text lesen mag, der schaue sich die sachlichen Ausf\u00fchrungen von Anatol Stefanowitsch an. Das ist mit\u2026","rel":"","context":"In &quot;Foto&quot;","block_context":{"text":"Foto","link":"https:\/\/textundblog.de\/?cat=10"},"img":{"alt_text":"SightWalk - an den Landungsbr\u00fccken entlang spazieren","src":"https:\/\/i0.wp.com\/textundblog.de\/wp-content\/sightwalk.jpg?resize=350%2C200&ssl=1","width":350,"height":200},"classes":[]}],"_links":{"self":[{"href":"https:\/\/textundblog.de\/index.php?rest_route=\/wp\/v2\/posts\/7339","targetHints":{"allow":["GET"]}}],"collection":[{"href":"https:\/\/textundblog.de\/index.php?rest_route=\/wp\/v2\/posts"}],"about":[{"href":"https:\/\/textundblog.de\/index.php?rest_route=\/wp\/v2\/types\/post"}],"author":[{"embeddable":true,"href":"https:\/\/textundblog.de\/index.php?rest_route=\/wp\/v2\/users\/1"}],"replies":[{"embeddable":true,"href":"https:\/\/textundblog.de\/index.php?rest_route=%2Fwp%2Fv2%2Fcomments&post=7339"}],"version-history":[{"count":0,"href":"https:\/\/textundblog.de\/index.php?rest_route=\/wp\/v2\/posts\/7339\/revisions"}],"wp:attachment":[{"href":"https:\/\/textundblog.de\/index.php?rest_route=%2Fwp%2Fv2%2Fmedia&parent=7339"}],"wp:term":[{"taxonomy":"category","embeddable":true,"href":"https:\/\/textundblog.de\/index.php?rest_route=%2Fwp%2Fv2%2Fcategories&post=7339"},{"taxonomy":"post_tag","embeddable":true,"href":"https:\/\/textundblog.de\/index.php?rest_route=%2Fwp%2Fv2%2Ftags&post=7339"}],"curies":[{"name":"wp","href":"https:\/\/api.w.org\/{rel}","templated":true}]}}