{"id":7151,"date":"2016-06-22T19:48:21","date_gmt":"2016-06-22T17:48:21","guid":{"rendered":"http:\/\/textundblog.de\/?p=7151"},"modified":"2016-06-22T19:59:06","modified_gmt":"2016-06-22T17:59:06","slug":"geniales-portishead-cover-sos-abba-endlich-online","status":"publish","type":"post","link":"https:\/\/textundblog.de\/?p=7151","title":{"rendered":"Geniales Portishead-Cover SOS (Abba) endlich online"},"content":{"rendered":"<p><span class=\"embed-youtube\" style=\"text-align:center; display: block;\"><iframe loading=\"lazy\" class=\"youtube-player\" width=\"640\" height=\"360\" src=\"https:\/\/www.youtube.com\/embed\/WVe-9VWIcCo?version=3&#038;rel=1&#038;showsearch=0&#038;showinfo=1&#038;iv_load_policy=1&#038;fs=1&#038;hl=de-DE&#038;autohide=2&#038;wmode=transparent\" allowfullscreen=\"true\" style=\"border:0;\" sandbox=\"allow-scripts allow-same-origin allow-popups allow-presentation allow-popups-to-escape-sandbox\"><\/iframe><\/span><\/p>\n<p>Auf die Ver\u00f6ffentlichung dieses Songs warte ich schon sehns\u00fcchtig, seit ich ihn letztes Jahr im September auf dem Internationalen Filmfestival in San Sebasti\u00e1n gesehen habe. Ich zitiere aus meinem <a href=\"https:\/\/textundblog.de\/?p=6763\">Festivalbericht<\/a>:<\/p>\n<blockquote><p>\nAbschlie\u00dfend m\u00f6chte ich noch eine lobende Erw\u00e4hnung f\u00fcr den besten Soundtrack des Festivals f\u00fcr High Rise aussprechen. Leider gibt es noch keine Online-Quelle (Youtube etc.), die ich hier zum Beweis verlinken k\u00f6nnte. Aber die Portishead-Version von Abbas S.O.S. geh\u00f6rt zum besten (und passendsten), was ich jemals an Filmmusik im Kino geh\u00f6rt habe. Mit den Worten von Tim Robey im Daily Telegraph gesprochen:<\/p>\n<p>    Clint Mansell\u2019s sultry score invites us languidly into the fun and games, but the musical highlight is an inspired slow-jam cover of ABBA\u2019s S.O.S., by Portishead. It\u2019s a party track for a party at the end of the world.<\/p><\/blockquote>\n<p>Ein dreiviertel Jahr (!) hat es gedauert. Endlich ist der Song drau\u00dfen.<\/p>\n<p><a href=\"https:\/\/i0.wp.com\/textundblog.de\/wp-content\/portishead-sos.jpg?ssl=1\"><img data-recalc-dims=\"1\" loading=\"lazy\" decoding=\"async\" data-attachment-id=\"7152\" data-permalink=\"https:\/\/textundblog.de\/?attachment_id=7152\" data-orig-file=\"https:\/\/i0.wp.com\/textundblog.de\/wp-content\/portishead-sos.jpg?fit=793%2C448&amp;ssl=1\" data-orig-size=\"793,448\" data-comments-opened=\"1\" data-image-meta=\"{&quot;aperture&quot;:&quot;0&quot;,&quot;credit&quot;:&quot;&quot;,&quot;camera&quot;:&quot;&quot;,&quot;caption&quot;:&quot;&quot;,&quot;created_timestamp&quot;:&quot;0&quot;,&quot;copyright&quot;:&quot;&quot;,&quot;focal_length&quot;:&quot;0&quot;,&quot;iso&quot;:&quot;0&quot;,&quot;shutter_speed&quot;:&quot;0&quot;,&quot;title&quot;:&quot;&quot;,&quot;orientation&quot;:&quot;0&quot;}\" data-image-title=\"portishead-sos\" data-image-description=\"\" data-image-caption=\"\" data-large-file=\"https:\/\/i0.wp.com\/textundblog.de\/wp-content\/portishead-sos.jpg?fit=793%2C448&amp;ssl=1\" title=\"Portishead-Cover SOS\" src=\"https:\/\/i0.wp.com\/textundblog.de\/wp-content\/portishead-sos.jpg?resize=793%2C448&#038;ssl=1\" alt=\"Portishead-Cover SOS\" width=\"793\" height=\"448\" class=\"alignnone size-full wp-image-7152\" srcset=\"https:\/\/i0.wp.com\/textundblog.de\/wp-content\/portishead-sos.jpg?w=793&amp;ssl=1 793w, https:\/\/i0.wp.com\/textundblog.de\/wp-content\/portishead-sos.jpg?resize=300%2C169&amp;ssl=1 300w, https:\/\/i0.wp.com\/textundblog.de\/wp-content\/portishead-sos.jpg?resize=768%2C434&amp;ssl=1 768w\" sizes=\"auto, (max-width: 793px) 100vw, 793px\" \/><\/a><\/p>\n","protected":false},"excerpt":{"rendered":"<p>Auf die Ver\u00f6ffentlichung dieses Songs warte ich schon sehns\u00fcchtig, seit ich ihn letztes Jahr im September auf dem Internationalen Filmfestival in San Sebasti\u00e1n gesehen habe. Ich zitiere aus meinem Festivalbericht: Abschlie\u00dfend m\u00f6chte ich noch eine lobende Erw\u00e4hnung f\u00fcr den besten Soundtrack des Festivals f\u00fcr High Rise aussprechen. Leider gibt es noch keine Online-Quelle (Youtube etc.), [&hellip;]<\/p>\n","protected":false},"author":1,"featured_media":0,"comment_status":"open","ping_status":"open","sticky":false,"template":"","format":"standard","meta":{"site-sidebar-layout":"default","site-content-layout":"","ast-site-content-layout":"default","site-content-style":"default","site-sidebar-style":"default","ast-global-header-display":"","ast-banner-title-visibility":"","ast-main-header-display":"","ast-hfb-above-header-display":"","ast-hfb-below-header-display":"","ast-hfb-mobile-header-display":"","site-post-title":"","ast-breadcrumbs-content":"","ast-featured-img":"","footer-sml-layout":"","theme-transparent-header-meta":"","adv-header-id-meta":"","stick-header-meta":"","header-above-stick-meta":"","header-main-stick-meta":"","header-below-stick-meta":"","astra-migrate-meta-layouts":"default","ast-page-background-enabled":"default","ast-page-background-meta":{"desktop":{"background-color":"var(--ast-global-color-4)","background-image":"","background-repeat":"repeat","background-position":"center center","background-size":"auto","background-attachment":"scroll","background-type":"","background-media":"","overlay-type":"","overlay-color":"","overlay-opacity":"","overlay-gradient":""},"tablet":{"background-color":"","background-image":"","background-repeat":"repeat","background-position":"center center","background-size":"auto","background-attachment":"scroll","background-type":"","background-media":"","overlay-type":"","overlay-color":"","overlay-opacity":"","overlay-gradient":""},"mobile":{"background-color":"","background-image":"","background-repeat":"repeat","background-position":"center center","background-size":"auto","background-attachment":"scroll","background-type":"","background-media":"","overlay-type":"","overlay-color":"","overlay-opacity":"","overlay-gradient":""}},"ast-content-background-meta":{"desktop":{"background-color":"var(--ast-global-color-5)","background-image":"","background-repeat":"repeat","background-position":"center center","background-size":"auto","background-attachment":"scroll","background-type":"","background-media":"","overlay-type":"","overlay-color":"","overlay-opacity":"","overlay-gradient":""},"tablet":{"background-color":"var(--ast-global-color-5)","background-image":"","background-repeat":"repeat","background-position":"center center","background-size":"auto","background-attachment":"scroll","background-type":"","background-media":"","overlay-type":"","overlay-color":"","overlay-opacity":"","overlay-gradient":""},"mobile":{"background-color":"var(--ast-global-color-5)","background-image":"","background-repeat":"repeat","background-position":"center center","background-size":"auto","background-attachment":"scroll","background-type":"","background-media":"","overlay-type":"","overlay-color":"","overlay-opacity":"","overlay-gradient":""}},"ngg_post_thumbnail":0,"jetpack_post_was_ever_published":false,"_jetpack_newsletter_access":"","_jetpack_dont_email_post_to_subs":false,"_jetpack_newsletter_tier_id":0,"_jetpack_memberships_contains_paywalled_content":false,"_jetpack_memberships_contains_paid_content":false,"footnotes":""},"categories":[2,7],"tags":[],"class_list":["post-7151","post","type-post","status-publish","format-standard","hentry","category-kino","category-musik"],"jetpack_featured_media_url":"","jetpack_sharing_enabled":true,"jetpack_shortlink":"https:\/\/wp.me\/p4uzZ-1Rl","jetpack-related-posts":[{"id":6763,"url":"https:\/\/textundblog.de\/?p=6763","url_meta":{"origin":7151,"position":0},"title":"Festivalbericht San Sebasti\u00e1n 2015","author":"Markus","date":"5\/10\/2015","format":false,"excerpt":"Es ist wieder Mal an der Zeit, Bilanz zu ziehen. Ein paar Zahlen vorneweg, dann komme ich zur Vorstellung der (f\u00fcr mich) besten zehn Filme. Das Internationale Filmfestival San Sebasti\u00e1n hat zum 63. Mal stattgefunden. Als es 1995 zum 43. Mal absolviert wurde, also vor genau 20 Jahren, war ich\u2026","rel":"","context":"In &quot;Kino&quot;","block_context":{"text":"Kino","link":"https:\/\/textundblog.de\/?cat=2"},"img":{"alt_text":"","src":"https:\/\/i0.wp.com\/textundblog.de\/wp-content\/sanseb2015kl.jpg?resize=350%2C200&ssl=1","width":350,"height":200},"classes":[]},{"id":4170,"url":"https:\/\/textundblog.de\/?p=4170","url_meta":{"origin":7151,"position":1},"title":"brandeins: Das Geheimnis hinter dem Erfolg des Argentinischen Kinos","author":"Markus","date":"15\/6\/2011","format":false,"excerpt":"Wer hier regelm\u00e4\u00dfig mit liest, wei\u00df, wie sehr ich das argentinische Kino mag. Alleine die Filme, die ich letztes Jahr in diesem Artikel vorgestellt hatte, sind es wert, dass man sich n\u00e4her mit dem argentinischen Film befasst. Bei der vergangen Ausgabe des Internationalen Filmfestivals in San Sebasti\u00e1n geh\u00f6rte auch ein\u2026","rel":"","context":"In &quot;Artikel&quot;","block_context":{"text":"Artikel","link":"https:\/\/textundblog.de\/?cat=5"},"img":{"alt_text":"Beispiel f\u00fcr gut gemachtes aktuelles Kino aus Argentinien: La Mirada Invisible","src":"https:\/\/i0.wp.com\/textundblog.de\/wp-content\/lamiradainvisible.jpg?resize=350%2C200&ssl=1","width":350,"height":200},"classes":[]},{"id":3557,"url":"https:\/\/textundblog.de\/?p=3557","url_meta":{"origin":7151,"position":2},"title":"La Nana &#8211; Die Perle: Verlosung von 5 x 2 Freikarten","author":"Markus","date":"10\/6\/2010","format":false,"excerpt":"Direktlink YouTube Ich verlose dank freundlicher Zurverf\u00fcgungstellung von Arsenal Film 5 x 2 Freikarten f\u00fcr den Film (gelten in allen deutschen Kinos), Infos zur Verlosung weiter unten. Wer sich ein Hausm\u00e4dchen in den Haushalt holt, mit dem ein Teil der Familie auf Kriegsfu\u00df steht, programmiert den Horror vor. Wenn ein\u2026","rel":"","context":"In &quot;Kino&quot;","block_context":{"text":"Kino","link":"https:\/\/textundblog.de\/?cat=2"},"img":{"alt_text":"La Nana - Die Perle - ab 17.6. in deutschen Kinos","src":"https:\/\/i0.wp.com\/textundblog.de\/wp-content\/Plakat_La_Nana.jpg?resize=350%2C200&ssl=1","width":350,"height":200},"classes":[]},{"id":772,"url":"https:\/\/textundblog.de\/?p=772","url_meta":{"origin":7151,"position":3},"title":"Max-Oph\u00fcls-Festival auf 3sat","author":"Markus","date":"5\/2\/2006","format":false,"excerpt":"Die Situation des deutschen Films scheint widerspr\u00fcchlich. F\u00fcr die Kinobesitzer war 2005 ein schlechtes Jahr. Andererseits feierten Produktionen made in Germany auf dem internationalen Markt ungeahnte Erfolge. Die beste Gelegenheit, den Zukunftstendenzen des deutschen Films nachzusp\u00fcren, ist das Saarbr\u00fccker Filmfestival Max-Oph\u00fcls-Preis, das im Januar 2006 zum 27. Mal stattgefunden hat.\u2026","rel":"","context":"In &quot;Kino&quot;","block_context":{"text":"Kino","link":"https:\/\/textundblog.de\/?cat=2"},"img":{"alt_text":"Max Oph\u00fcls Festival","src":".\/wp-content\/ophuelsmini.gif","width":350,"height":200},"classes":[]},{"id":10027,"url":"https:\/\/textundblog.de\/?p=10027","url_meta":{"origin":7151,"position":4},"title":"Festivalbericht San Sebastian 2021","author":"Markus","date":"10\/10\/2021","format":false,"excerpt":"Mein 26. Film-Festival in San Sebastian h\u00e4tte eigentlich mein 27. sein m\u00fcssen. War ich doch seit 1995 (!) ununterbrochen jedes Jahr auf diesem tollen internationalen Festival im Baskenland. Doch Corona hat diese sch\u00f6ne j\u00e4hrliche Regelm\u00e4\u00dfigkeit im Vorjahr unterbunden; 2020 konnte ich wegen der Pandemie nicht nach San Sebastian fahren. Dieses\u2026","rel":"","context":"In &quot;Kino&quot;","block_context":{"text":"Kino","link":"https:\/\/textundblog.de\/?cat=2"},"img":{"alt_text":"","src":"https:\/\/i0.wp.com\/textundblog.de\/wp-content\/sanseb-katalog2021.jpg?resize=350%2C200&ssl=1","width":350,"height":200},"classes":[]},{"id":7009,"url":"https:\/\/textundblog.de\/?p=7009","url_meta":{"origin":7151,"position":5},"title":"Karikatur von Jens Natter","author":"Markus","date":"22\/2\/2016","format":false,"excerpt":"Bin gestern Abend mit 56 gesehenen Filmen im Gep\u00e4ck von der Berlinale zur\u00fcckgekommen und habe mich sehr gefreut, diese wunderbare Karikatur von mir im Briefkasten vorzufinden, die der Hamburger Zeichner Jens Natter angefertigt hat. Ich finde, er hat mich gut getroffen, obwohl ich in Wahrheit nat\u00fcrlich viel sch\u00f6ner, j\u00fcnger, schlanker\u2026","rel":"","context":"In &quot;Foto&quot;","block_context":{"text":"Foto","link":"https:\/\/textundblog.de\/?cat=10"},"img":{"alt_text":"Karikatur von Jens Natter","src":"https:\/\/i0.wp.com\/textundblog.de\/wp-content\/karrikatur-jens-natter.jpg?resize=350%2C200&ssl=1","width":350,"height":200},"classes":[]}],"_links":{"self":[{"href":"https:\/\/textundblog.de\/index.php?rest_route=\/wp\/v2\/posts\/7151","targetHints":{"allow":["GET"]}}],"collection":[{"href":"https:\/\/textundblog.de\/index.php?rest_route=\/wp\/v2\/posts"}],"about":[{"href":"https:\/\/textundblog.de\/index.php?rest_route=\/wp\/v2\/types\/post"}],"author":[{"embeddable":true,"href":"https:\/\/textundblog.de\/index.php?rest_route=\/wp\/v2\/users\/1"}],"replies":[{"embeddable":true,"href":"https:\/\/textundblog.de\/index.php?rest_route=%2Fwp%2Fv2%2Fcomments&post=7151"}],"version-history":[{"count":0,"href":"https:\/\/textundblog.de\/index.php?rest_route=\/wp\/v2\/posts\/7151\/revisions"}],"wp:attachment":[{"href":"https:\/\/textundblog.de\/index.php?rest_route=%2Fwp%2Fv2%2Fmedia&parent=7151"}],"wp:term":[{"taxonomy":"category","embeddable":true,"href":"https:\/\/textundblog.de\/index.php?rest_route=%2Fwp%2Fv2%2Fcategories&post=7151"},{"taxonomy":"post_tag","embeddable":true,"href":"https:\/\/textundblog.de\/index.php?rest_route=%2Fwp%2Fv2%2Ftags&post=7151"}],"curies":[{"name":"wp","href":"https:\/\/api.w.org\/{rel}","templated":true}]}}