{"id":7112,"date":"2016-05-31T18:55:18","date_gmt":"2016-05-31T16:55:18","guid":{"rendered":"http:\/\/textundblog.de\/?p=7112"},"modified":"2017-01-09T00:43:54","modified_gmt":"2017-01-08T23:43:54","slug":"gruener-spargel-mit-in-honig-mariniertem-ziegenkaese","status":"publish","type":"post","link":"https:\/\/textundblog.de\/?p=7112","title":{"rendered":"Gr\u00fcner Spargel mit in Honig mariniertem Ziegenk\u00e4se"},"content":{"rendered":"<p>Einer der meist aufgerufenen Artikel dieses Blogs ist <a href=\"https:\/\/textundblog.de\/?p=2912\">Ger\u00f6steter Gr\u00fcner Spargel mit Oliven\u00f6l &#038; Balsamico<\/a> aus dem Jahr 2009. Es gab Jahre, da hab ich erst \u00fcber die Blogstatistik mitbekommen, dass Spargelzeit ist. Denn taucht der Artikel in den Aufrufen auf (ihr glaubt gar nicht, wie viele Menschen &#8222;Rezept Gr\u00fcner Spargel&#8220; in Google eingeben), wei\u00df ich, dass wieder Spargelzeit ist. Sieben Jahre nach der Ver\u00f6ffentlichung dieses Rezeptes ist es mal an der Zeit, meiner gesch\u00e4tzten und genussorientierten Leserschaft, eine Variante dieses famosen gr\u00fcnen Spargels aus dem Backofen anzubieten, die gleichzeitig auch Vegetarier erfreuen wird, da man den Schinken auch prima weglassen kann:<\/p>\n<p><strong>Gr\u00fcner Spargel mit in Honig mariniertem Ziegenk\u00e4se<\/strong><\/p>\n<p><a href=\"https:\/\/i0.wp.com\/textundblog.de\/wp-content\/ziegenkaese-spargel-gr.jpg?ssl=1\"><img data-recalc-dims=\"1\" loading=\"lazy\" decoding=\"async\" data-attachment-id=\"7113\" data-permalink=\"https:\/\/textundblog.de\/?attachment_id=7113\" data-orig-file=\"https:\/\/i0.wp.com\/textundblog.de\/wp-content\/ziegenkaese-spargel.jpg?fit=600%2C600&amp;ssl=1\" data-orig-size=\"600,600\" data-comments-opened=\"1\" data-image-meta=\"{&quot;aperture&quot;:&quot;0&quot;,&quot;credit&quot;:&quot;&quot;,&quot;camera&quot;:&quot;&quot;,&quot;caption&quot;:&quot;&quot;,&quot;created_timestamp&quot;:&quot;0&quot;,&quot;copyright&quot;:&quot;&quot;,&quot;focal_length&quot;:&quot;0&quot;,&quot;iso&quot;:&quot;0&quot;,&quot;shutter_speed&quot;:&quot;0&quot;,&quot;title&quot;:&quot;&quot;,&quot;orientation&quot;:&quot;0&quot;}\" data-image-title=\"ziegenkaese-spargel\" data-image-description=\"\" data-image-caption=\"\" data-large-file=\"https:\/\/i0.wp.com\/textundblog.de\/wp-content\/ziegenkaese-spargel.jpg?fit=600%2C600&amp;ssl=1\" title=\"Gr\u00fcner Spargel mit in Honig mariniertem Ziegenk\u00e4se\" src=\"https:\/\/i0.wp.com\/textundblog.de\/wp-content\/ziegenkaese-spargel.jpg?resize=600%2C600&#038;ssl=1\" alt=\"Gr\u00fcner Spargel mit in Honig mariniertem Ziegenk\u00e4se\" width=\"600\" height=\"600\" class=\"alignnone size-full wp-image-7113\" srcset=\"https:\/\/i0.wp.com\/textundblog.de\/wp-content\/ziegenkaese-spargel.jpg?w=600&amp;ssl=1 600w, https:\/\/i0.wp.com\/textundblog.de\/wp-content\/ziegenkaese-spargel.jpg?resize=150%2C150&amp;ssl=1 150w, https:\/\/i0.wp.com\/textundblog.de\/wp-content\/ziegenkaese-spargel.jpg?resize=300%2C300&amp;ssl=1 300w, https:\/\/i0.wp.com\/textundblog.de\/wp-content\/ziegenkaese-spargel.jpg?resize=144%2C144&amp;ssl=1 144w, https:\/\/i0.wp.com\/textundblog.de\/wp-content\/ziegenkaese-spargel.jpg?resize=40%2C40&amp;ssl=1 40w\" sizes=\"auto, (max-width: 600px) 100vw, 600px\" \/><\/a><\/p>\n<p>Die Zubereitung ist sehr einfach, von daher passt das Ganze auch gut zum gr\u00fcnen Spargel:<br \/>\n<!--more--><\/p>\n<p>In der Pfanne pro Ziegenk\u00e4se 1\/2 EL Butter zerlassen. Den Ziegenk\u00e4se darin leicht anbraten, mit Pfeffer und <em>Fleur de Sel<\/em> (zur Not auch normalem Salz) w\u00fcrzen und auf die angebratene Seite je einen halben Teel\u00f6ffel Honig geben, mit dem der Ziegenk\u00e4se dann noch mariniert wird, ehe man ihn auf die vorgeheizten (!) Teller zum Spargel gibt. In meiner Variante hab ich als Fleischesser noch Schinken aus der Kate dazugegeben, es geht aber sicher auch ohne. Die Kombination aus Spargel mit wei\u00dfem Balsamico und Ziegenk\u00e4se mit Honig l\u00f6st Geschmacksexplosionen auf dem Gaumen aus, die hier aus Gr\u00fcnden des Jugendschutzes in ihrer k\u00f6rperlichen Auswirkung nicht n\u00e4her beschrieben werden k\u00f6nnen.<\/p>\n<p>Guten Appetit!<\/p>\n","protected":false},"excerpt":{"rendered":"<p>Einer der meist aufgerufenen Artikel dieses Blogs ist Ger\u00f6steter Gr\u00fcner Spargel mit Oliven\u00f6l &#038; Balsamico aus dem Jahr 2009. Es gab Jahre, da hab ich erst \u00fcber die Blogstatistik mitbekommen, dass Spargelzeit ist. Denn taucht der Artikel in den Aufrufen auf (ihr glaubt gar nicht, wie viele Menschen &#8222;Rezept Gr\u00fcner Spargel&#8220; in Google eingeben), wei\u00df [&hellip;]<\/p>\n","protected":false},"author":1,"featured_media":0,"comment_status":"open","ping_status":"open","sticky":false,"template":"","format":"standard","meta":{"site-sidebar-layout":"default","site-content-layout":"","ast-site-content-layout":"default","site-content-style":"default","site-sidebar-style":"default","ast-global-header-display":"","ast-banner-title-visibility":"","ast-main-header-display":"","ast-hfb-above-header-display":"","ast-hfb-below-header-display":"","ast-hfb-mobile-header-display":"","site-post-title":"","ast-breadcrumbs-content":"","ast-featured-img":"","footer-sml-layout":"","theme-transparent-header-meta":"","adv-header-id-meta":"","stick-header-meta":"","header-above-stick-meta":"","header-main-stick-meta":"","header-below-stick-meta":"","astra-migrate-meta-layouts":"default","ast-page-background-enabled":"default","ast-page-background-meta":{"desktop":{"background-color":"var(--ast-global-color-4)","background-image":"","background-repeat":"repeat","background-position":"center center","background-size":"auto","background-attachment":"scroll","background-type":"","background-media":"","overlay-type":"","overlay-color":"","overlay-opacity":"","overlay-gradient":""},"tablet":{"background-color":"","background-image":"","background-repeat":"repeat","background-position":"center center","background-size":"auto","background-attachment":"scroll","background-type":"","background-media":"","overlay-type":"","overlay-color":"","overlay-opacity":"","overlay-gradient":""},"mobile":{"background-color":"","background-image":"","background-repeat":"repeat","background-position":"center center","background-size":"auto","background-attachment":"scroll","background-type":"","background-media":"","overlay-type":"","overlay-color":"","overlay-opacity":"","overlay-gradient":""}},"ast-content-background-meta":{"desktop":{"background-color":"var(--ast-global-color-5)","background-image":"","background-repeat":"repeat","background-position":"center center","background-size":"auto","background-attachment":"scroll","background-type":"","background-media":"","overlay-type":"","overlay-color":"","overlay-opacity":"","overlay-gradient":""},"tablet":{"background-color":"var(--ast-global-color-5)","background-image":"","background-repeat":"repeat","background-position":"center center","background-size":"auto","background-attachment":"scroll","background-type":"","background-media":"","overlay-type":"","overlay-color":"","overlay-opacity":"","overlay-gradient":""},"mobile":{"background-color":"var(--ast-global-color-5)","background-image":"","background-repeat":"repeat","background-position":"center center","background-size":"auto","background-attachment":"scroll","background-type":"","background-media":"","overlay-type":"","overlay-color":"","overlay-opacity":"","overlay-gradient":""}},"ngg_post_thumbnail":0,"jetpack_post_was_ever_published":false,"_jetpack_newsletter_access":"","_jetpack_dont_email_post_to_subs":true,"_jetpack_newsletter_tier_id":0,"_jetpack_memberships_contains_paywalled_content":false,"_jetpack_memberships_contains_paid_content":false,"footnotes":""},"categories":[85],"tags":[],"class_list":["post-7112","post","type-post","status-publish","format-standard","hentry","category-rezepte"],"jetpack_featured_media_url":"","jetpack_sharing_enabled":true,"jetpack_shortlink":"https:\/\/wp.me\/p4uzZ-1QI","jetpack-related-posts":[{"id":2912,"url":"https:\/\/textundblog.de\/?p=2912","url_meta":{"origin":7112,"position":0},"title":"Ger\u00f6steter Gr\u00fcner Spargel mit Oliven\u00f6l &amp; Balsamico","author":"Markus","date":"19\/4\/2009","format":false,"excerpt":"Ich habe selten ein Gericht gekocht, dass so einfach in der Zubereitung und gleichzeitig so lecker geworden ist: Gr\u00fcner Spargel im Backofen ger\u00f6stet. Angeregt wurde ich durch ein Rezept auf Fool for Food, einem von Deutschlands besten Kochblogs (das ist keine \u00dcbertreibung sondern schlichtweg Realit\u00e4t, meine Damen und Herren): \u00abGer\u00f6steter\u2026","rel":"","context":"In &quot;Rezepte&quot;","block_context":{"text":"Rezepte","link":"https:\/\/textundblog.de\/?cat=85"},"img":{"alt_text":"Gr\u00fcner Spargel mit rohem Schinken & Reis","src":"https:\/\/i0.wp.com\/textundblog.de\/wp-content\/gruenspargelschinken.jpg?resize=350%2C200&ssl=1","width":350,"height":200},"classes":[]},{"id":11004,"url":"https:\/\/textundblog.de\/?p=11004","url_meta":{"origin":7112,"position":1},"title":"Brioche","author":"Markus Trapp","date":"21\/4\/2025","format":false,"excerpt":"Heute Morgen hab ich zum ersten Mal Brioches gebacken. Den Teig hab ich 24 Stunden im K\u00fchlschrank ruhen lassen und heraus gekommen sind diese wunderbaren Brioches: Beim Fr\u00fchst\u00fcck genossen mit Erdbeer-Marmelde, Mango und - mein Favorit - mit Ziegenk\u00e4se und Honig. Sind super leicht zuzubereiten. Wie\u2018s geht, erfahrt ihr bei\u2026","rel":"","context":"In &quot;Rezepte&quot;","block_context":{"text":"Rezepte","link":"https:\/\/textundblog.de\/?cat=85"},"img":{"alt_text":"Brioche","src":"https:\/\/i0.wp.com\/textundblog.de\/wp-content\/IMG_7033-1024x768.jpeg?resize=350%2C200&ssl=1","width":350,"height":200,"srcset":"https:\/\/i0.wp.com\/textundblog.de\/wp-content\/IMG_7033-1024x768.jpeg?resize=350%2C200&ssl=1 1x, https:\/\/i0.wp.com\/textundblog.de\/wp-content\/IMG_7033-1024x768.jpeg?resize=525%2C300&ssl=1 1.5x, https:\/\/i0.wp.com\/textundblog.de\/wp-content\/IMG_7033-1024x768.jpeg?resize=700%2C400&ssl=1 2x"},"classes":[]},{"id":5362,"url":"https:\/\/textundblog.de\/?p=5362","url_meta":{"origin":7112,"position":2},"title":"Tweet der Woche: Saisonales Tweetgut","author":"Markus","date":"3\/5\/2013","format":false,"excerpt":"Spargel und Erdbeere sind typische Saisong\u00fcter. Es gibt sie zwar irgendwie das ganze Jahr \u00fcber zu kaufen, aber richtig schmackhaft und \u00f6kologisch sinnvoll ist ihr Verzehr nur in der daf\u00fcr vorgesehenen Zeit April-Juni. Niemand hat das in dieser Woche besser ausgedr\u00fcckt, als das schlaue Twitter-H\u00e4schen @Bunny Riot. Klarer Tweet der\u2026","rel":"","context":"In &quot;Bluesky&quot;","block_context":{"text":"Bluesky","link":"https:\/\/textundblog.de\/?cat=33"},"img":{"alt_text":"","src":"https:\/\/i0.wp.com\/textundblog.de\/wp-content\/bunnyriot-tdw052013.png?resize=350%2C200&ssl=1","width":350,"height":200},"classes":[]},{"id":3540,"url":"https:\/\/textundblog.de\/?p=3540","url_meta":{"origin":7112,"position":3},"title":"Salzprojekt macht Fleur de Sel erschwinglich","author":"Markus","date":"31\/5\/2010","format":false,"excerpt":"Dass ich Fleur de Sel liebe, hab ich in den letzten beiden Jahren schon des \u00f6fteren auf Text & Blog erw\u00e4hnt. Wo ich es in Wandsbek kaufen kann, hab ich - siehe das erste Posting zum Thema - von meiner Nachbarin Frau Fool for Food erfahren. Wie gro\u00dfartig so ein\u2026","rel":"","context":"In &quot;Allgemeines&quot;","block_context":{"text":"Allgemeines","link":"https:\/\/textundblog.de\/?cat=1"},"img":{"alt_text":"Fleur de Sel - auf Tomaten, ein Traum!","src":"https:\/\/i0.wp.com\/textundblog.de\/wp-content\/fleurdesel-tomaten-nah.jpg?resize=350%2C200&ssl=1","width":350,"height":200},"classes":[]},{"id":2421,"url":"https:\/\/textundblog.de\/?p=2421","url_meta":{"origin":7112,"position":4},"title":"Hamburger K\u00fcche und Heimkost","author":"Markus","date":"7\/8\/2008","format":false,"excerpt":"Ich sag's ja immer: in WandsbekZugegeben: HH K&H liefert im gesamten Stadtgebiet, aber gesehen hab ich es nun mal in meinem sch\u00f6nen Heimatstadtteil Wandsbek, genau hier, unweit meiner Wohnung, in der Lengerckestra\u00dfe gibt's die tollsten Sachen. Sogar Autos mit T\u00f6ppen aufm Dach. M\u00f6glich macht's die Hamburger K\u00fcche und Heimkost. Wer\u2026","rel":"","context":"In &quot;Foto&quot;","block_context":{"text":"Foto","link":"https:\/\/textundblog.de\/?cat=10"},"img":{"alt_text":"Hamburger K\u00fcche und Heimkost: Wagen mit Topf auf dem Dach","src":"https:\/\/i0.wp.com\/textundblog.de\/wp-content\/hhkuecheheimkost.jpg?resize=350%2C200&ssl=1","width":350,"height":200},"classes":[]},{"id":3385,"url":"https:\/\/textundblog.de\/?p=3385","url_meta":{"origin":7112,"position":5},"title":"Website Produktdesign Ralph Kr\u00e4mer aktualisiert","author":"Markus","date":"7\/2\/2010","format":false,"excerpt":"Meine Arbeit macht vor allem dann Spa\u00df, wenn ich meine Kunden damit zufrieden stelle und wenn ich es dann noch mit ansprechenden Inhalten zu tun habe. Ich freu mich, wenn ich f\u00fcr arte 'ne gute \u00dcbersetzung von interessanten spanischsprachigen Filmen abliefere, oder wenn ich meinen Webdesign-Kunden ihre Site so gestalten\u2026","rel":"","context":"In &quot;Saarland&quot;","block_context":{"text":"Saarland","link":"https:\/\/textundblog.de\/?cat=12"},"img":{"alt_text":"Ralph Kr\u00e4mer gestaltet tolle Produkte: hier ein Kr\u00e4utermesser","src":"https:\/\/i0.wp.com\/textundblog.de\/wp-content\/rk-kraeutermesser.jpg?resize=350%2C200&ssl=1","width":350,"height":200},"classes":[]}],"_links":{"self":[{"href":"https:\/\/textundblog.de\/index.php?rest_route=\/wp\/v2\/posts\/7112","targetHints":{"allow":["GET"]}}],"collection":[{"href":"https:\/\/textundblog.de\/index.php?rest_route=\/wp\/v2\/posts"}],"about":[{"href":"https:\/\/textundblog.de\/index.php?rest_route=\/wp\/v2\/types\/post"}],"author":[{"embeddable":true,"href":"https:\/\/textundblog.de\/index.php?rest_route=\/wp\/v2\/users\/1"}],"replies":[{"embeddable":true,"href":"https:\/\/textundblog.de\/index.php?rest_route=%2Fwp%2Fv2%2Fcomments&post=7112"}],"version-history":[{"count":0,"href":"https:\/\/textundblog.de\/index.php?rest_route=\/wp\/v2\/posts\/7112\/revisions"}],"wp:attachment":[{"href":"https:\/\/textundblog.de\/index.php?rest_route=%2Fwp%2Fv2%2Fmedia&parent=7112"}],"wp:term":[{"taxonomy":"category","embeddable":true,"href":"https:\/\/textundblog.de\/index.php?rest_route=%2Fwp%2Fv2%2Fcategories&post=7112"},{"taxonomy":"post_tag","embeddable":true,"href":"https:\/\/textundblog.de\/index.php?rest_route=%2Fwp%2Fv2%2Ftags&post=7112"}],"curies":[{"name":"wp","href":"https:\/\/api.w.org\/{rel}","templated":true}]}}