{"id":7091,"date":"2016-05-06T15:02:06","date_gmt":"2016-05-06T13:02:06","guid":{"rendered":"http:\/\/textundblog.de\/?p=7091"},"modified":"2016-05-06T15:29:09","modified_gmt":"2016-05-06T13:29:09","slug":"ich-mag-es-wie-sasa_s-und-davidhug-auf-twitter-miteinander-kommunizieren","status":"publish","type":"post","link":"https:\/\/textundblog.de\/?p=7091","title":{"rendered":"Ich mag &#8222;es&#8220;, wie @sasa_s und @davidhug auf Twitter miteinander kommunizieren"},"content":{"rendered":"<p><a href=\"https:\/\/textundblog.de\/?tag=tweetderwoche\"> <img loading=\"lazy\" decoding=\"async\" src=\"wp-images\/tweetderwoche2-200x96.jpg\" alt=\"Tweet der Woche\" title=\"Tweet der Woche\" height=\"96\" width=\"200\" class=\"bildrechts\" \/><\/a> Wie gestern schon auf Twitter <a href=\"https:\/\/twitter.com\/textundblog\/status\/728163502079279104\">gestanden<\/a>, mag ich die Frage-Antwort-Spielchen von <a href=\"https:\/\/twitter.com\/sasa_s\/\">@sasa_s<\/a> und <a href=\"https:\/\/twitter.com\/davidhug\/\">@davidhug<\/a>. Die beiden Textakrobaten spielen sich absurde Zitate aus Presse- oder Werbetexten zu. Die Antworten sind dabei mindestens so lesenswert wie die Fragen. Beides ein gro\u00dfer Spa\u00df. Seht selbst, der Tweet der Woche &#8211; in diesem Fall nur ein Beispiel dieses umfangreichen Textschaffens &#8211; zeigt &#8222;es&#8220; ganz gut:<\/p>\n<p>https:\/\/twitter.com\/sasa_s\/status\/727877354396233728<\/p>\n<p>Weitere Beispiele dieses bisher noch wenig erforschten Microblogging-Genres liefert die <a href=\"https:\/\/twitter.com\/search?q=%40sasa_s%20%40davidhug&#038;src=typd\">Twittersuche<\/a>, speist man sie mit den Namen der beiden Autoren. Da hat sich bereits ein Textk\u00f6rper angesammelt, der sich der literaturwissenschaftlichen Feldforschung geradezu aufdr\u00e4ngt. Ich liebe es ja, Twitter mit den Werkszeugen der Germanistik zu analysieren und m\u00f6chte bei dieser Gelegenheit an <a href=\"https:\/\/textundblog.de\/?p=2457\">meine erste Twitkrit<\/a> von vor ewigen Zeiten (wir sprechen hier \u00fcber das Jahr 2008) erinnern, bei der ich ein Standardwerk der Germanistik, Eberhard L\u00e4mmerts \u00abBauformen des Erz\u00e4hlens\u00bb, auf einen Tweet von Frau Lorelei angewandt habe.<\/p>\n<p>Hier geht&#8217;s zu den vergangenen <a href=\"https:\/\/textundblog.de\/?tag=tweetderwoche\">Tweets der Woche<\/a>.<\/p>\n","protected":false},"excerpt":{"rendered":"<p>Wie gestern schon auf Twitter gestanden, mag ich die Frage-Antwort-Spielchen von @sasa_s und @davidhug. Die beiden Textakrobaten spielen sich absurde Zitate aus Presse- oder Werbetexten zu. Die Antworten sind dabei mindestens so lesenswert wie die Fragen. Beides ein gro\u00dfer Spa\u00df. Seht selbst, der Tweet der Woche &#8211; in diesem Fall nur ein Beispiel dieses umfangreichen [&hellip;]<\/p>\n","protected":false},"author":1,"featured_media":0,"comment_status":"open","ping_status":"open","sticky":false,"template":"","format":"standard","meta":{"site-sidebar-layout":"default","site-content-layout":"","ast-site-content-layout":"default","site-content-style":"default","site-sidebar-style":"default","ast-global-header-display":"","ast-banner-title-visibility":"","ast-main-header-display":"","ast-hfb-above-header-display":"","ast-hfb-below-header-display":"","ast-hfb-mobile-header-display":"","site-post-title":"","ast-breadcrumbs-content":"","ast-featured-img":"","footer-sml-layout":"","theme-transparent-header-meta":"","adv-header-id-meta":"","stick-header-meta":"","header-above-stick-meta":"","header-main-stick-meta":"","header-below-stick-meta":"","astra-migrate-meta-layouts":"default","ast-page-background-enabled":"default","ast-page-background-meta":{"desktop":{"background-color":"var(--ast-global-color-4)","background-image":"","background-repeat":"repeat","background-position":"center center","background-size":"auto","background-attachment":"scroll","background-type":"","background-media":"","overlay-type":"","overlay-color":"","overlay-opacity":"","overlay-gradient":""},"tablet":{"background-color":"","background-image":"","background-repeat":"repeat","background-position":"center center","background-size":"auto","background-attachment":"scroll","background-type":"","background-media":"","overlay-type":"","overlay-color":"","overlay-opacity":"","overlay-gradient":""},"mobile":{"background-color":"","background-image":"","background-repeat":"repeat","background-position":"center center","background-size":"auto","background-attachment":"scroll","background-type":"","background-media":"","overlay-type":"","overlay-color":"","overlay-opacity":"","overlay-gradient":""}},"ast-content-background-meta":{"desktop":{"background-color":"var(--ast-global-color-5)","background-image":"","background-repeat":"repeat","background-position":"center center","background-size":"auto","background-attachment":"scroll","background-type":"","background-media":"","overlay-type":"","overlay-color":"","overlay-opacity":"","overlay-gradient":""},"tablet":{"background-color":"var(--ast-global-color-5)","background-image":"","background-repeat":"repeat","background-position":"center center","background-size":"auto","background-attachment":"scroll","background-type":"","background-media":"","overlay-type":"","overlay-color":"","overlay-opacity":"","overlay-gradient":""},"mobile":{"background-color":"var(--ast-global-color-5)","background-image":"","background-repeat":"repeat","background-position":"center center","background-size":"auto","background-attachment":"scroll","background-type":"","background-media":"","overlay-type":"","overlay-color":"","overlay-opacity":"","overlay-gradient":""}},"ngg_post_thumbnail":0,"jetpack_post_was_ever_published":false,"_jetpack_newsletter_access":"","_jetpack_dont_email_post_to_subs":false,"_jetpack_newsletter_tier_id":0,"_jetpack_memberships_contains_paywalled_content":false,"_jetpack_memberships_contains_paid_content":false,"footnotes":""},"categories":[4],"tags":[77],"class_list":["post-7091","post","type-post","status-publish","format-standard","hentry","category-internet","tag-tweetderwoche"],"jetpack_featured_media_url":"","jetpack_sharing_enabled":true,"jetpack_shortlink":"https:\/\/wp.me\/p4uzZ-1Qn","jetpack-related-posts":[{"id":5300,"url":"https:\/\/textundblog.de\/?p=5300","url_meta":{"origin":7091,"position":0},"title":"Tweet der Woche: Echtzeitmedium","author":"Markus","date":"15\/3\/2013","format":false,"excerpt":"Es gibt ja Menschen die behaupten, sie w\u00fcrden Twitter nicht nutzen, \"weil sie ja schon bei Facebook sind\". Dabei sind diese beiden sozialen Netze doch so grundverschieden. Mit dem \u00abTweet der Woche\u00bb legt Twitterexperte @Einstueckkaese das Augenmerk auf den wesentlichen Unterschied zwischen den beiden Sozialen Netzwerken. Und er tut das\u2026","rel":"","context":"In &quot;Bluesky&quot;","block_context":{"text":"Bluesky","link":"https:\/\/textundblog.de\/?cat=33"},"img":{"alt_text":"","src":"https:\/\/i0.wp.com\/textundblog.de\/wp-content\/einstueckkaese-tdw032013.png?resize=350%2C200&ssl=1","width":350,"height":200},"classes":[]},{"id":6080,"url":"https:\/\/textundblog.de\/?p=6080","url_meta":{"origin":7091,"position":1},"title":"\u00dcber die allm\u00e4hliche Verfertigung der Gedanken beim Reden","author":"Markus","date":"22\/6\/2014","format":false,"excerpt":"Eine Germanistik-DozentinKarin Lorenz-Lindemann an der Universit\u00e4t des Saarlandes meinte mal im Studium zu mir, ich h\u00e4tte so was Kleist'sches in meiner Sprache. Es sei eine Freude, mir bei Vortr\u00e4gen zuzuh\u00f6ren. Extrem geschmeichelt zwar von so einem vermessenen Vergleich, musste ich zur Entt\u00e4uschung der Lobsprecherin zugeben, bis dato au\u00dfer Pflicht-Schullekt\u00fcre nichts\u2026","rel":"","context":"In &quot;Literatur&quot;","block_context":{"text":"Literatur","link":"https:\/\/textundblog.de\/?cat=11"},"img":{"alt_text":"","src":"https:\/\/i0.wp.com\/textundblog.de\/wp-content\/kleist-cloud.jpg?resize=350%2C200&ssl=1","width":350,"height":200},"classes":[]},{"id":5307,"url":"https:\/\/textundblog.de\/?p=5307","url_meta":{"origin":7091,"position":2},"title":"Lustiger, ungel\u00f6schter Tweet der Woche","author":"Markus","date":"22\/3\/2013","format":false,"excerpt":"H\u00e4tte der gute Peer diesen Tweet nicht gel\u00f6scht, w\u00e4re das ganz klar der Tweet der Woche geworden. Aber, da er ihn rasch wieder gel\u00f6scht hat, bleibt nur zu vermerken, dass der Kandidat genau so peinlich ist, wie seine Partei. Die im Gegensatz zu Steinbr\u00fcck progressiven Kr\u00e4fte in der SPD haben\u2026","rel":"","context":"In &quot;Bluesky&quot;","block_context":{"text":"Bluesky","link":"https:\/\/textundblog.de\/?cat=33"},"img":{"alt_text":"","src":"https:\/\/i0.wp.com\/textundblog.de\/wp-content\/coop-tdw032013.png?resize=350%2C200&ssl=1","width":350,"height":200},"classes":[]},{"id":982,"url":"https:\/\/textundblog.de\/?p=982","url_meta":{"origin":7091,"position":3},"title":"Fragen und Antworten aus dem Bibliothekswesen","author":"Markus","date":"3\/6\/2006","format":false,"excerpt":"Die Universit\u00e4tsbibliothek T\u00fcbingen ver\u00f6ffentlicht mehrfach im Jahr eine Zeitschrift mit Infos aus der Welt der Bibliotheken. Gestern ist das neueste Exemplar der T\u00fcbinger Bibliotheksinformationen erschienen (2006, Heft 1: 1,14 MB als pdf). Neben Infos zur UB T\u00fcbingen und Beitr\u00e4gen zum diesj\u00e4hrigen Bibliothekartag in Dresden finden sich darin auch zwei lesenswerte\u2026","rel":"","context":"In &quot;Informationskompetenz&quot;","block_context":{"text":"Informationskompetenz","link":"https:\/\/textundblog.de\/?cat=16"},"img":{"alt_text":"","src":"","width":0,"height":0},"classes":[]},{"id":7066,"url":"https:\/\/textundblog.de\/?p=7066","url_meta":{"origin":7091,"position":4},"title":"Wertvolle Sonntagslekt\u00fcren dank Twitter","author":"Markus","date":"17\/4\/2016","format":false,"excerpt":"Twitter ist einfach wunderbar. Wenn man sich die Zeit nimmt, eine Timeline zu kuratieren (d.h. den richtigen Leuten zu folgen), die einem interessante Links beschert, profitiert man davon ungemein, Tag f\u00fcr Tag. Ich investiere jeden Tag mehrere Stunden in Twitter. Ok, es geh\u00f6rt auch zu meinem Job auf Twitter aktiv\u2026","rel":"","context":"In &quot;Artikel&quot;","block_context":{"text":"Artikel","link":"https:\/\/textundblog.de\/?cat=5"},"img":{"alt_text":"","src":"https:\/\/i0.wp.com\/textundblog.de\/wp-content\/talent30.jpg?resize=350%2C200&ssl=1","width":350,"height":200},"classes":[]},{"id":3422,"url":"https:\/\/textundblog.de\/?p=3422","url_meta":{"origin":7091,"position":5},"title":"Von Schauspielern und \u00dcbersetzern\u2026","author":"Markus","date":"8\/3\/2010","format":false,"excerpt":"Direktlink YouTube Von Schauspielern und \u00dcbersetzern\u2026 war hier schon einmal die Rede. Und der Vergleich soll heute noch mal zur Sprache gebracht werden. Christoph Waltz ist ohne Zweifel ein gro\u00dfer Schauspieler. Er hat heute Nacht vollkommen zurecht f\u00fcr seine Darstellung eines \"kultivierten\" Nazis in Tarantinos \u00abInglorious Basterds\u00bb den Oscar bekommen.\u2026","rel":"","context":"In &quot;Kino&quot;","block_context":{"text":"Kino","link":"https:\/\/textundblog.de\/?cat=2"},"img":{"alt_text":"","src":"","width":0,"height":0},"classes":[]}],"_links":{"self":[{"href":"https:\/\/textundblog.de\/index.php?rest_route=\/wp\/v2\/posts\/7091","targetHints":{"allow":["GET"]}}],"collection":[{"href":"https:\/\/textundblog.de\/index.php?rest_route=\/wp\/v2\/posts"}],"about":[{"href":"https:\/\/textundblog.de\/index.php?rest_route=\/wp\/v2\/types\/post"}],"author":[{"embeddable":true,"href":"https:\/\/textundblog.de\/index.php?rest_route=\/wp\/v2\/users\/1"}],"replies":[{"embeddable":true,"href":"https:\/\/textundblog.de\/index.php?rest_route=%2Fwp%2Fv2%2Fcomments&post=7091"}],"version-history":[{"count":0,"href":"https:\/\/textundblog.de\/index.php?rest_route=\/wp\/v2\/posts\/7091\/revisions"}],"wp:attachment":[{"href":"https:\/\/textundblog.de\/index.php?rest_route=%2Fwp%2Fv2%2Fmedia&parent=7091"}],"wp:term":[{"taxonomy":"category","embeddable":true,"href":"https:\/\/textundblog.de\/index.php?rest_route=%2Fwp%2Fv2%2Fcategories&post=7091"},{"taxonomy":"post_tag","embeddable":true,"href":"https:\/\/textundblog.de\/index.php?rest_route=%2Fwp%2Fv2%2Ftags&post=7091"}],"curies":[{"name":"wp","href":"https:\/\/api.w.org\/{rel}","templated":true}]}}