{"id":7040,"date":"2016-03-20T12:01:05","date_gmt":"2016-03-20T11:01:05","guid":{"rendered":"http:\/\/textundblog.de\/?p=7040"},"modified":"2016-03-20T12:36:07","modified_gmt":"2016-03-20T11:36:07","slug":"bilder-aus-einem-land-im-wandel-kuba","status":"publish","type":"post","link":"https:\/\/textundblog.de\/?p=7040","title":{"rendered":"Bilder aus einem Land im Wandel: Kuba"},"content":{"rendered":"<p><a href=\"http:\/\/www.nytimes.com\/interactive\/2016\/03\/19\/world\/americas\/cuba-on-the-edge-of-change-photo-essay.html\" rel=\"attachment wp-att-7041\"><img data-recalc-dims=\"1\" loading=\"lazy\" decoding=\"async\" data-attachment-id=\"7041\" data-permalink=\"https:\/\/textundblog.de\/?attachment_id=7041\" data-orig-file=\"https:\/\/i0.wp.com\/textundblog.de\/wp-content\/cuba-change-nyt.jpg?fit=600%2C407&amp;ssl=1\" data-orig-size=\"600,407\" data-comments-opened=\"1\" data-image-meta=\"{&quot;aperture&quot;:&quot;0&quot;,&quot;credit&quot;:&quot;&quot;,&quot;camera&quot;:&quot;&quot;,&quot;caption&quot;:&quot;&quot;,&quot;created_timestamp&quot;:&quot;0&quot;,&quot;copyright&quot;:&quot;&quot;,&quot;focal_length&quot;:&quot;0&quot;,&quot;iso&quot;:&quot;0&quot;,&quot;shutter_speed&quot;:&quot;0&quot;,&quot;title&quot;:&quot;&quot;,&quot;orientation&quot;:&quot;0&quot;}\" data-image-title=\"cuba-change-nyt\" data-image-description=\"\" data-image-caption=\"\" data-large-file=\"https:\/\/i0.wp.com\/textundblog.de\/wp-content\/cuba-change-nyt.jpg?fit=600%2C407&amp;ssl=1\" title=\"NY Times: Cuba on the Edge of Change\" src=\"https:\/\/i0.wp.com\/textundblog.de\/wp-content\/cuba-change-nyt.jpg?resize=600%2C407&#038;ssl=1\" alt=\"NY Times: Cuba on the Edge of Change\" width=\"600\" height=\"407\" class=\"alignnone size-full wp-image-7041\" srcset=\"https:\/\/i0.wp.com\/textundblog.de\/wp-content\/cuba-change-nyt.jpg?w=600&amp;ssl=1 600w, https:\/\/i0.wp.com\/textundblog.de\/wp-content\/cuba-change-nyt.jpg?resize=300%2C204&amp;ssl=1 300w\" sizes=\"auto, (max-width: 600px) 100vw, 600px\" \/><\/a><\/p>\n<p>Ganz starke Bilder im Foto-Feature der NY Times, das neben diesen bildlichen Eindr\u00fccken auch dadurch positiv auff\u00e4llt, dass es f\u00fcr mobile Endger\u00e4te optimiert wurde. Das aber auch am Desktop die gro\u00dfen Bilder mit kurzen Texten sehr gut zur Wirkung kommen l\u00e4sst: <a href=\"http:\/\/www.nytimes.com\/interactive\/2016\/03\/19\/world\/americas\/cuba-on-the-edge-of-change-photo-essay.html\">Cuba on the Edge of Change<\/a>.<\/p>\n<p>[via <a href=\"https:\/\/twitter.com\/markheywinkel\/status\/711473881274585088\">@markheywinkel<\/a>]<\/p>\n","protected":false},"excerpt":{"rendered":"<p>Ganz starke Bilder im Foto-Feature der NY Times, das neben diesen bildlichen Eindr\u00fccken auch dadurch positiv auff\u00e4llt, dass es f\u00fcr mobile Endger\u00e4te optimiert wurde. Das aber auch am Desktop die gro\u00dfen Bilder mit kurzen Texten sehr gut zur Wirkung kommen l\u00e4sst: Cuba on the Edge of Change. [via @markheywinkel]<\/p>\n","protected":false},"author":1,"featured_media":0,"comment_status":"open","ping_status":"open","sticky":false,"template":"","format":"standard","meta":{"site-sidebar-layout":"default","site-content-layout":"","ast-site-content-layout":"default","site-content-style":"default","site-sidebar-style":"default","ast-global-header-display":"","ast-banner-title-visibility":"","ast-main-header-display":"","ast-hfb-above-header-display":"","ast-hfb-below-header-display":"","ast-hfb-mobile-header-display":"","site-post-title":"","ast-breadcrumbs-content":"","ast-featured-img":"","footer-sml-layout":"","theme-transparent-header-meta":"","adv-header-id-meta":"","stick-header-meta":"","header-above-stick-meta":"","header-main-stick-meta":"","header-below-stick-meta":"","astra-migrate-meta-layouts":"default","ast-page-background-enabled":"default","ast-page-background-meta":{"desktop":{"background-color":"var(--ast-global-color-4)","background-image":"","background-repeat":"repeat","background-position":"center center","background-size":"auto","background-attachment":"scroll","background-type":"","background-media":"","overlay-type":"","overlay-color":"","overlay-opacity":"","overlay-gradient":""},"tablet":{"background-color":"","background-image":"","background-repeat":"repeat","background-position":"center center","background-size":"auto","background-attachment":"scroll","background-type":"","background-media":"","overlay-type":"","overlay-color":"","overlay-opacity":"","overlay-gradient":""},"mobile":{"background-color":"","background-image":"","background-repeat":"repeat","background-position":"center center","background-size":"auto","background-attachment":"scroll","background-type":"","background-media":"","overlay-type":"","overlay-color":"","overlay-opacity":"","overlay-gradient":""}},"ast-content-background-meta":{"desktop":{"background-color":"var(--ast-global-color-5)","background-image":"","background-repeat":"repeat","background-position":"center center","background-size":"auto","background-attachment":"scroll","background-type":"","background-media":"","overlay-type":"","overlay-color":"","overlay-opacity":"","overlay-gradient":""},"tablet":{"background-color":"var(--ast-global-color-5)","background-image":"","background-repeat":"repeat","background-position":"center center","background-size":"auto","background-attachment":"scroll","background-type":"","background-media":"","overlay-type":"","overlay-color":"","overlay-opacity":"","overlay-gradient":""},"mobile":{"background-color":"var(--ast-global-color-5)","background-image":"","background-repeat":"repeat","background-position":"center center","background-size":"auto","background-attachment":"scroll","background-type":"","background-media":"","overlay-type":"","overlay-color":"","overlay-opacity":"","overlay-gradient":""}},"ngg_post_thumbnail":0,"jetpack_post_was_ever_published":false,"_jetpack_newsletter_access":"","_jetpack_dont_email_post_to_subs":false,"_jetpack_newsletter_tier_id":0,"_jetpack_memberships_contains_paywalled_content":false,"_jetpack_memberships_contains_paid_content":false,"footnotes":""},"categories":[5,10],"tags":[],"class_list":["post-7040","post","type-post","status-publish","format-standard","hentry","category-artikel","category-foto"],"jetpack_featured_media_url":"","jetpack_sharing_enabled":true,"jetpack_shortlink":"https:\/\/wp.me\/p4uzZ-1Py","jetpack-related-posts":[{"id":2490,"url":"https:\/\/textundblog.de\/?p=2490","url_meta":{"origin":7040,"position":0},"title":"Blow up in Brandenburg","author":"Markus","date":"6\/9\/2008","format":false,"excerpt":"Foto auf Flickr in gro\u00df Wegen der gestern unternommenen Draisinentour durch Brandenburg bin ich \u00fcbers Wochenende in Berlin. Ein Blogartikel \u00fcber die sehr nette und interessante Tour folgt noch, aber ein kurioses Fotodetail gibt es schon mal vorneweg. In J\u00fcterbog hatte ich auf einer menschenleeren Stra\u00dfe dieses Foto eines ebenso\u2026","rel":"","context":"In &quot;Foto&quot;","block_context":{"text":"Foto","link":"https:\/\/textundblog.de\/?cat=10"},"img":{"alt_text":"Haus in J\u00fcterbog","src":"https:\/\/i0.wp.com\/textundblog.de\/wp-content\/jueterboghaus.jpg?resize=350%2C200&ssl=1","width":350,"height":200},"classes":[]},{"id":2145,"url":"https:\/\/textundblog.de\/?p=2145","url_meta":{"origin":7040,"position":1},"title":"Fotoausstellung im Saarbr\u00fccker Silo","author":"Markus","date":"13\/4\/2008","format":false,"excerpt":"Foto: saschamarkus, Flickr Volker Sch\u00fctz ist ein begnadeter Fotok\u00fcnstler. Was er mit Bildern alles anstellen kann, hat er unter anderem in Christian Schmidt-Davids Dokumentarfilm \u00fcber die Lomographie, Love & Motion, unter Beweis gestellt. Volker schickt mir folgenden Hinweis, den ich gerne an die Fotografen unter euch weitergeben m\u00f6chte: Gesucht werden\u2026","rel":"","context":"In &quot;Foto&quot;","block_context":{"text":"Foto","link":"https:\/\/textundblog.de\/?cat=10"},"img":{"alt_text":"Silo am Osthafen","src":"https:\/\/i0.wp.com\/textundblog.de\/wp-content\/silosb.jpg?resize=350%2C200&ssl=1","width":350,"height":200},"classes":[]},{"id":2456,"url":"https:\/\/textundblog.de\/?p=2456","url_meta":{"origin":7040,"position":2},"title":"Flickr-Galerie mit FotoViewr","author":"Markus","date":"19\/8\/2008","format":false,"excerpt":"Ich liebe ja Foto-Tools, die einem das Pr\u00e4sentieren von Bildern im Netz erleichtern. Deshalb habe ich gerade mit Freude das nette und kinderleicht zu bedienende Tool FotoViewr getestet: Hier eine kleine Galerie meiner Dresden-Fotos von vor zwei Jahren (Tipp: mit dem Mausrad durch die Fotos scrollen): FotoViewr - Create your\u2026","rel":"","context":"In &quot;Foto&quot;","block_context":{"text":"Foto","link":"https:\/\/textundblog.de\/?cat=10"},"img":{"alt_text":"","src":"","width":0,"height":0},"classes":[]},{"id":1655,"url":"https:\/\/textundblog.de\/?p=1655","url_meta":{"origin":7040,"position":3},"title":"Sevenload-Widget zur Fotoeinbindung in Webseiten","author":"Markus","date":"24\/6\/2007","format":false,"excerpt":"Wow, ich bin sehr beeindruckt: Das Fotoportal sevenload bietet seit heute seinen Nutzern mehrere verschiedene Widgets (Fotow\u00e4nde, Fotostapel und Slideshows) an, damit man seine Fotos auf der eigenen Homepage oder im Blog einbinden kann, so wie man das bisher nur von Flickr kannte. Aus Zeitmangel hier nur eine schnelle Vorstellung,\u2026","rel":"","context":"In &quot;Foto&quot;","block_context":{"text":"Foto","link":"https:\/\/textundblog.de\/?cat=10"},"img":{"alt_text":"","src":"","width":0,"height":0},"classes":[]},{"id":2027,"url":"https:\/\/textundblog.de\/?p=2027","url_meta":{"origin":7040,"position":4},"title":"Klasse Fotos in der Cake Factory","author":"Markus","date":"3\/2\/2008","format":false,"excerpt":"Bin gerade \u00fcber Rivva und die Pixelgangster auf die Cake Factory gestolpert. Fantastische Fotos sind dort zu bewundern. Gew\u00f6hnlich mag ich ja keine Flash-Seiten, aber hier lassen mich die tollen Bilder meine Abneigung gegen diese Webtechnik vergessen und wenigstens kann man einzelne Fotos direkt verlinken, zum Beispiel das surreal anmutende\u2026","rel":"","context":"In &quot;Foto&quot;","block_context":{"text":"Foto","link":"https:\/\/textundblog.de\/?cat=10"},"img":{"alt_text":"Fotoportfolio 'Cake Factory'. Foto: Michael Cogliantry","src":"https:\/\/i0.wp.com\/textundblog.de\/wp-content\/cakefactory.jpg?resize=350%2C200&ssl=1","width":350,"height":200},"classes":[]},{"id":1495,"url":"https:\/\/textundblog.de\/?p=1495","url_meta":{"origin":7040,"position":5},"title":"Browserf\u00fcllende Bildersuche mit FlickrCash","author":"Markus","date":"13\/3\/2007","format":false,"excerpt":"Ich habe ja in der Web2.0-Reihe im Stabi-Blog im Artikel \u00abBilder im Netz\u00bb schon etliche Flickr-Tools vorgestellt, doch das, was ich gerade bei Ajaxian (H., dein Lieblingsblog! ;-) ) gefunden habe, toppt alles: FlickrCash: Eine Flickr-Suche, die das Browserfenster optimal ausnutzt und schon im Hintergrund neun weitere Fotoseiten prall gef\u00fcllt\u2026","rel":"","context":"In &quot;Foto&quot;","block_context":{"text":"Foto","link":"https:\/\/textundblog.de\/?cat=10"},"img":{"alt_text":"FlickrCash - Screenshot mit Suchwort Hamburg","src":"https:\/\/i0.wp.com\/textundblog.de\/wp-content\/flickrcash.jpg?resize=350%2C200&ssl=1","width":350,"height":200},"classes":[]}],"_links":{"self":[{"href":"https:\/\/textundblog.de\/index.php?rest_route=\/wp\/v2\/posts\/7040","targetHints":{"allow":["GET"]}}],"collection":[{"href":"https:\/\/textundblog.de\/index.php?rest_route=\/wp\/v2\/posts"}],"about":[{"href":"https:\/\/textundblog.de\/index.php?rest_route=\/wp\/v2\/types\/post"}],"author":[{"embeddable":true,"href":"https:\/\/textundblog.de\/index.php?rest_route=\/wp\/v2\/users\/1"}],"replies":[{"embeddable":true,"href":"https:\/\/textundblog.de\/index.php?rest_route=%2Fwp%2Fv2%2Fcomments&post=7040"}],"version-history":[{"count":0,"href":"https:\/\/textundblog.de\/index.php?rest_route=\/wp\/v2\/posts\/7040\/revisions"}],"wp:attachment":[{"href":"https:\/\/textundblog.de\/index.php?rest_route=%2Fwp%2Fv2%2Fmedia&parent=7040"}],"wp:term":[{"taxonomy":"category","embeddable":true,"href":"https:\/\/textundblog.de\/index.php?rest_route=%2Fwp%2Fv2%2Fcategories&post=7040"},{"taxonomy":"post_tag","embeddable":true,"href":"https:\/\/textundblog.de\/index.php?rest_route=%2Fwp%2Fv2%2Ftags&post=7040"}],"curies":[{"name":"wp","href":"https:\/\/api.w.org\/{rel}","templated":true}]}}