{"id":7036,"date":"2016-03-11T23:50:51","date_gmt":"2016-03-11T22:50:51","guid":{"rendered":"http:\/\/textundblog.de\/?p=7036"},"modified":"2016-03-11T23:56:15","modified_gmt":"2016-03-11T22:56:15","slug":"was-ist-heute-eigentlich-rechts-und-wann-muessen-wir-etwas-dagegen-tun","status":"publish","type":"post","link":"https:\/\/textundblog.de\/?p=7036","title":{"rendered":"Was ist heute eigentlich &#8222;rechts&#8220;? Und wann m\u00fcssen wir etwas dagegen tun?"},"content":{"rendered":"<p><a href=\"https:\/\/textundblog.de\/?tag=tweetderwoche\"> <img loading=\"lazy\" decoding=\"async\" src=\"wp-images\/tweetderwoche2-200x96.jpg\" alt=\"Tweet der Woche\" title=\"Tweet der Woche\" height=\"96\" width=\"200\" class=\"bildrechts\" \/><\/a> Man muss kein Hellseher sein, um vorher zu sagen, dass wir am Sonntag-Abend ab 18 Uhr mit schlimmen, wirklich schlimmen Wahlprognosen und wenig sp\u00e4ter mit furchtbaren, wirklich furchtbaren Wahlergebnissen bei den Landtagswahlen in Baden-W\u00fcrttemberg, Rheinland-Pfalz und Sachsen-Anhalt konfrontiert werden. Wie werden wir umgehen mit dem zu erwartenden Schock, dass mit der AfD eine rechtsextreme Partei in drei weitere Landesparlamente einzieht? Ist es legitim von einem Vormarsch der Nazis zu sprechen? Oder ist diese Wortwahl gef\u00e4hrlich? Die Relativierung der Protestw\u00e4hler am \u00e4u\u00dfersten rechten Rand als &#8222;besorgte B\u00fcrger&#8220; ist unertr\u00e4glich, weil damit Verst\u00e4ndnis f\u00fcr Menschen zum Ausdruck gebracht wird, die klatschen, wenn \u2013 oder es zumindest billigen, dass \u2013 Asylunterk\u00fcnfte brennen. Und doch muss man aufpassen, eine ganze Gruppe politisch verwirrter Geister nicht noch weiter in die Arme der Neonazis zu treiben. Vorbereitend f\u00fcr dieses Dilemma nach dem 13. M\u00e4rz hat <a href=\"https:\/\/twitter.com\/SimonHurtz\/\">@SimonHurtz<\/a> dieser Tage auf Twitter eine wertvolle Lekt\u00fcreempfehlung geteilt, wof\u00fcr ihm die Auszeichnung <em>Tweet der Woche<\/em> geb\u00fchrt:<\/p>\n<blockquote class=\"twitter-tweet\" data-width=\"500\" data-dnt=\"true\">\n<p lang=\"de\" dir=\"ltr\">Zwei wichtige Zitate in einem gro\u00dfartigen Text von <a href=\"https:\/\/twitter.com\/f_karig?ref_src=twsrc%5Etfw\">@f_karig<\/a> \u00fcber lechts und rinks: <a href=\"https:\/\/t.co\/EVfKBYKdar\">https:\/\/t.co\/EVfKBYKdar<\/a> <a href=\"https:\/\/t.co\/gMS84hSbHE\">pic.twitter.com\/gMS84hSbHE<\/a><\/p>\n<p>&mdash; Simon Hurtz (@SimonHurtz) <a href=\"https:\/\/twitter.com\/SimonHurtz\/status\/706943244987408384?ref_src=twsrc%5Etfw\">March 7, 2016<\/a><\/p><\/blockquote>\n<p><script async src=\"https:\/\/platform.twitter.com\/widgets.js\" charset=\"utf-8\"><\/script><\/p>\n<p>Hier geht&#8217;s zu den vergangenen <a href=\"https:\/\/textundblog.de\/?tag=tweetderwoche\">Tweets der Woche<\/a>.<\/p>\n<p>Anmerkung: Die \u00dcberschrift dieses Artikels \u00abWas ist heute eigentlich &#8222;rechts&#8220;? Und wann m\u00fcssen wir etwas dagegen tun?\u00bb ist ein Zitat aus dem von <a href=\"https:\/\/twitter.com\/SimonHurtz\/\">@SimonHurtz<\/a> empfohlenen Text von Friedemann Karig (<a href=\"https:\/\/twitter.com\/f_karig\">@f_karig<\/a>).<\/p>\n","protected":false},"excerpt":{"rendered":"<p>Man muss kein Hellseher sein, um vorher zu sagen, dass wir am Sonntag-Abend ab 18 Uhr mit schlimmen, wirklich schlimmen Wahlprognosen und wenig sp\u00e4ter mit furchtbaren, wirklich furchtbaren Wahlergebnissen bei den Landtagswahlen in Baden-W\u00fcrttemberg, Rheinland-Pfalz und Sachsen-Anhalt konfrontiert werden. Wie werden wir umgehen mit dem zu erwartenden Schock, dass mit der AfD eine rechtsextreme Partei [&hellip;]<\/p>\n","protected":false},"author":1,"featured_media":0,"comment_status":"open","ping_status":"open","sticky":false,"template":"","format":"standard","meta":{"site-sidebar-layout":"default","site-content-layout":"","ast-site-content-layout":"default","site-content-style":"default","site-sidebar-style":"default","ast-global-header-display":"","ast-banner-title-visibility":"","ast-main-header-display":"","ast-hfb-above-header-display":"","ast-hfb-below-header-display":"","ast-hfb-mobile-header-display":"","site-post-title":"","ast-breadcrumbs-content":"","ast-featured-img":"","footer-sml-layout":"","theme-transparent-header-meta":"","adv-header-id-meta":"","stick-header-meta":"","header-above-stick-meta":"","header-main-stick-meta":"","header-below-stick-meta":"","astra-migrate-meta-layouts":"default","ast-page-background-enabled":"default","ast-page-background-meta":{"desktop":{"background-color":"var(--ast-global-color-4)","background-image":"","background-repeat":"repeat","background-position":"center center","background-size":"auto","background-attachment":"scroll","background-type":"","background-media":"","overlay-type":"","overlay-color":"","overlay-opacity":"","overlay-gradient":""},"tablet":{"background-color":"","background-image":"","background-repeat":"repeat","background-position":"center center","background-size":"auto","background-attachment":"scroll","background-type":"","background-media":"","overlay-type":"","overlay-color":"","overlay-opacity":"","overlay-gradient":""},"mobile":{"background-color":"","background-image":"","background-repeat":"repeat","background-position":"center center","background-size":"auto","background-attachment":"scroll","background-type":"","background-media":"","overlay-type":"","overlay-color":"","overlay-opacity":"","overlay-gradient":""}},"ast-content-background-meta":{"desktop":{"background-color":"var(--ast-global-color-5)","background-image":"","background-repeat":"repeat","background-position":"center center","background-size":"auto","background-attachment":"scroll","background-type":"","background-media":"","overlay-type":"","overlay-color":"","overlay-opacity":"","overlay-gradient":""},"tablet":{"background-color":"var(--ast-global-color-5)","background-image":"","background-repeat":"repeat","background-position":"center center","background-size":"auto","background-attachment":"scroll","background-type":"","background-media":"","overlay-type":"","overlay-color":"","overlay-opacity":"","overlay-gradient":""},"mobile":{"background-color":"var(--ast-global-color-5)","background-image":"","background-repeat":"repeat","background-position":"center center","background-size":"auto","background-attachment":"scroll","background-type":"","background-media":"","overlay-type":"","overlay-color":"","overlay-opacity":"","overlay-gradient":""}},"ngg_post_thumbnail":0,"jetpack_post_was_ever_published":false,"_jetpack_newsletter_access":"","_jetpack_dont_email_post_to_subs":false,"_jetpack_newsletter_tier_id":0,"_jetpack_memberships_contains_paywalled_content":false,"_jetpack_memberships_contains_paid_content":false,"footnotes":""},"categories":[5,11,9],"tags":[77],"class_list":["post-7036","post","type-post","status-publish","format-standard","hentry","category-artikel","category-literatur","category-politik","tag-tweetderwoche"],"jetpack_featured_media_url":"","jetpack_sharing_enabled":true,"jetpack_shortlink":"https:\/\/wp.me\/p4uzZ-1Pu","jetpack-related-posts":[{"id":5277,"url":"https:\/\/textundblog.de\/?p=5277","url_meta":{"origin":7036,"position":0},"title":"Schwarz-Gelber Freitag entscheidet \u00fcber Leistungsschutzrecht","author":"Markus","date":"27\/2\/2013","format":false,"excerpt":"Dass die aktuelle Bundesregierung auf so gut wie allen Feldern vollkommen \u00fcberfordert ist und schlimmste Entscheidungen f\u00e4llt, die meiner Meinung nach nicht zum Wohle, sondern zum Nachteil der Bev\u00f6lkerung reichen, ist allgemein bekannt (die letzten verbliebenen Anh\u00e4nger von Schwarz-Gelb sehen das naturgem\u00e4\u00df anders, doch das kann bestenfalls als parteipolitische Blindheit\u2026","rel":"","context":"In &quot;Internet&quot;","block_context":{"text":"Internet","link":"https:\/\/textundblog.de\/?cat=4"},"img":{"alt_text":"Schwarz-Gelber Freitag","src":"https:\/\/i0.wp.com\/textundblog.de\/wp-content\/schwarzgelberfreitag.jpg?resize=350%2C200&ssl=1","width":350,"height":200},"classes":[]},{"id":6724,"url":"https:\/\/textundblog.de\/?p=6724","url_meta":{"origin":7036,"position":1},"title":"Trauriger Tweet der Woche &#8211; die Landkarte der Brandstifter","author":"Markus","date":"28\/8\/2015","format":false,"excerpt":"Ein trauriger Tweet der Woche, aber einer, der daf\u00fcr steht, was in Deutschland gerade abgeht. Es ist furchtbar und es gilt, den Brandstiftern und den Feuerlegern Einhalt zu gebieten, deren taten auf der verlinkten Karte verzeichnet werden. Wer dazu schweigt, duldet die menschenverachtenden Aktionen. Wer dem rechten P\u00f6bel nach dem\u2026","rel":"","context":"In &quot;Bluesky&quot;","block_context":{"text":"Bluesky","link":"https:\/\/textundblog.de\/?cat=33"},"img":{"alt_text":"Tweet der Woche","src":"wp-images\/tweetderwoche2-200x96.jpg","width":350,"height":200},"classes":[]},{"id":351,"url":"https:\/\/textundblog.de\/?p=351","url_meta":{"origin":7036,"position":2},"title":"Wahlen im Baskenland","author":"Markus","date":"16\/4\/2005","format":false,"excerpt":"Morgen w\u00e4hlen die Basken. Dazu eine kleine deutsch-spanische Presseschau:","rel":"","context":"In &quot;Politik&quot;","block_context":{"text":"Politik","link":"https:\/\/textundblog.de\/?cat=9"},"img":{"alt_text":"Wahlen im Baskenland","src":".\/wp-content\/eleccionespv.jpg","width":350,"height":200},"classes":[]},{"id":2012,"url":"https:\/\/textundblog.de\/?p=2012","url_meta":{"origin":7036,"position":3},"title":"Hessen-Wahl: B\u00fcrgerinnen und B\u00fcrger gegen Roland Koch","author":"Markus","date":"26\/1\/2008","format":false,"excerpt":"Morgen wird in der Frankfurter Rundschau folgende (s.u.) Anzeige zur Information der W\u00e4hlerinnen und W\u00e4hler in Hessen erscheinen. Gut so. Noch ist Koch nicht abgew\u00e4hlt. Er sieht sich ja als Vertreter einer schweigenden Mehrheit. Erstens hoffe ich, dass die Mehrheit derer, die Kochs stellenweise menschenverachtende Wahlkampftaktik durchschaut haben, nicht schweigen\u2026","rel":"","context":"In &quot;Politik&quot;","block_context":{"text":"Politik","link":"https:\/\/textundblog.de\/?cat=9"},"img":{"alt_text":"B\u00fcrgerinnen und B\u00fcrger gegen Roland Koch","src":"https:\/\/i0.wp.com\/textundblog.de\/wp-content\/kochanzeigefr.jpg?resize=350%2C200&ssl=1","width":350,"height":200},"classes":[]},{"id":6832,"url":"https:\/\/textundblog.de\/?p=6832","url_meta":{"origin":7036,"position":4},"title":"Gute Gr\u00fcnde f\u00fcr die Anstalt","author":"Markus","date":"18\/11\/2015","format":false,"excerpt":"Wenn die saarl\u00e4ndische Auschwitz-\u00dcberlebende Esther Bejarano am Ende der ZDF-Sendung Die Anstalt sagt: \"Ich werde solange singen bis es keine Nazis mehr gibt\", h\u00f6ren wir Zuschauer einen Satz, der sitzt. Wenn Alfons zu Beginn der Satire-Sendung sagt: \"Wenn wir jetzt aufh\u00f6ren zu lachen, haben die gewonnen\", versteht jeder, wie wichtig\u2026","rel":"","context":"In &quot;Politik&quot;","block_context":{"text":"Politik","link":"https:\/\/textundblog.de\/?cat=9"},"img":{"alt_text":"Esther Bejarano","src":"https:\/\/i0.wp.com\/textundblog.de\/wp-content\/estherbejarano.jpg?resize=350%2C200&ssl=1","width":350,"height":200,"srcset":"https:\/\/i0.wp.com\/textundblog.de\/wp-content\/estherbejarano.jpg?resize=350%2C200&ssl=1 1x, https:\/\/i0.wp.com\/textundblog.de\/wp-content\/estherbejarano.jpg?resize=525%2C300&ssl=1 1.5x"},"classes":[]},{"id":5433,"url":"https:\/\/textundblog.de\/?p=5433","url_meta":{"origin":7036,"position":5},"title":"Tweet der Woche: In Gedanken bei #occupygezi","author":"Markus","date":"16\/6\/2013","format":false,"excerpt":"\u00c4rzte und Anw\u00e4lte, die helfen, werden festgenommen, drohen ihre Lizenz zu verlieren. Hotels, die Menschen auf der Flucht vor den widerrechtlichen Angriffen der Staatsmacht Schutz bieten, werden mit Gas gest\u00fcrmt. Furchtbare Menschenrechtsverletzungen durch die Polizei in Istanbul und weiteren Teilen des Landes machen nicht nur betroffen, sondern auch w\u00fctend. Stellvertretend\u2026","rel":"","context":"In &quot;Bluesky&quot;","block_context":{"text":"Bluesky","link":"https:\/\/textundblog.de\/?cat=33"},"img":{"alt_text":"","src":"https:\/\/i0.wp.com\/textundblog.de\/wp-content\/einaugenschmaus-tdw062013.png?resize=350%2C200&ssl=1","width":350,"height":200},"classes":[]}],"_links":{"self":[{"href":"https:\/\/textundblog.de\/index.php?rest_route=\/wp\/v2\/posts\/7036","targetHints":{"allow":["GET"]}}],"collection":[{"href":"https:\/\/textundblog.de\/index.php?rest_route=\/wp\/v2\/posts"}],"about":[{"href":"https:\/\/textundblog.de\/index.php?rest_route=\/wp\/v2\/types\/post"}],"author":[{"embeddable":true,"href":"https:\/\/textundblog.de\/index.php?rest_route=\/wp\/v2\/users\/1"}],"replies":[{"embeddable":true,"href":"https:\/\/textundblog.de\/index.php?rest_route=%2Fwp%2Fv2%2Fcomments&post=7036"}],"version-history":[{"count":0,"href":"https:\/\/textundblog.de\/index.php?rest_route=\/wp\/v2\/posts\/7036\/revisions"}],"wp:attachment":[{"href":"https:\/\/textundblog.de\/index.php?rest_route=%2Fwp%2Fv2%2Fmedia&parent=7036"}],"wp:term":[{"taxonomy":"category","embeddable":true,"href":"https:\/\/textundblog.de\/index.php?rest_route=%2Fwp%2Fv2%2Fcategories&post=7036"},{"taxonomy":"post_tag","embeddable":true,"href":"https:\/\/textundblog.de\/index.php?rest_route=%2Fwp%2Fv2%2Ftags&post=7036"}],"curies":[{"name":"wp","href":"https:\/\/api.w.org\/{rel}","templated":true}]}}