{"id":7034,"date":"2016-03-09T10:23:45","date_gmt":"2016-03-09T09:23:45","guid":{"rendered":"http:\/\/textundblog.de\/?p=7034"},"modified":"2016-03-09T10:27:26","modified_gmt":"2016-03-09T09:27:26","slug":"georg-caspar-schuermann-die-getreue-alceste-eine-hamburger-barockoper-in-der-stabi","status":"publish","type":"post","link":"https:\/\/textundblog.de\/?p=7034","title":{"rendered":"Georg Caspar Sch\u00fcrmann: Die getreue Alceste. Eine Hamburger Barockoper in der Stabi"},"content":{"rendered":"<p><iframe loading=\"lazy\" src=\"https:\/\/player.vimeo.com\/video\/158195927\" width=\"600\" height=\"338\" frameborder=\"0\" webkitallowfullscreen mozallowfullscreen allowfullscreen><\/iframe><\/p>\n<p><a href=\"https:\/\/vimeo.com\/158195927\">barockwerk hamburg<\/a> from <a href=\"https:\/\/vimeo.com\/stabihh\">Stabi Hamburg<\/a> on <a href=\"https:\/\/vimeo.com\">Vimeo<\/a>.<\/p>\n<p>Heute und morgen gibt es von 19 &#8211; 22 Uhr in der Stabi etwas ganz Besonderes zu bestaunen: Nach fast 300 Jahren wird eine Oper wieder aufgef\u00fchrt. Im wundersch\u00f6nen Lichthof der Stabi. Gestern habe ich bei den Proben M\u00e4uschen gespielt und obiges Video aufgenommen. Alle Infos und Bilder von den Proben dazu im Stabi-Blog: \u00ab<a href=\"http:\/\/blog.sub.uni-hamburg.de\/?p=19594\">Lichthof-Konzert von barockwerk hamburg<\/a>\u00bb<\/p>\n<p><!--more--><\/p>\n<blockquote><p>\nbarockwerk hamburg widmet sich erneut einem in Vergessenheit geratenen Werk der Hamburger Musikgeschichte. In den Jahren 1719-1722 wurde die \u201eGetreue Alceste\u201c in Hamburg nicht weniger als 40 Mal gespielt. Einzig diese Version der Hamburger G\u00e4nsemarktoper ist bis heute als Handschrift erhalten geblieben.<\/p>\n<p>\u201eDie getreue Alceste\u201c \u2013 Ein bewegter Abend voll ausdrucksstarker Musik von Georg Caspar Sch\u00fcrmann, die nach fast 300 Jahren endlich wieder erklingt.<\/p><\/blockquote>\n<p>Heute habe ich Sp\u00e4tdienst (sitze an der Auskunft im Informationszentrum von 16-21 Uhr und beantworte die Fragen unserer Nutzerinnen und Nutzer), doch morgen Abend werde ich mir die Auff\u00fchrung anschauen. Bisher war alles atemberaubend, was <em>barockwerk hamburg<\/em> im Lichthof aufgef\u00fchrt hat (siehe <a href=\"http:\/\/blog.sub.uni-hamburg.de\/index.php?s=barockwerk+hamburg\">Beitr\u00e4ge im Stabi-Blog<\/a>), ich bin mir sicher, heute und morgen wird es wieder so.<\/p>\n<p><a href=\"http:\/\/blog.sub.uni-hamburg.de\/?p=19594\" rel=\"attachment wp-att-7035\"><img data-recalc-dims=\"1\" loading=\"lazy\" decoding=\"async\" data-attachment-id=\"7035\" data-permalink=\"https:\/\/textundblog.de\/?attachment_id=7035\" data-orig-file=\"https:\/\/i0.wp.com\/textundblog.de\/wp-content\/barockwerkhh.jpg?fit=800%2C335&amp;ssl=1\" data-orig-size=\"800,335\" data-comments-opened=\"1\" data-image-meta=\"{&quot;aperture&quot;:&quot;0&quot;,&quot;credit&quot;:&quot;&quot;,&quot;camera&quot;:&quot;&quot;,&quot;caption&quot;:&quot;&quot;,&quot;created_timestamp&quot;:&quot;0&quot;,&quot;copyright&quot;:&quot;&quot;,&quot;focal_length&quot;:&quot;0&quot;,&quot;iso&quot;:&quot;0&quot;,&quot;shutter_speed&quot;:&quot;0&quot;,&quot;title&quot;:&quot;&quot;,&quot;orientation&quot;:&quot;0&quot;}\" data-image-title=\"barockwerkhh\" data-image-description=\"\" data-image-caption=\"\" data-large-file=\"https:\/\/i0.wp.com\/textundblog.de\/wp-content\/barockwerkhh.jpg?fit=800%2C335&amp;ssl=1\" title=\"barockwerkhh\"  src=\"https:\/\/i0.wp.com\/textundblog.de\/wp-content\/barockwerkhh.jpg?resize=800%2C335&#038;ssl=1\" alt=\"barockwerkhh\" width=\"800\" height=\"335\" class=\"alignnone size-full wp-image-7035\" srcset=\"https:\/\/i0.wp.com\/textundblog.de\/wp-content\/barockwerkhh.jpg?w=800&amp;ssl=1 800w, https:\/\/i0.wp.com\/textundblog.de\/wp-content\/barockwerkhh.jpg?resize=300%2C126&amp;ssl=1 300w, https:\/\/i0.wp.com\/textundblog.de\/wp-content\/barockwerkhh.jpg?resize=768%2C322&amp;ssl=1 768w\" sizes=\"auto, (max-width: 800px) 100vw, 800px\" \/><\/a><\/p>\n","protected":false},"excerpt":{"rendered":"<p>barockwerk hamburg from Stabi Hamburg on Vimeo. Heute und morgen gibt es von 19 &#8211; 22 Uhr in der Stabi etwas ganz Besonderes zu bestaunen: Nach fast 300 Jahren wird eine Oper wieder aufgef\u00fchrt. Im wundersch\u00f6nen Lichthof der Stabi. Gestern habe ich bei den Proben M\u00e4uschen gespielt und obiges Video aufgenommen. Alle Infos und Bilder [&hellip;]<\/p>\n","protected":false},"author":1,"featured_media":0,"comment_status":"open","ping_status":"open","sticky":false,"template":"","format":"standard","meta":{"site-sidebar-layout":"default","site-content-layout":"","ast-site-content-layout":"default","site-content-style":"default","site-sidebar-style":"default","ast-global-header-display":"","ast-banner-title-visibility":"","ast-main-header-display":"","ast-hfb-above-header-display":"","ast-hfb-below-header-display":"","ast-hfb-mobile-header-display":"","site-post-title":"","ast-breadcrumbs-content":"","ast-featured-img":"","footer-sml-layout":"","theme-transparent-header-meta":"","adv-header-id-meta":"","stick-header-meta":"","header-above-stick-meta":"","header-main-stick-meta":"","header-below-stick-meta":"","astra-migrate-meta-layouts":"default","ast-page-background-enabled":"default","ast-page-background-meta":{"desktop":{"background-color":"var(--ast-global-color-4)","background-image":"","background-repeat":"repeat","background-position":"center center","background-size":"auto","background-attachment":"scroll","background-type":"","background-media":"","overlay-type":"","overlay-color":"","overlay-opacity":"","overlay-gradient":""},"tablet":{"background-color":"","background-image":"","background-repeat":"repeat","background-position":"center center","background-size":"auto","background-attachment":"scroll","background-type":"","background-media":"","overlay-type":"","overlay-color":"","overlay-opacity":"","overlay-gradient":""},"mobile":{"background-color":"","background-image":"","background-repeat":"repeat","background-position":"center center","background-size":"auto","background-attachment":"scroll","background-type":"","background-media":"","overlay-type":"","overlay-color":"","overlay-opacity":"","overlay-gradient":""}},"ast-content-background-meta":{"desktop":{"background-color":"var(--ast-global-color-5)","background-image":"","background-repeat":"repeat","background-position":"center center","background-size":"auto","background-attachment":"scroll","background-type":"","background-media":"","overlay-type":"","overlay-color":"","overlay-opacity":"","overlay-gradient":""},"tablet":{"background-color":"var(--ast-global-color-5)","background-image":"","background-repeat":"repeat","background-position":"center center","background-size":"auto","background-attachment":"scroll","background-type":"","background-media":"","overlay-type":"","overlay-color":"","overlay-opacity":"","overlay-gradient":""},"mobile":{"background-color":"var(--ast-global-color-5)","background-image":"","background-repeat":"repeat","background-position":"center center","background-size":"auto","background-attachment":"scroll","background-type":"","background-media":"","overlay-type":"","overlay-color":"","overlay-opacity":"","overlay-gradient":""}},"ngg_post_thumbnail":0,"jetpack_post_was_ever_published":false,"_jetpack_newsletter_access":"","_jetpack_dont_email_post_to_subs":false,"_jetpack_newsletter_tier_id":0,"_jetpack_memberships_contains_paywalled_content":false,"_jetpack_memberships_contains_paid_content":false,"footnotes":""},"categories":[15,11,7],"tags":[],"class_list":["post-7034","post","type-post","status-publish","format-standard","hentry","category-hamburg","category-literatur","category-musik"],"jetpack_featured_media_url":"","jetpack_sharing_enabled":true,"jetpack_shortlink":"https:\/\/wp.me\/p4uzZ-1Ps","jetpack-related-posts":[{"id":2619,"url":"https:\/\/textundblog.de\/?p=2619","url_meta":{"origin":7034,"position":0},"title":"Lichthof Stabi Hamburg","author":"Markus","date":"13\/11\/2008","format":false,"excerpt":"Ich arbeite ja in der Stabi Hamburg in der IT-Abteilung, und die ist im Altbau untergebracht, dort, wo der wundersch\u00f6ne Lichthof immer h\u00e4ufiger auch f\u00fcr Tagungen und Veranstaltungen genutzt wird. Auch heute haben wir wieder so eine Tagung, es trifft sich die Arbeitsgemeinschaft Bestandserhaltung im Deutschen Bibliotheksverband zu ihrer Jahrestagung\u2026","rel":"","context":"In &quot;Foto&quot;","block_context":{"text":"Foto","link":"https:\/\/textundblog.de\/?cat=10"},"img":{"alt_text":"Lichthof Stabi Hamburg. Foto: Otto Danwerth","src":"https:\/\/i0.wp.com\/textundblog.de\/wp-content\/lichthofstabi.jpg?resize=350%2C200&ssl=1","width":350,"height":200},"classes":[]},{"id":6806,"url":"https:\/\/textundblog.de\/?p=6806","url_meta":{"origin":7034,"position":1},"title":"Volles Haus bei der Nacht des Wissens in der Stabi 2015","author":"Markus","date":"8\/11\/2015","format":false,"excerpt":"F\u00fcr mich der H\u00f6hepunkt der Nacht des Wissens in der Stabi: das Chorkonzert von Elbcanto im Lichthof der Stabi. Auch wenn dieser kurze Videoausschnitt nicht im geringsten die wunderbare Akustik unseres 3 Stockwerke hohen Raumes im Altbau der Stabi wiedergeben kann, in dem das zw\u00f6lfk\u00f6pfige Ensemble Lieder von Lust und\u2026","rel":"","context":"In &quot;Bluesky&quot;","block_context":{"text":"Bluesky","link":"https:\/\/textundblog.de\/?cat=33"},"img":{"alt_text":"elbcanto-sw","src":"https:\/\/i0.wp.com\/textundblog.de\/wp-content\/elbcanto-sw-1024x1024.jpg?resize=350%2C200&ssl=1","width":350,"height":200,"srcset":"https:\/\/i0.wp.com\/textundblog.de\/wp-content\/elbcanto-sw-1024x1024.jpg?resize=350%2C200&ssl=1 1x, https:\/\/i0.wp.com\/textundblog.de\/wp-content\/elbcanto-sw-1024x1024.jpg?resize=525%2C300&ssl=1 1.5x, https:\/\/i0.wp.com\/textundblog.de\/wp-content\/elbcanto-sw-1024x1024.jpg?resize=700%2C400&ssl=1 2x"},"classes":[]},{"id":2671,"url":"https:\/\/textundblog.de\/?p=2671","url_meta":{"origin":7034,"position":2},"title":"B\u00fccherflohmarkt in der Stabi","author":"Markus","date":"3\/12\/2008","format":false,"excerpt":"Heute ist B\u00fccherflohmarkt in der Stabi Hamburg. Die ersten St\u00f6bernden sind schon da. Das Stabi-Blog l\u00e4dt mit diesen Worten dazu ein: Auch in diesem Dezember ist wieder B\u00fccherflohmarkt im sch\u00f6nen Lichthof der Stabi. Am 3.12.08 in der Zeit von 9-19 Uhr k\u00f6nnen Sie in unseren Dubletten suchen, st\u00f6bern, schm\u00f6kern und\u2026","rel":"","context":"In &quot;Foto&quot;","block_context":{"text":"Foto","link":"https:\/\/textundblog.de\/?cat=10"},"img":{"alt_text":"B\u00fccherflohmarkt in der Stabi","src":"https:\/\/i0.wp.com\/textundblog.de\/wp-content\/buecherflohmarkt08.jpg?resize=350%2C200&ssl=1","width":350,"height":200},"classes":[]},{"id":5376,"url":"https:\/\/textundblog.de\/?p=5376","url_meta":{"origin":7034,"position":3},"title":"80 Jahre B\u00fccherverbrennung in Hamburg: Gedenken und Wiederentdeckung","author":"Markus","date":"13\/5\/2013","format":false,"excerpt":"Hab ja neulich schon mit Begeisterung von der Tante-Clara-Ausstellung berichtet, aber ich glaube, was in der Stabi ab Mittwoch den 15. Mai sechs Wochen lang (bis zum 28. Juni) gezeigt werden wird, k\u00f6nnte das Ganze noch toppen. Wenn man bei diesem ernsten Thema \u00fcberhaupt den saloppen Begriff der Steigerung ins\u2026","rel":"","context":"In &quot;Hamburg&quot;","block_context":{"text":"Hamburg","link":"https:\/\/textundblog.de\/?cat=15"},"img":{"alt_text":"","src":"https:\/\/i0.wp.com\/textundblog.de\/wp-content\/P5130249.jpg?resize=350%2C200&ssl=1","width":350,"height":200},"classes":[]},{"id":2749,"url":"https:\/\/textundblog.de\/?p=2749","url_meta":{"origin":7034,"position":4},"title":"Hans Leip: Texte &amp; Musik im Lichthof der StaBi","author":"Markus","date":"15\/1\/2009","format":false,"excerpt":"Wer bereits vor der ab n\u00e4chsten Freitag (23.\/24.1.09) im Lichthof der StaBi Hamburg stattfindenden Microblogging-Konferenz (mbc09) unseren wunderbaren Lichthof kennen lernen m\u00f6chte und dabei gleichzeitig ein bisschen was \u00fcber einen \u00abSohn der Stadt Hamburg\u00bb erfahren m\u00f6chte, dem sei diese Veranstaltung empfohlen: Hans Leip \"\u2026wie einst Lili Marleen\". Nicht jeder kennt\u2026","rel":"","context":"In &quot;Hamburg&quot;","block_context":{"text":"Hamburg","link":"https:\/\/textundblog.de\/?cat=15"},"img":{"alt_text":"Nina Petri","src":"https:\/\/i0.wp.com\/textundblog.de\/wp-content\/ninapetri.jpg?resize=350%2C200&ssl=1","width":350,"height":200},"classes":[]},{"id":3295,"url":"https:\/\/textundblog.de\/?p=3295","url_meta":{"origin":7034,"position":5},"title":"Stonehenge-Nachbau in der Stabi","author":"Markus","date":"7\/12\/2009","format":false,"excerpt":"Als ich heute morgen auf dem Weg in mein B\u00fcro im Altbau der Stabi die Tische im Lichthof sah, die dort schon f\u00fcr den \u00fcbermorgen startenden B\u00fccherflohmarkt aufgebaut sind, musste ich spontan an die kreisf\u00f6rmig aufgestellten Monolithen in Stonehenge denken (auch weil ich gerade vorgestern eine faszinierende Doku auf Phoenix\u2026","rel":"","context":"In &quot;Bluesky&quot;","block_context":{"text":"Bluesky","link":"https:\/\/textundblog.de\/?cat=33"},"img":{"alt_text":"Stonehenge-Nachbau in der Stabi?","src":"https:\/\/i0.wp.com\/textundblog.de\/wp-content\/lichthof-stonehenge.jpg?resize=350%2C200&ssl=1","width":350,"height":200},"classes":[]}],"_links":{"self":[{"href":"https:\/\/textundblog.de\/index.php?rest_route=\/wp\/v2\/posts\/7034","targetHints":{"allow":["GET"]}}],"collection":[{"href":"https:\/\/textundblog.de\/index.php?rest_route=\/wp\/v2\/posts"}],"about":[{"href":"https:\/\/textundblog.de\/index.php?rest_route=\/wp\/v2\/types\/post"}],"author":[{"embeddable":true,"href":"https:\/\/textundblog.de\/index.php?rest_route=\/wp\/v2\/users\/1"}],"replies":[{"embeddable":true,"href":"https:\/\/textundblog.de\/index.php?rest_route=%2Fwp%2Fv2%2Fcomments&post=7034"}],"version-history":[{"count":0,"href":"https:\/\/textundblog.de\/index.php?rest_route=\/wp\/v2\/posts\/7034\/revisions"}],"wp:attachment":[{"href":"https:\/\/textundblog.de\/index.php?rest_route=%2Fwp%2Fv2%2Fmedia&parent=7034"}],"wp:term":[{"taxonomy":"category","embeddable":true,"href":"https:\/\/textundblog.de\/index.php?rest_route=%2Fwp%2Fv2%2Fcategories&post=7034"},{"taxonomy":"post_tag","embeddable":true,"href":"https:\/\/textundblog.de\/index.php?rest_route=%2Fwp%2Fv2%2Ftags&post=7034"}],"curies":[{"name":"wp","href":"https:\/\/api.w.org\/{rel}","templated":true}]}}