{"id":694,"date":"2005-12-19T09:25:43","date_gmt":"2005-12-19T08:25:43","guid":{"rendered":"http:\/\/textundblog.de\/?p=694"},"modified":"2005-12-19T09:29:22","modified_gmt":"2005-12-19T08:29:22","slug":"web-20-quellensammlung","status":"publish","type":"post","link":"https:\/\/textundblog.de\/?p=694","title":{"rendered":"Web 2.0 Quellensammlung"},"content":{"rendered":"<p>Wieder einmal eine verdienstvolle Quellensammlung im Dr. Web Weblog, diesmal zum Thema \u00ab<a href=\"http:\/\/www.drweb.de\/weblog\/weblog\/?p=457\">Web 2.0<\/a>\u00bb.<br \/>\nZahlreiche Verweise auf englisch- und deutschsprachige Ressourcen zum Modethema 2005, sehr sch\u00f6n auch die Sektionen \u00abhei\u00df diskutiert\u00bb und \u00abBlogs\u00bb.<\/p>\n","protected":false},"excerpt":{"rendered":"<p>Wieder einmal eine verdienstvolle Quellensammlung im Dr. Web Weblog, diesmal zum Thema \u00abWeb 2.0\u00bb. Zahlreiche Verweise auf englisch- und deutschsprachige Ressourcen zum Modethema 2005, sehr sch\u00f6n auch die Sektionen \u00abhei\u00df diskutiert\u00bb und \u00abBlogs\u00bb.<\/p>\n","protected":false},"author":1,"featured_media":0,"comment_status":"open","ping_status":"open","sticky":false,"template":"","format":"standard","meta":{"site-sidebar-layout":"default","site-content-layout":"","ast-site-content-layout":"default","site-content-style":"default","site-sidebar-style":"default","ast-global-header-display":"","ast-banner-title-visibility":"","ast-main-header-display":"","ast-hfb-above-header-display":"","ast-hfb-below-header-display":"","ast-hfb-mobile-header-display":"","site-post-title":"","ast-breadcrumbs-content":"","ast-featured-img":"","footer-sml-layout":"","theme-transparent-header-meta":"","adv-header-id-meta":"","stick-header-meta":"","header-above-stick-meta":"","header-main-stick-meta":"","header-below-stick-meta":"","astra-migrate-meta-layouts":"default","ast-page-background-enabled":"default","ast-page-background-meta":{"desktop":{"background-color":"var(--ast-global-color-4)","background-image":"","background-repeat":"repeat","background-position":"center center","background-size":"auto","background-attachment":"scroll","background-type":"","background-media":"","overlay-type":"","overlay-color":"","overlay-opacity":"","overlay-gradient":""},"tablet":{"background-color":"","background-image":"","background-repeat":"repeat","background-position":"center center","background-size":"auto","background-attachment":"scroll","background-type":"","background-media":"","overlay-type":"","overlay-color":"","overlay-opacity":"","overlay-gradient":""},"mobile":{"background-color":"","background-image":"","background-repeat":"repeat","background-position":"center center","background-size":"auto","background-attachment":"scroll","background-type":"","background-media":"","overlay-type":"","overlay-color":"","overlay-opacity":"","overlay-gradient":""}},"ast-content-background-meta":{"desktop":{"background-color":"var(--ast-global-color-5)","background-image":"","background-repeat":"repeat","background-position":"center center","background-size":"auto","background-attachment":"scroll","background-type":"","background-media":"","overlay-type":"","overlay-color":"","overlay-opacity":"","overlay-gradient":""},"tablet":{"background-color":"var(--ast-global-color-5)","background-image":"","background-repeat":"repeat","background-position":"center center","background-size":"auto","background-attachment":"scroll","background-type":"","background-media":"","overlay-type":"","overlay-color":"","overlay-opacity":"","overlay-gradient":""},"mobile":{"background-color":"var(--ast-global-color-5)","background-image":"","background-repeat":"repeat","background-position":"center center","background-size":"auto","background-attachment":"scroll","background-type":"","background-media":"","overlay-type":"","overlay-color":"","overlay-opacity":"","overlay-gradient":""}},"ngg_post_thumbnail":0,"jetpack_post_was_ever_published":false,"_jetpack_newsletter_access":"","_jetpack_dont_email_post_to_subs":false,"_jetpack_newsletter_tier_id":0,"_jetpack_memberships_contains_paywalled_content":false,"_jetpack_memberships_contains_paid_content":false,"footnotes":""},"categories":[13],"tags":[],"class_list":["post-694","post","type-post","status-publish","format-standard","hentry","category-webdesign"],"jetpack_featured_media_url":"","jetpack_sharing_enabled":true,"jetpack_shortlink":"https:\/\/wp.me\/p4uzZ-bc","jetpack-related-posts":[{"id":1363,"url":"https:\/\/textundblog.de\/?p=1363","url_meta":{"origin":694,"position":0},"title":"Web 2.0 und Datenbanken","author":"Markus","date":"2\/1\/2007","format":false,"excerpt":"Wichtige Gedanken \u00fcber die Auswirkungen von Web 2.0 auf die Datenbanktechnologie macht sich Rudolf Jansen im Magazin \u00abDer Entwickler\u00bb: Im Unterschied zu den \"alten\" klassischen Webanwendungen zeichnen sich Web-2.0-Projekte u.a. dadurch aus, dass die bisherige Trennung zwischen dem Bereitsteller und dem Anwender der im Web zur Verf\u00fcgung gestellten Daten zu\u2026","rel":"","context":"In &quot;Artikel&quot;","block_context":{"text":"Artikel","link":"https:\/\/textundblog.de\/?cat=5"},"img":{"alt_text":"","src":"","width":0,"height":0},"classes":[]},{"id":1143,"url":"https:\/\/textundblog.de\/?p=1143","url_meta":{"origin":694,"position":1},"title":"web 2.0 Anwendungen aus Spanien","author":"Markus","date":"17\/8\/2006","format":false,"excerpt":"Richard MacManus f\u00fchrt auf Read\/WriteWeb eine interessante Serie fort: nachdem er bereits web 2.0 Sites aus Deutschland, Holland, Polen, Korea, Gro\u00dfbritannien und Russland vorgestellt hatte, ver\u00f6ffentlicht er in seiner neuesten Ausgabe wichtige web 2.0-Portale aus Spanien: \u00abTop Spanish Web 2.0 Apps\u00bb. Eine gute Idee auf diese Weise einen internationalen \u00dcberblick\u2026","rel":"","context":"In &quot;Internet&quot;","block_context":{"text":"Internet","link":"https:\/\/textundblog.de\/?cat=4"},"img":{"alt_text":"Top Spanish Web 2.0 Apps - Read\/WriteWeb","src":"https:\/\/i0.wp.com\/www.textundblog.de\/wp-content\/readwritewebspain.jpg?resize=350%2C200","width":350,"height":200},"classes":[]},{"id":723,"url":"https:\/\/textundblog.de\/?p=723","url_meta":{"origin":694,"position":2},"title":"Riesenl\u00e4rm um Web 2.0","author":"Markus","date":"18\/1\/2006","format":false,"excerpt":"\u00abData is the Next Intel Inside.\u00bb Cooler Spruch (von Tim O'Reilly). Aber der \u00fcberaus lesenswerte Artikel \u00abThe Hype and the Hullabaloo of Web 2.0\u00bb der Bibliothekarin und Informationsexpertin Ellyssa Kroski auf ihrem Blog Infotangle hat viel mehr zu bieten: Ein sachlicher und kritischer Streifzug durch aktuelle Web(2.0)-Tendenzen (Trend? Hype?). -\u2026","rel":"","context":"In &quot;Artikel&quot;","block_context":{"text":"Artikel","link":"https:\/\/textundblog.de\/?cat=5"},"img":{"alt_text":"","src":"","width":0,"height":0},"classes":[]},{"id":1020,"url":"https:\/\/textundblog.de\/?p=1020","url_meta":{"origin":694,"position":3},"title":"Netzwerkeffekt als Erfolgsfaktor bei Web-2.0","author":"Markus","date":"26\/6\/2006","format":false,"excerpt":"Die c't aus dem heise-Verlag ist f\u00fcr mich pers\u00f6nlich die mit Abstand beste Computer-Zeitschrift. Gerade auch f\u00fcr Geiseswissenschaftler ohne Informatik-Studium stellt dieses Magazin immer wieder komplexe informatorische Sachverhalte so dar, da\u00df sie sich leicht in die Praxis umsetzen lassen. In der aktuellen Ausgabe 14\/2006 gibt es einen guten Artikel von\u2026","rel":"","context":"In &quot;Artikel&quot;","block_context":{"text":"Artikel","link":"https:\/\/textundblog.de\/?cat=5"},"img":{"alt_text":"Computerzeitschrift c't 14\/2006","src":"https:\/\/i0.wp.com\/www.textundblog.de\/wp-content\/ct142006.jpg?resize=350%2C200","width":350,"height":200},"classes":[]},{"id":1111,"url":"https:\/\/textundblog.de\/?p=1111","url_meta":{"origin":694,"position":4},"title":"OCLC-Newsletter web 2.0 f\u00fcr Bibliotheken","author":"Markus","date":"1\/8\/2006","format":false,"excerpt":"OCLC behandelt in seinem neuesten Newsletter NextSpace das Thema WEB 2.0 f\u00fcr die Bibliotheken. Ich habe mich ja schon oft zu diesem spannenden Thema ge\u00e4u\u00dfert (siehe zum Beispiel \u00abWeb 2.0 = Bibliothek 2.0 ?\u00bb). Tom Storey schreibt im OCLC-Newsletter unter der \u00dcberschrift \u00abWhere will the next generation Web take libraries?\u00bb:\u2026","rel":"","context":"In &quot;Informationskompetenz&quot;","block_context":{"text":"Informationskompetenz","link":"https:\/\/textundblog.de\/?cat=16"},"img":{"alt_text":"OCLC Newslettercover web 2.0","src":"https:\/\/i0.wp.com\/www.textundblog.de\/wp-content\/oclcweb20.jpg?resize=350%2C200","width":350,"height":200},"classes":[]},{"id":1489,"url":"https:\/\/textundblog.de\/?p=1489","url_meta":{"origin":694,"position":5},"title":"Web 2.0 im Deutschlandfunk","author":"Markus","date":"11\/3\/2007","format":false,"excerpt":"Mein Lieblingsradio-Sender (DLF) widmet sich meinem Lieblingsthema (na, was wohl?). Wenn ich hier eins und eins zusammenz\u00e4hle, komme ich auf: Web 2.0! 20 Jahre lang war das Internet nicht viel mehr als ein simples Computernetzwerk - Web 2.0 erweckt das World Wide Web zum Leben. Neue Techniken verbinden nicht nur\u2026","rel":"","context":"In &quot;Informationskompetenz&quot;","block_context":{"text":"Informationskompetenz","link":"https:\/\/textundblog.de\/?cat=16"},"img":{"alt_text":"","src":"","width":0,"height":0},"classes":[]}],"_links":{"self":[{"href":"https:\/\/textundblog.de\/index.php?rest_route=\/wp\/v2\/posts\/694","targetHints":{"allow":["GET"]}}],"collection":[{"href":"https:\/\/textundblog.de\/index.php?rest_route=\/wp\/v2\/posts"}],"about":[{"href":"https:\/\/textundblog.de\/index.php?rest_route=\/wp\/v2\/types\/post"}],"author":[{"embeddable":true,"href":"https:\/\/textundblog.de\/index.php?rest_route=\/wp\/v2\/users\/1"}],"replies":[{"embeddable":true,"href":"https:\/\/textundblog.de\/index.php?rest_route=%2Fwp%2Fv2%2Fcomments&post=694"}],"version-history":[{"count":0,"href":"https:\/\/textundblog.de\/index.php?rest_route=\/wp\/v2\/posts\/694\/revisions"}],"wp:attachment":[{"href":"https:\/\/textundblog.de\/index.php?rest_route=%2Fwp%2Fv2%2Fmedia&parent=694"}],"wp:term":[{"taxonomy":"category","embeddable":true,"href":"https:\/\/textundblog.de\/index.php?rest_route=%2Fwp%2Fv2%2Fcategories&post=694"},{"taxonomy":"post_tag","embeddable":true,"href":"https:\/\/textundblog.de\/index.php?rest_route=%2Fwp%2Fv2%2Ftags&post=694"}],"curies":[{"name":"wp","href":"https:\/\/api.w.org\/{rel}","templated":true}]}}