{"id":6891,"date":"2015-12-09T23:15:35","date_gmt":"2015-12-09T22:15:35","guid":{"rendered":"http:\/\/textundblog.de\/?p=6891"},"modified":"2015-12-09T23:15:35","modified_gmt":"2015-12-09T22:15:35","slug":"kuechenuhr-aus-dem-saarland","status":"publish","type":"post","link":"https:\/\/textundblog.de\/?p=6891","title":{"rendered":"K\u00fcchenuhr aus dem Saarland"},"content":{"rendered":"<p><a href=\"https:\/\/i0.wp.com\/textundblog.de\/wp-content\/PC090935.jpg?ssl=1\" rel=\"attachment wp-att-6892\"><img data-recalc-dims=\"1\" loading=\"lazy\" decoding=\"async\" data-attachment-id=\"6892\" data-permalink=\"https:\/\/textundblog.de\/?attachment_id=6892\" data-orig-file=\"https:\/\/i0.wp.com\/textundblog.de\/wp-content\/PC090935.jpg?fit=2736%2C2736&amp;ssl=1\" data-orig-size=\"2736,2736\" data-comments-opened=\"1\" data-image-meta=\"{&quot;aperture&quot;:&quot;1.8&quot;,&quot;credit&quot;:&quot;&quot;,&quot;camera&quot;:&quot;XZ-1&quot;,&quot;caption&quot;:&quot;OLYMPUS DIGITAL CAMERA&quot;,&quot;created_timestamp&quot;:&quot;1449704910&quot;,&quot;copyright&quot;:&quot;&quot;,&quot;focal_length&quot;:&quot;6&quot;,&quot;iso&quot;:&quot;200&quot;,&quot;shutter_speed&quot;:&quot;0.066666666666667&quot;,&quot;title&quot;:&quot;OLYMPUS DIGITAL CAMERA&quot;,&quot;orientation&quot;:&quot;1&quot;}\" data-image-title=\"OLYMPUS DIGITAL CAMERA\" data-image-description=\"\" data-image-caption=\"\" data-large-file=\"https:\/\/i0.wp.com\/textundblog.de\/wp-content\/PC090935.jpg?fit=1024%2C1024&amp;ssl=1\" title=\"OLYMPUS DIGITAL CAMERA\"  src=\"https:\/\/i0.wp.com\/textundblog.de\/wp-content\/PC090935.jpg?resize=830%2C830&#038;ssl=1\" alt=\"OLYMPUS DIGITAL CAMERA\" width=\"830\" height=\"830\" class=\"alignnone size-large wp-image-6892\" srcset=\"https:\/\/i0.wp.com\/textundblog.de\/wp-content\/PC090935.jpg?resize=1024%2C1024&amp;ssl=1 1024w, https:\/\/i0.wp.com\/textundblog.de\/wp-content\/PC090935.jpg?resize=150%2C150&amp;ssl=1 150w, https:\/\/i0.wp.com\/textundblog.de\/wp-content\/PC090935.jpg?resize=300%2C300&amp;ssl=1 300w, https:\/\/i0.wp.com\/textundblog.de\/wp-content\/PC090935.jpg?resize=768%2C768&amp;ssl=1 768w, https:\/\/i0.wp.com\/textundblog.de\/wp-content\/PC090935.jpg?resize=144%2C144&amp;ssl=1 144w, https:\/\/i0.wp.com\/textundblog.de\/wp-content\/PC090935.jpg?resize=40%2C40&amp;ssl=1 40w, https:\/\/i0.wp.com\/textundblog.de\/wp-content\/PC090935.jpg?resize=900%2C900&amp;ssl=1 900w, https:\/\/i0.wp.com\/textundblog.de\/wp-content\/PC090935.jpg?w=2000&amp;ssl=1 2000w\" sizes=\"auto, (max-width: 830px) 100vw, 830px\" \/><\/a><\/p>\n<p>Warum ich immer und zu jeder Zeit essen kann? Weil auf meiner K\u00fcchenuhr aus dem Saarland steht: &#8222;Um zw\u00f6lf gebbt gess!&#8220;.<\/p>\n","protected":false},"excerpt":{"rendered":"<p>Warum ich immer und zu jeder Zeit essen kann? Weil auf meiner K\u00fcchenuhr aus dem Saarland steht: &#8222;Um zw\u00f6lf gebbt gess!&#8220;.<\/p>\n","protected":false},"author":1,"featured_media":0,"comment_status":"open","ping_status":"open","sticky":false,"template":"","format":"standard","meta":{"site-sidebar-layout":"default","site-content-layout":"","ast-site-content-layout":"default","site-content-style":"default","site-sidebar-style":"default","ast-global-header-display":"","ast-banner-title-visibility":"","ast-main-header-display":"","ast-hfb-above-header-display":"","ast-hfb-below-header-display":"","ast-hfb-mobile-header-display":"","site-post-title":"","ast-breadcrumbs-content":"","ast-featured-img":"","footer-sml-layout":"","theme-transparent-header-meta":"","adv-header-id-meta":"","stick-header-meta":"","header-above-stick-meta":"","header-main-stick-meta":"","header-below-stick-meta":"","astra-migrate-meta-layouts":"default","ast-page-background-enabled":"default","ast-page-background-meta":{"desktop":{"background-color":"var(--ast-global-color-4)","background-image":"","background-repeat":"repeat","background-position":"center center","background-size":"auto","background-attachment":"scroll","background-type":"","background-media":"","overlay-type":"","overlay-color":"","overlay-opacity":"","overlay-gradient":""},"tablet":{"background-color":"","background-image":"","background-repeat":"repeat","background-position":"center center","background-size":"auto","background-attachment":"scroll","background-type":"","background-media":"","overlay-type":"","overlay-color":"","overlay-opacity":"","overlay-gradient":""},"mobile":{"background-color":"","background-image":"","background-repeat":"repeat","background-position":"center center","background-size":"auto","background-attachment":"scroll","background-type":"","background-media":"","overlay-type":"","overlay-color":"","overlay-opacity":"","overlay-gradient":""}},"ast-content-background-meta":{"desktop":{"background-color":"var(--ast-global-color-5)","background-image":"","background-repeat":"repeat","background-position":"center center","background-size":"auto","background-attachment":"scroll","background-type":"","background-media":"","overlay-type":"","overlay-color":"","overlay-opacity":"","overlay-gradient":""},"tablet":{"background-color":"var(--ast-global-color-5)","background-image":"","background-repeat":"repeat","background-position":"center center","background-size":"auto","background-attachment":"scroll","background-type":"","background-media":"","overlay-type":"","overlay-color":"","overlay-opacity":"","overlay-gradient":""},"mobile":{"background-color":"var(--ast-global-color-5)","background-image":"","background-repeat":"repeat","background-position":"center center","background-size":"auto","background-attachment":"scroll","background-type":"","background-media":"","overlay-type":"","overlay-color":"","overlay-opacity":"","overlay-gradient":""}},"ngg_post_thumbnail":0,"jetpack_post_was_ever_published":false,"_jetpack_newsletter_access":"","_jetpack_dont_email_post_to_subs":false,"_jetpack_newsletter_tier_id":0,"_jetpack_memberships_contains_paywalled_content":false,"_jetpack_memberships_contains_paid_content":false,"footnotes":""},"categories":[10,12],"tags":[],"class_list":["post-6891","post","type-post","status-publish","format-standard","hentry","category-foto","category-saarland"],"jetpack_featured_media_url":"","jetpack_sharing_enabled":true,"jetpack_shortlink":"https:\/\/wp.me\/p4uzZ-1N9","jetpack-related-posts":[{"id":1533,"url":"https:\/\/textundblog.de\/?p=1533","url_meta":{"origin":6891,"position":0},"title":"Saarl\u00e4ndischer Pr\u00e4sentkorb","author":"Markus","date":"1\/4\/2007","format":false,"excerpt":"Gerade selbst erst aus Dresden zur\u00fcckgekehrt, empfange ich schon in Hamburg Besuch aus dem Saarland. Und der Besuch hat diesen netten Pr\u00e4sentkorb f\u00fcr mich zusammengestellt und aus dem Saarland in die Hansestadt mitgebracht. Mit den saarl\u00e4ndischen Spezialit\u00e4ten Karlsberg-Bier, einem Ring Lyoner (=Fleischwurst) und den passenden Beilagen, Schmor-Kartoffeln und Mini-Kn\u00f6deln. Dazu\u2026","rel":"","context":"In &quot;Foto&quot;","block_context":{"text":"Foto","link":"https:\/\/textundblog.de\/?cat=10"},"img":{"alt_text":"Saarl\u00e4ndischer Pr\u00e4sentkorb","src":"http:\/\/de.sevenload.com\/im\/GDSGrgs\/450x338","width":350,"height":200},"classes":[]},{"id":1635,"url":"https:\/\/textundblog.de\/?p=1635","url_meta":{"origin":6891,"position":1},"title":"Neue saarl\u00e4ndische Blogfeedsammlung: Saarland OPML","author":"Markus","date":"11\/6\/2007","format":false,"excerpt":"Ein Saarl\u00e4nder bleibt ja immer - egal wo er lebt - ein Saarl\u00e4nder. Obwohl in Hamburg lebend und bloggend, begreife ich mich auch als Saar-Blogger im Exil und verfolge die Geschicke meines Heimatlandes (vor allem, was den Fu\u00dfball angelangt - seufz!) immer auch vom Hohen Norden aus. Somit war ich\u2026","rel":"","context":"In &quot;Internet&quot;","block_context":{"text":"Internet","link":"https:\/\/textundblog.de\/?cat=4"},"img":{"alt_text":"Saar Ebbes!","src":"https:\/\/i0.wp.com\/textundblog.de\/wp-content\/saarebbes.jpg?resize=350%2C200&ssl=1","width":350,"height":200},"classes":[]},{"id":1361,"url":"https:\/\/textundblog.de\/?p=1361","url_meta":{"origin":6891,"position":2},"title":"50 Jahre Saarland 1957-2007","author":"Markus","date":"1\/1\/2007","format":false,"excerpt":"Landschaft im Nord-Saarland - Foto: Flickr Das Saarland ist nat\u00fcrlich viel \u00e4lter als 50 Jahre, aber es geh\u00f6rt seit heute genau 50 Jahren zur Bundesrepublik Deutschland. So wie vor 50 Jahren Konrad Adenauer mit dem Zug ins Saarland einfuhr, kommt heute Angela Merkel mit dem ICE ins j\u00fcngste alte Bundesland\u2026","rel":"","context":"In &quot;Artikel&quot;","block_context":{"text":"Artikel","link":"https:\/\/textundblog.de\/?cat=5"},"img":{"alt_text":"Saarland(schaft)","src":"https:\/\/i0.wp.com\/textundblog.de\/wp-content\/saarlandschaft.jpg?resize=350%2C200&ssl=1","width":350,"height":200},"classes":[]},{"id":3907,"url":"https:\/\/textundblog.de\/?p=3907","url_meta":{"origin":6891,"position":3},"title":"\u00abhr2 \u2013 Der Tag\u00bb \u00fcber das Saarland &#8211; Von wegen klein, aber l\u00e4stig","author":"Markus","date":"23\/12\/2010","format":false,"excerpt":"Seit heute bin ich \u00fcber Weihnachten und Neujahr in meiner saarl\u00e4ndischen Heimat. Gestern Abend beim Kofferpacken kam von @mattsches der prima Tipp, mir doch den \u00abhr2 \u2013 Der Tag\u00bb-Podcast zum Saarland f\u00fcr die Zugreise aufzunehmen. Gesagt getan, habe die 55 Minuten heute im Zug geh\u00f6rt und fand das viel besser,\u2026","rel":"","context":"In &quot;Radio&quot;","block_context":{"text":"Radio","link":"https:\/\/textundblog.de\/?cat=19"},"img":{"alt_text":"hr2 Der Tag","src":"https:\/\/i0.wp.com\/www.textundblog.de\/wp-content\/hr2dertag.jpg?resize=350%2C200","width":350,"height":200},"classes":[]},{"id":5235,"url":"https:\/\/textundblog.de\/?p=5235","url_meta":{"origin":6891,"position":4},"title":"Metropole Saarbr\u00fccken &#8211; gelebte deutsch-franz\u00f6sische Kultur","author":"Markus","date":"23\/1\/2013","format":false,"excerpt":"Ein guter Beitrag \u00fcber meine Heimatstadt Saarbr\u00fccken auf ARTE. Metropolis hat im Metropolenreport: Saarbr\u00fccken genau hingeschaut und zeigt sehr gut, warum Saarbr\u00fccken eine ganz besondere Stadt ist und wieso sie beispielhaft f\u00fcr die Symbiose aus franz\u00f6sischer und deutscher Kultur steht. Wir haben ja gestern 50 Jahre Elys\u00e9e-Vertrag gedacht. Saarbr\u00fccken ist\u2026","rel":"","context":"In &quot;Oph\u00fcls&quot;","block_context":{"text":"Oph\u00fcls","link":"https:\/\/textundblog.de\/?cat=14"},"img":{"alt_text":"","src":"","width":0,"height":0},"classes":[]},{"id":1652,"url":"https:\/\/textundblog.de\/?p=1652","url_meta":{"origin":6891,"position":5},"title":"Text &amp; Blog ist auch ein saarl\u00e4ndisches Blog","author":"Markus","date":"23\/6\/2007","format":false,"excerpt":"Warum \u00abText & Blog\u00bb auch ein saarl\u00e4ndisches Blog ist, obwohl ich in Hamburg lebe und arbeite? (Und mich - ganz nebenbei gesagt - hier sehr, sehr wohl f\u00fchle!) Das ist schnell erkl\u00e4rt: erstens bin ich Saarl\u00e4nder (so was legt man auch nach einem Umzug nicht ab - ich nenne mich\u2026","rel":"","context":"In &quot;Saarland&quot;","block_context":{"text":"Saarland","link":"https:\/\/textundblog.de\/?cat=12"},"img":{"alt_text":"Saarschleife","src":"https:\/\/i0.wp.com\/textundblog.de\/wp-content\/saarschleife.jpg?resize=350%2C200&ssl=1","width":350,"height":200},"classes":[]}],"_links":{"self":[{"href":"https:\/\/textundblog.de\/index.php?rest_route=\/wp\/v2\/posts\/6891","targetHints":{"allow":["GET"]}}],"collection":[{"href":"https:\/\/textundblog.de\/index.php?rest_route=\/wp\/v2\/posts"}],"about":[{"href":"https:\/\/textundblog.de\/index.php?rest_route=\/wp\/v2\/types\/post"}],"author":[{"embeddable":true,"href":"https:\/\/textundblog.de\/index.php?rest_route=\/wp\/v2\/users\/1"}],"replies":[{"embeddable":true,"href":"https:\/\/textundblog.de\/index.php?rest_route=%2Fwp%2Fv2%2Fcomments&post=6891"}],"version-history":[{"count":0,"href":"https:\/\/textundblog.de\/index.php?rest_route=\/wp\/v2\/posts\/6891\/revisions"}],"wp:attachment":[{"href":"https:\/\/textundblog.de\/index.php?rest_route=%2Fwp%2Fv2%2Fmedia&parent=6891"}],"wp:term":[{"taxonomy":"category","embeddable":true,"href":"https:\/\/textundblog.de\/index.php?rest_route=%2Fwp%2Fv2%2Fcategories&post=6891"},{"taxonomy":"post_tag","embeddable":true,"href":"https:\/\/textundblog.de\/index.php?rest_route=%2Fwp%2Fv2%2Ftags&post=6891"}],"curies":[{"name":"wp","href":"https:\/\/api.w.org\/{rel}","templated":true}]}}