{"id":6877,"date":"2015-12-02T23:28:14","date_gmt":"2015-12-02T22:28:14","guid":{"rendered":"http:\/\/textundblog.de\/?p=6877"},"modified":"2015-12-02T23:31:37","modified_gmt":"2015-12-02T22:31:37","slug":"spiegelndes-rund-als-interessantes-fotografisches-objekt","status":"publish","type":"post","link":"https:\/\/textundblog.de\/?p=6877","title":{"rendered":"Spiegelndes Rund als interessantes fotografisches Objekt"},"content":{"rendered":"<figure id=\"attachment_6878\" aria-describedby=\"caption-attachment-6878\" style=\"width: 600px\" class=\"wp-caption alignnone\"><a href=\"https:\/\/i0.wp.com\/textundblog.de\/wp-content\/filmnoirkugel-gr.jpg?ssl=1\"><img data-recalc-dims=\"1\" loading=\"lazy\" decoding=\"async\" data-attachment-id=\"6878\" data-permalink=\"https:\/\/textundblog.de\/?attachment_id=6878\" data-orig-file=\"https:\/\/i0.wp.com\/textundblog.de\/wp-content\/filmnoirkugel.jpg?fit=600%2C600&amp;ssl=1\" data-orig-size=\"600,600\" data-comments-opened=\"1\" data-image-meta=\"{&quot;aperture&quot;:&quot;0&quot;,&quot;credit&quot;:&quot;&quot;,&quot;camera&quot;:&quot;&quot;,&quot;caption&quot;:&quot;&quot;,&quot;created_timestamp&quot;:&quot;0&quot;,&quot;copyright&quot;:&quot;&quot;,&quot;focal_length&quot;:&quot;0&quot;,&quot;iso&quot;:&quot;0&quot;,&quot;shutter_speed&quot;:&quot;0&quot;,&quot;title&quot;:&quot;&quot;,&quot;orientation&quot;:&quot;0&quot;}\" data-image-title=\"filmnoirkugel\" data-image-description=\"\" data-image-caption=\"&lt;p&gt;Fernsehabend Filmnoir&lt;\/p&gt;\n\" data-large-file=\"https:\/\/i0.wp.com\/textundblog.de\/wp-content\/filmnoirkugel.jpg?fit=600%2C600&amp;ssl=1\" title=\"Fernsehabend Filmnoir\"  src=\"https:\/\/i0.wp.com\/textundblog.de\/wp-content\/filmnoirkugel.jpg?resize=600%2C600&#038;ssl=1\" alt=\"Fernsehabend Filmnoir\" width=\"600\" height=\"600\" class=\"size-full wp-image-6878\" srcset=\"https:\/\/i0.wp.com\/textundblog.de\/wp-content\/filmnoirkugel.jpg?w=600&amp;ssl=1 600w, https:\/\/i0.wp.com\/textundblog.de\/wp-content\/filmnoirkugel.jpg?resize=150%2C150&amp;ssl=1 150w, https:\/\/i0.wp.com\/textundblog.de\/wp-content\/filmnoirkugel.jpg?resize=300%2C300&amp;ssl=1 300w, https:\/\/i0.wp.com\/textundblog.de\/wp-content\/filmnoirkugel.jpg?resize=144%2C144&amp;ssl=1 144w, https:\/\/i0.wp.com\/textundblog.de\/wp-content\/filmnoirkugel.jpg?resize=40%2C40&amp;ssl=1 40w\" sizes=\"auto, (max-width: 600px) 100vw, 600px\" \/><\/a><figcaption id=\"caption-attachment-6878\" class=\"wp-caption-text\">\u00ab<a href=\"https:\/\/www.instagram.com\/p\/-zkR31toHR\/\">Fernsehabend Filmnoir<\/a>\u00bb auf Instagram, Aufnahme <a href=\"https:\/\/textundblog.de\/wp-content\/filmnoirkugel-gr.jpg\">in gro\u00df<\/a><\/figcaption><\/figure>\n<p>Nachdem ich auf Instagram einige wundersch\u00f6ne Fotos mit <a href=\"https:\/\/www.instagram.com\/explore\/tags\/glaskugel\/\">#Glaskugel<\/a>n entdeckt hatte, fiel der Entschluss: So ein Teil brauch ich auch. Heute kam die begehrte Kugel an und nachdem ich gleich nach dem Auspacken einen Schnappschuss mit Martins Freude \u00fcber das neue spiegelnde Rund aufgenommen hatte (siehe unten), kam mir eben beim Wiederschauen von Fritz Langs auf Arte ausgestrahltem \u00abMinisterium der Angst\u00bb die Idee zu obiger Aufnahme. Weitere Glaskugelaufnahmen werden folgen.<br \/>\n<!--more--><\/p>\n<blockquote class=\"instagram-media\" data-instgrm-captioned data-instgrm-version=\"6\" style=\" background:#FFF; border:0; border-radius:3px; box-shadow:0 0 1px 0 rgba(0,0,0,0.5),0 1px 10px 0 rgba(0,0,0,0.15); margin: 1px; max-width:658px; padding:0; width:99.375%; width:-webkit-calc(100% - 2px); width:calc(100% - 2px);\">\n<div style=\"padding:8px;\">\n<div style=\" background:#F8F8F8; line-height:0; margin-top:40px; padding:50.0% 0; text-align:center; width:100%;\">\n<div style=\" background:url(data:image\/png;base64,iVBORw0KGgoAAAANSUhEUgAAACwAAAAsCAMAAAApWqozAAAAGFBMVEUiIiI9PT0eHh4gIB4hIBkcHBwcHBwcHBydr+JQAAAACHRSTlMABA4YHyQsM5jtaMwAAADfSURBVDjL7ZVBEgMhCAQBAf\/\/42xcNbpAqakcM0ftUmFAAIBE81IqBJdS3lS6zs3bIpB9WED3YYXFPmHRfT8sgyrCP1x8uEUxLMzNWElFOYCV6mHWWwMzdPEKHlhLw7NWJqkHc4uIZphavDzA2JPzUDsBZziNae2S6owH8xPmX8G7zzgKEOPUoYHvGz1TBCxMkd3kwNVbU0gKHkx+iZILf77IofhrY1nYFnB\/lQPb79drWOyJVa\/DAvg9B\/rLB4cC+Nqgdz\/TvBbBnr6GBReqn\/nRmDgaQEej7WhonozjF+Y2I\/fZou\/qAAAAAElFTkSuQmCC); display:block; height:44px; margin:0 auto -44px; position:relative; top:-22px; width:44px;\"><\/div>\n<\/div>\n<p style=\" margin:8px 0 0 0; padding:0 4px;\"> <a href=\"https:\/\/www.instagram.com\/p\/-zKt8etoKO\/\" style=\" color:#000; font-family:Arial,sans-serif; font-size:14px; font-style:normal; font-weight:normal; line-height:17px; text-decoration:none; word-wrap:break-word;\" target=\"_blank\">Martin ist begeistert: die #Fotoglaskugel ist da. #glaskugel<\/a><\/p>\n<p style=\" color:#c9c8cd; font-family:Arial,sans-serif; font-size:14px; line-height:17px; margin-bottom:0; margin-top:8px; overflow:hidden; padding:8px 0 7px; text-align:center; text-overflow:ellipsis; white-space:nowrap;\">Ein von Markus Trapp (@textundblog) gepostetes Foto am <time style=\" font-family:Arial,sans-serif; font-size:14px; line-height:17px;\" datetime=\"2015-12-02T18:28:23+00:00\">2. Dez 2015 um 10:28 Uhr<\/time><\/p>\n<\/div>\n<\/blockquote>\n<p><script async defer src=\"\/\/platform.instagram.com\/en_US\/embeds.js\"><\/script><\/p>\n","protected":false},"excerpt":{"rendered":"<p>Nachdem ich auf Instagram einige wundersch\u00f6ne Fotos mit #Glaskugeln entdeckt hatte, fiel der Entschluss: So ein Teil brauch ich auch. Heute kam die begehrte Kugel an und nachdem ich gleich nach dem Auspacken einen Schnappschuss mit Martins Freude \u00fcber das neue spiegelnde Rund aufgenommen hatte (siehe unten), kam mir eben beim Wiederschauen von Fritz Langs [&hellip;]<\/p>\n","protected":false},"author":1,"featured_media":0,"comment_status":"open","ping_status":"open","sticky":false,"template":"","format":"standard","meta":{"site-sidebar-layout":"default","site-content-layout":"","ast-site-content-layout":"default","site-content-style":"default","site-sidebar-style":"default","ast-global-header-display":"","ast-banner-title-visibility":"","ast-main-header-display":"","ast-hfb-above-header-display":"","ast-hfb-below-header-display":"","ast-hfb-mobile-header-display":"","site-post-title":"","ast-breadcrumbs-content":"","ast-featured-img":"","footer-sml-layout":"","theme-transparent-header-meta":"","adv-header-id-meta":"","stick-header-meta":"","header-above-stick-meta":"","header-main-stick-meta":"","header-below-stick-meta":"","astra-migrate-meta-layouts":"default","ast-page-background-enabled":"default","ast-page-background-meta":{"desktop":{"background-color":"var(--ast-global-color-4)","background-image":"","background-repeat":"repeat","background-position":"center center","background-size":"auto","background-attachment":"scroll","background-type":"","background-media":"","overlay-type":"","overlay-color":"","overlay-opacity":"","overlay-gradient":""},"tablet":{"background-color":"","background-image":"","background-repeat":"repeat","background-position":"center center","background-size":"auto","background-attachment":"scroll","background-type":"","background-media":"","overlay-type":"","overlay-color":"","overlay-opacity":"","overlay-gradient":""},"mobile":{"background-color":"","background-image":"","background-repeat":"repeat","background-position":"center center","background-size":"auto","background-attachment":"scroll","background-type":"","background-media":"","overlay-type":"","overlay-color":"","overlay-opacity":"","overlay-gradient":""}},"ast-content-background-meta":{"desktop":{"background-color":"var(--ast-global-color-5)","background-image":"","background-repeat":"repeat","background-position":"center center","background-size":"auto","background-attachment":"scroll","background-type":"","background-media":"","overlay-type":"","overlay-color":"","overlay-opacity":"","overlay-gradient":""},"tablet":{"background-color":"var(--ast-global-color-5)","background-image":"","background-repeat":"repeat","background-position":"center center","background-size":"auto","background-attachment":"scroll","background-type":"","background-media":"","overlay-type":"","overlay-color":"","overlay-opacity":"","overlay-gradient":""},"mobile":{"background-color":"var(--ast-global-color-5)","background-image":"","background-repeat":"repeat","background-position":"center center","background-size":"auto","background-attachment":"scroll","background-type":"","background-media":"","overlay-type":"","overlay-color":"","overlay-opacity":"","overlay-gradient":""}},"ngg_post_thumbnail":0,"jetpack_post_was_ever_published":false,"_jetpack_newsletter_access":"","_jetpack_dont_email_post_to_subs":false,"_jetpack_newsletter_tier_id":0,"_jetpack_memberships_contains_paywalled_content":false,"_jetpack_memberships_contains_paid_content":false,"footnotes":""},"categories":[10,2,3],"tags":[],"class_list":["post-6877","post","type-post","status-publish","format-standard","hentry","category-foto","category-kino","category-tv"],"jetpack_featured_media_url":"","jetpack_sharing_enabled":true,"jetpack_shortlink":"https:\/\/wp.me\/p4uzZ-1MV","jetpack-related-posts":[{"id":6819,"url":"https:\/\/textundblog.de\/?p=6819","url_meta":{"origin":6877,"position":0},"title":"Lichthof-Foto der Stabi auf Instagram","author":"Markus","date":"12\/11\/2015","format":false,"excerpt":"Dieses wunderbare Foto, also nicht das hier angezeigte, sondern das darauf zu sehende Foto unseres Lichthofes in der Bibliothek, hat ein Stabi-Nutzer k\u00fcrzlich auf Instagram gepostet. Wir waren so begeistert von dem Bild, dass ich ihn gefragt hab, ob wir seine Aufnahme mit der Glaskugel auf den beiden Infoscreens in\u2026","rel":"","context":"In &quot;Foto&quot;","block_context":{"text":"Foto","link":"https:\/\/textundblog.de\/?cat=10"},"img":{"alt_text":"","src":"https:\/\/i0.wp.com\/textundblog.de\/wp-content\/lichthof-infoscreen.jpg?resize=350%2C200&ssl=1","width":350,"height":200,"srcset":"https:\/\/i0.wp.com\/textundblog.de\/wp-content\/lichthof-infoscreen.jpg?resize=350%2C200&ssl=1 1x, https:\/\/i0.wp.com\/textundblog.de\/wp-content\/lichthof-infoscreen.jpg?resize=525%2C300&ssl=1 1.5x"},"classes":[]},{"id":6908,"url":"https:\/\/textundblog.de\/?p=6908","url_meta":{"origin":6877,"position":1},"title":"Meine 50 Cent\u2026","author":"Markus","date":"20\/12\/2015","format":false,"excerpt":"Ich habe in die Zukunft geschaut. Meine Glaskugel zeigt 50 Cent\u2026","rel":"","context":"In &quot;Foto&quot;","block_context":{"text":"Foto","link":"https:\/\/textundblog.de\/?cat=10"},"img":{"alt_text":"","src":"https:\/\/i0.wp.com\/textundblog.de\/wp-content\/50cent.jpg?resize=350%2C200&ssl=1","width":350,"height":200,"srcset":"https:\/\/i0.wp.com\/textundblog.de\/wp-content\/50cent.jpg?resize=350%2C200&ssl=1 1x, https:\/\/i0.wp.com\/textundblog.de\/wp-content\/50cent.jpg?resize=525%2C300&ssl=1 1.5x"},"classes":[]},{"id":7012,"url":"https:\/\/textundblog.de\/?p=7012","url_meta":{"origin":6877,"position":2},"title":"Paddle Boarding mit Walen in Australien","author":"Markus","date":"25\/2\/2016","format":false,"excerpt":"https:\/\/www.youtube.com\/watch?v=g6U3VCneKfs Da w\u00e4r ich jetzt gern. Ein Video so richtig sch\u00f6n zum Runterkommen, wie der gute @sabbeljan zurecht schreibt. Jaimen Hudson hat den Film mit einer Drohne aufgenommen. Auf Instagram zeigt er weitere traumhafte Aufnahmen aus Australien.","rel":"","context":"In &quot;Video&quot;","block_context":{"text":"Video","link":"https:\/\/textundblog.de\/?cat=18"},"img":{"alt_text":"","src":"https:\/\/i0.wp.com\/textundblog.de\/wp-content\/wale.jpg?resize=350%2C200&ssl=1","width":350,"height":200,"srcset":"https:\/\/i0.wp.com\/textundblog.de\/wp-content\/wale.jpg?resize=350%2C200&ssl=1 1x, https:\/\/i0.wp.com\/textundblog.de\/wp-content\/wale.jpg?resize=525%2C300&ssl=1 1.5x, https:\/\/i0.wp.com\/textundblog.de\/wp-content\/wale.jpg?resize=700%2C400&ssl=1 2x"},"classes":[]},{"id":9336,"url":"https:\/\/textundblog.de\/?p=9336","url_meta":{"origin":6877,"position":3},"title":"Zehn Jahre Social Media in der Stabi","author":"Markus","date":"10\/2\/2020","format":false,"excerpt":"Heute vor zehn Jahren habe ich - damals im Urlaub auf der Berlinale - erfahren, dass ich in der Stabi Hamburg nach 4,5 Jahren Projektmitarbeit einen unbefristeten Arbeitsvertrag bekommen und zum 1. M\u00e4rz 2010 eine Stabsstelle mit Aufgabengebiet Social Media antreten werde. Damals stolz im Blog verk\u00fcndet: \u00abFeste Stelle Social\u2026","rel":"","context":"In &quot;Hamburg&quot;","block_context":{"text":"Hamburg","link":"https:\/\/textundblog.de\/?cat=15"},"img":{"alt_text":"Bei der Arbeit im Lichthof der Stabi","src":"https:\/\/i0.wp.com\/textundblog.de\/wp-content\/DSC_0212_DxOFP-1200x798-1-1024x681.jpg?resize=350%2C200&ssl=1","width":350,"height":200,"srcset":"https:\/\/i0.wp.com\/textundblog.de\/wp-content\/DSC_0212_DxOFP-1200x798-1-1024x681.jpg?resize=350%2C200&ssl=1 1x, https:\/\/i0.wp.com\/textundblog.de\/wp-content\/DSC_0212_DxOFP-1200x798-1-1024x681.jpg?resize=525%2C300&ssl=1 1.5x, https:\/\/i0.wp.com\/textundblog.de\/wp-content\/DSC_0212_DxOFP-1200x798-1-1024x681.jpg?resize=700%2C400&ssl=1 2x"},"classes":[]},{"id":2955,"url":"https:\/\/textundblog.de\/?p=2955","url_meta":{"origin":6877,"position":4},"title":"Die Papierkugel hat den HSV besiegt","author":"Markus","date":"8\/5\/2009","format":false,"excerpt":"Direktlink YouTube Es gibt auch einen Wiki-Eintrag zur Papierkugel: Papierkugel, auch genannt die Papierkugel Gottes, (* 7. Mai 2009 in Hamburg) ist ein deutscher Fu\u00dfballspieler. Tragisch, da sie von einem HSV-Fan aufs Feld geworfen wurde.","rel":"","context":"In &quot;Fu\u00dfball&quot;","block_context":{"text":"Fu\u00dfball","link":"https:\/\/textundblog.de\/?cat=17"},"img":{"alt_text":"","src":"","width":0,"height":0},"classes":[]},{"id":7358,"url":"https:\/\/textundblog.de\/?p=7358","url_meta":{"origin":6877,"position":5},"title":"EisZeiten \u2013 Die Menschen des Nordlichts. Faszinierende Ausstellung im Museum f\u00fcr V\u00f6lkerkunde Hamburg","author":"Markus","date":"18\/10\/2016","format":false,"excerpt":"Gestern Abend durfte ein kleiner Kreis von Hamburger Bloggern, Instagramern und Twitteren (alle m\/w) im Rahmen des Social-Media-Abends im Museum f\u00fcr V\u00f6lkerkunde einen ersten Blick in die Ausstellung \"EisZeiten \u2013 Die Menschen des Nordlichts\" werfen, die heute Abend offiziell er\u00f6ffnet wird. Aufgeteilt in zwei Gruppen wurden wir kundig durch die\u2026","rel":"","context":"In &quot;Foto&quot;","block_context":{"text":"Foto","link":"https:\/\/textundblog.de\/?cat=10"},"img":{"alt_text":"","src":"https:\/\/i0.wp.com\/textundblog.de\/wp-content\/IMG_8881.jpg?resize=350%2C200","width":350,"height":200,"srcset":"https:\/\/i0.wp.com\/textundblog.de\/wp-content\/IMG_8881.jpg?resize=350%2C200 1x, https:\/\/i0.wp.com\/textundblog.de\/wp-content\/IMG_8881.jpg?resize=525%2C300 1.5x, https:\/\/i0.wp.com\/textundblog.de\/wp-content\/IMG_8881.jpg?resize=700%2C400 2x, https:\/\/i0.wp.com\/textundblog.de\/wp-content\/IMG_8881.jpg?resize=1050%2C600 3x, https:\/\/i0.wp.com\/textundblog.de\/wp-content\/IMG_8881.jpg?resize=1400%2C800 4x"},"classes":[]}],"_links":{"self":[{"href":"https:\/\/textundblog.de\/index.php?rest_route=\/wp\/v2\/posts\/6877","targetHints":{"allow":["GET"]}}],"collection":[{"href":"https:\/\/textundblog.de\/index.php?rest_route=\/wp\/v2\/posts"}],"about":[{"href":"https:\/\/textundblog.de\/index.php?rest_route=\/wp\/v2\/types\/post"}],"author":[{"embeddable":true,"href":"https:\/\/textundblog.de\/index.php?rest_route=\/wp\/v2\/users\/1"}],"replies":[{"embeddable":true,"href":"https:\/\/textundblog.de\/index.php?rest_route=%2Fwp%2Fv2%2Fcomments&post=6877"}],"version-history":[{"count":0,"href":"https:\/\/textundblog.de\/index.php?rest_route=\/wp\/v2\/posts\/6877\/revisions"}],"wp:attachment":[{"href":"https:\/\/textundblog.de\/index.php?rest_route=%2Fwp%2Fv2%2Fmedia&parent=6877"}],"wp:term":[{"taxonomy":"category","embeddable":true,"href":"https:\/\/textundblog.de\/index.php?rest_route=%2Fwp%2Fv2%2Fcategories&post=6877"},{"taxonomy":"post_tag","embeddable":true,"href":"https:\/\/textundblog.de\/index.php?rest_route=%2Fwp%2Fv2%2Ftags&post=6877"}],"curies":[{"name":"wp","href":"https:\/\/api.w.org\/{rel}","templated":true}]}}