{"id":6788,"date":"2015-11-01T08:51:21","date_gmt":"2015-11-01T07:51:21","guid":{"rendered":"http:\/\/textundblog.de\/?p=6788"},"modified":"2015-11-01T08:51:21","modified_gmt":"2015-11-01T07:51:21","slug":"11-jahre-text-blog","status":"publish","type":"post","link":"https:\/\/textundblog.de\/?p=6788","title":{"rendered":"11 Jahre Text &#038; Blog"},"content":{"rendered":"<p><a href=\"https:\/\/i0.wp.com\/textundblog.de\/wp-content\/image.jpeg?ssl=1\"><img data-recalc-dims=\"1\" loading=\"lazy\" decoding=\"async\" data-attachment-id=\"6789\" data-permalink=\"https:\/\/textundblog.de\/?attachment_id=6789\" data-orig-file=\"https:\/\/i0.wp.com\/textundblog.de\/wp-content\/image.jpeg?fit=2448%2C2448&amp;ssl=1\" data-orig-size=\"2448,2448\" data-comments-opened=\"1\" data-image-meta=\"{&quot;aperture&quot;:&quot;2.4&quot;,&quot;credit&quot;:&quot;&quot;,&quot;camera&quot;:&quot;iPhone 4S&quot;,&quot;caption&quot;:&quot;&quot;,&quot;created_timestamp&quot;:&quot;1446306332&quot;,&quot;copyright&quot;:&quot;&quot;,&quot;focal_length&quot;:&quot;4.28&quot;,&quot;iso&quot;:&quot;50&quot;,&quot;shutter_speed&quot;:&quot;0.0083333333333333&quot;,&quot;title&quot;:&quot;&quot;,&quot;orientation&quot;:&quot;1&quot;}\" data-image-title=\"11 Jahre Text &amp;#038; Blog\" data-image-description=\"&lt;p&gt;11 Jahre Text &amp;#038; Blog&lt;\/p&gt;\n\" data-image-caption=\"\" data-large-file=\"https:\/\/i0.wp.com\/textundblog.de\/wp-content\/image.jpeg?fit=1024%2C1024&amp;ssl=1\" title=\"11 Jahre Text &amp; Blog\"  src=\"https:\/\/i0.wp.com\/textundblog.de\/wp-content\/image.jpeg?resize=830%2C830&#038;ssl=1\" alt=\"11 Jahre Text &amp; Blog\" width=\"830\" height=\"830\" class=\"alignnone size-large wp-image-6789\" srcset=\"https:\/\/i0.wp.com\/textundblog.de\/wp-content\/image.jpeg?resize=1024%2C1024&amp;ssl=1 1024w, https:\/\/i0.wp.com\/textundblog.de\/wp-content\/image.jpeg?resize=150%2C150&amp;ssl=1 150w, https:\/\/i0.wp.com\/textundblog.de\/wp-content\/image.jpeg?resize=300%2C300&amp;ssl=1 300w, https:\/\/i0.wp.com\/textundblog.de\/wp-content\/image.jpeg?resize=144%2C144&amp;ssl=1 144w, https:\/\/i0.wp.com\/textundblog.de\/wp-content\/image.jpeg?resize=900%2C900&amp;ssl=1 900w, https:\/\/i0.wp.com\/textundblog.de\/wp-content\/image.jpeg?resize=40%2C40&amp;ssl=1 40w, https:\/\/i0.wp.com\/textundblog.de\/wp-content\/image.jpeg?w=2000&amp;ssl=1 2000w\" sizes=\"auto, (max-width: 830px) 100vw, 830px\" \/><\/a><\/p>\n<p>11 Jahre, ist das nicht der Hammer? H\u00e4tte mir jemand vorausgesagt, dass ich das 11 Jahre tagt\u00e4glich machen w\u00fcrde, als ich heute vor 11 Jahren &#8211; damals noch in Saarbr\u00fccken &#8211; meinen ersten Blogartikel geschrieben hatte, h\u00e4tt&#8216; ich ihn f\u00fcr bekoppt erkl\u00e4rt. Ein halbes Jahr nach Blogstart zog ich nach Hamburg. 4.017 Tage sind seither vergangen, 4.181 Beitr\u00e4ge hab ich seither hier ver\u00f6ffentlicht. Das macht 1,04 Artikel pro Tag, wie der Taschenrechner mir verr\u00e4t.<\/p>\n<p>Dies ist sicher das letzte Jahr, wo der Schnitt noch \u00fcber einem Artikel pro Tag liegt. Schrieb ich fr\u00fcher drei Artikel pro <em>Tag<\/em> sind es jetzt oft nur noch drei pro Woche. Vieles l\u00e4uft halt \u00fcber Twitter, ihr kennt das. Doch alles, was nicht in 140 Zeichen passt, wird auch k\u00fcnftig hier hineingeschrieben. Also auf ins 12. Jahr von Text &#038; Blog. Lasst uns das Dutzend voll machen. Sch\u00f6n, dass ihr ab und zu hier reinschaut.<\/p>\n","protected":false},"excerpt":{"rendered":"<p>11 Jahre, ist das nicht der Hammer? H\u00e4tte mir jemand vorausgesagt, dass ich das 11 Jahre tagt\u00e4glich machen w\u00fcrde, als ich heute vor 11 Jahren &#8211; damals noch in Saarbr\u00fccken &#8211; meinen ersten Blogartikel geschrieben hatte, h\u00e4tt&#8216; ich ihn f\u00fcr bekoppt erkl\u00e4rt. Ein halbes Jahr nach Blogstart zog ich nach Hamburg. 4.017 Tage sind seither [&hellip;]<\/p>\n","protected":false},"author":1,"featured_media":0,"comment_status":"open","ping_status":"open","sticky":false,"template":"","format":"standard","meta":{"site-sidebar-layout":"default","site-content-layout":"","ast-site-content-layout":"default","site-content-style":"default","site-sidebar-style":"default","ast-global-header-display":"","ast-banner-title-visibility":"","ast-main-header-display":"","ast-hfb-above-header-display":"","ast-hfb-below-header-display":"","ast-hfb-mobile-header-display":"","site-post-title":"","ast-breadcrumbs-content":"","ast-featured-img":"","footer-sml-layout":"","theme-transparent-header-meta":"","adv-header-id-meta":"","stick-header-meta":"","header-above-stick-meta":"","header-main-stick-meta":"","header-below-stick-meta":"","astra-migrate-meta-layouts":"default","ast-page-background-enabled":"default","ast-page-background-meta":{"desktop":{"background-color":"var(--ast-global-color-4)","background-image":"","background-repeat":"repeat","background-position":"center center","background-size":"auto","background-attachment":"scroll","background-type":"","background-media":"","overlay-type":"","overlay-color":"","overlay-opacity":"","overlay-gradient":""},"tablet":{"background-color":"","background-image":"","background-repeat":"repeat","background-position":"center center","background-size":"auto","background-attachment":"scroll","background-type":"","background-media":"","overlay-type":"","overlay-color":"","overlay-opacity":"","overlay-gradient":""},"mobile":{"background-color":"","background-image":"","background-repeat":"repeat","background-position":"center center","background-size":"auto","background-attachment":"scroll","background-type":"","background-media":"","overlay-type":"","overlay-color":"","overlay-opacity":"","overlay-gradient":""}},"ast-content-background-meta":{"desktop":{"background-color":"var(--ast-global-color-5)","background-image":"","background-repeat":"repeat","background-position":"center center","background-size":"auto","background-attachment":"scroll","background-type":"","background-media":"","overlay-type":"","overlay-color":"","overlay-opacity":"","overlay-gradient":""},"tablet":{"background-color":"var(--ast-global-color-5)","background-image":"","background-repeat":"repeat","background-position":"center center","background-size":"auto","background-attachment":"scroll","background-type":"","background-media":"","overlay-type":"","overlay-color":"","overlay-opacity":"","overlay-gradient":""},"mobile":{"background-color":"var(--ast-global-color-5)","background-image":"","background-repeat":"repeat","background-position":"center center","background-size":"auto","background-attachment":"scroll","background-type":"","background-media":"","overlay-type":"","overlay-color":"","overlay-opacity":"","overlay-gradient":""}},"ngg_post_thumbnail":0,"jetpack_post_was_ever_published":false,"_jetpack_newsletter_access":"","_jetpack_dont_email_post_to_subs":false,"_jetpack_newsletter_tier_id":0,"_jetpack_memberships_contains_paywalled_content":false,"_jetpack_memberships_contains_paid_content":false,"footnotes":""},"categories":[4,11],"tags":[],"class_list":["post-6788","post","type-post","status-publish","format-standard","hentry","category-internet","category-literatur"],"jetpack_featured_media_url":"","jetpack_sharing_enabled":true,"jetpack_shortlink":"https:\/\/wp.me\/p4uzZ-1Lu","jetpack-related-posts":[{"id":6387,"url":"https:\/\/textundblog.de\/?p=6387","url_meta":{"origin":6788,"position":0},"title":"Zehn Jahre Text &#038; Blog","author":"Markus","date":"1\/11\/2014","format":false,"excerpt":"Als ich heute vor zehn Jahren, am 1. November 2004, in Saarbr\u00fccken meine erste WordPress-Installation gemacht hatte, um auszuprobieren, ob das mit dem Bloggen etwas f\u00fcr mich ist, h\u00e4tte ich mir nicht tr\u00e4umen lassen, dass ich das mal zehn Jahre lang machen w\u00fcrde. Mittlerweile seit neuneinhalb Jahren in Hamburg lebend,\u2026","rel":"","context":"In &quot;Internet&quot;","block_context":{"text":"Internet","link":"https:\/\/textundblog.de\/?cat=4"},"img":{"alt_text":"","src":"https:\/\/i0.wp.com\/textundblog.de\/wp-content\/10jahre-tub.jpg?resize=350%2C200&ssl=1","width":350,"height":200},"classes":[]},{"id":10348,"url":"https:\/\/textundblog.de\/?p=10348","url_meta":{"origin":6788,"position":1},"title":"18 Jahre Text &#038; Blog","author":"Markus","date":"1\/11\/2022","format":false,"excerpt":"Mit dem heutigen Tag ist mein Blog erwachsen geworden. Unfassbar: 18 Jahre alt. Am 1.11.2004 habe ich es - damals noch in Saarbr\u00fccken lebend - begonnen und seither \u00fcber 4.700 Beitr\u00e4ge geschrieben und \u00fcber 19.000 Kommentare bekommen. Das macht 0,72 Beitr\u00e4ge pro Tag in 18 Jahren. Wenn mir das einer\u2026","rel":"","context":"In &quot;Internet&quot;","block_context":{"text":"Internet","link":"https:\/\/textundblog.de\/?cat=4"},"img":{"alt_text":"","src":"https:\/\/i0.wp.com\/textundblog.de\/wp-content\/18jahretextundblog.jpg?fit=800%2C600&ssl=1&resize=350%2C200","width":350,"height":200,"srcset":"https:\/\/i0.wp.com\/textundblog.de\/wp-content\/18jahretextundblog.jpg?fit=800%2C600&ssl=1&resize=350%2C200 1x, https:\/\/i0.wp.com\/textundblog.de\/wp-content\/18jahretextundblog.jpg?fit=800%2C600&ssl=1&resize=525%2C300 1.5x, https:\/\/i0.wp.com\/textundblog.de\/wp-content\/18jahretextundblog.jpg?fit=800%2C600&ssl=1&resize=700%2C400 2x"},"classes":[]},{"id":2601,"url":"https:\/\/textundblog.de\/?p=2601","url_meta":{"origin":6788,"position":2},"title":"4 Jahre Text &amp; Blog &#8211; ich danke Euch!","author":"Markus","date":"1\/11\/2008","format":false,"excerpt":"Als ich am 1. Novemer 2004 zaghaft meinen ersten Blogartikel schrieb, damals noch in Saarbr\u00fccken lebend, h\u00e4tte ich nie gedacht, dass dieses Blog einmal so wichtig f\u00fcr mich werden w\u00fcrde. Ein halbes Jahr noch f\u00fcllte ich es vom Saarland aus mit Inhalten (einer der ersten - durch den Schock des\u2026","rel":"","context":"In &quot;Internet&quot;","block_context":{"text":"Internet","link":"https:\/\/textundblog.de\/?cat=4"},"img":{"alt_text":"4 Jahre Text & Blog - ich danke Euch!","src":"https:\/\/i0.wp.com\/textundblog.de\/wp-content\/tub4jahredanke.jpg?resize=350%2C200&ssl=1","width":350,"height":200},"classes":[]},{"id":5083,"url":"https:\/\/textundblog.de\/?p=5083","url_meta":{"origin":6788,"position":3},"title":"8 Jahre Text &#038; Blog","author":"Markus","date":"1\/11\/2012","format":false,"excerpt":"Die Acht ist meine Gl\u00fcckszahl. Und dieses Blog wird heute acht Jahre alt. Ich muss zugeben: ein besonderer Moment f\u00fcr mich. Als ich am 1. November 2004 meinen ersten Blogartikel schrieb, damals noch in Saarbr\u00fccken, ohne richtig zu wissen, was ich da anfange, h\u00e4tte ich nie gedacht, dass das hier\u2026","rel":"","context":"In &quot;Internet&quot;","block_context":{"text":"Internet","link":"https:\/\/textundblog.de\/?cat=4"},"img":{"alt_text":"8 Jahre Text & Blog","src":"https:\/\/i0.wp.com\/textundblog.de\/wp-content\/tub8-500.jpg?resize=350%2C200&ssl=1","width":350,"height":200},"classes":[]},{"id":3816,"url":"https:\/\/textundblog.de\/?p=3816","url_meta":{"origin":6788,"position":4},"title":"6 Jahre Text &#038; Blog","author":"Markus","date":"1\/11\/2010","format":false,"excerpt":"Wenn mir einer erz\u00e4hlt h\u00e4tte, ich w\u00fcrde hier mal \u00fcber 3.000 Artikel schreiben, den h\u00e4tte ich wahrscheinlich nicht ernst genommen. Mittlerweile ist es aber so gekommen. Text & Blog besteht seit heute genau 6 Jahre lang. Dies ist der 3.080. Artikel, seit ich an Allerheiligen in Saarbr\u00fccken - wo dies\u2026","rel":"","context":"In &quot;Internet&quot;","block_context":{"text":"Internet","link":"https:\/\/textundblog.de\/?cat=4"},"img":{"alt_text":"6 Jahre Text & Blog","src":"https:\/\/i0.wp.com\/textundblog.de\/wp-content\/6jahre-tub.jpg?resize=350%2C200&ssl=1","width":350,"height":200},"classes":[]},{"id":1884,"url":"https:\/\/textundblog.de\/?p=1884","url_meta":{"origin":6788,"position":5},"title":"3 Jahre Text &amp; Blog","author":"Markus","date":"1\/11\/2007","format":false,"excerpt":"1.11.2004 - 1.11.2007 1.850 Beitr\u00e4ge seit 1.11.2004 3.541 Kommentare seit 4.11.2004 1.096 Tage online 1,69 Beitr\u00e4ge pro Tag 3,24 Kommentare pro Tag Ich danke euch f\u00fcr drei Jahre \u00abText & Blog\u00bb. Dieses Blog ist in den drei Jahren seines Bestehens beinahe t\u00e4glich aktualisiert worden. Nein, ohne euch h\u00e4tte ich das\u2026","rel":"","context":"In &quot;Internet&quot;","block_context":{"text":"Internet","link":"https:\/\/textundblog.de\/?cat=4"},"img":{"alt_text":"","src":"","width":0,"height":0},"classes":[]}],"_links":{"self":[{"href":"https:\/\/textundblog.de\/index.php?rest_route=\/wp\/v2\/posts\/6788","targetHints":{"allow":["GET"]}}],"collection":[{"href":"https:\/\/textundblog.de\/index.php?rest_route=\/wp\/v2\/posts"}],"about":[{"href":"https:\/\/textundblog.de\/index.php?rest_route=\/wp\/v2\/types\/post"}],"author":[{"embeddable":true,"href":"https:\/\/textundblog.de\/index.php?rest_route=\/wp\/v2\/users\/1"}],"replies":[{"embeddable":true,"href":"https:\/\/textundblog.de\/index.php?rest_route=%2Fwp%2Fv2%2Fcomments&post=6788"}],"version-history":[{"count":0,"href":"https:\/\/textundblog.de\/index.php?rest_route=\/wp\/v2\/posts\/6788\/revisions"}],"wp:attachment":[{"href":"https:\/\/textundblog.de\/index.php?rest_route=%2Fwp%2Fv2%2Fmedia&parent=6788"}],"wp:term":[{"taxonomy":"category","embeddable":true,"href":"https:\/\/textundblog.de\/index.php?rest_route=%2Fwp%2Fv2%2Fcategories&post=6788"},{"taxonomy":"post_tag","embeddable":true,"href":"https:\/\/textundblog.de\/index.php?rest_route=%2Fwp%2Fv2%2Ftags&post=6788"}],"curies":[{"name":"wp","href":"https:\/\/api.w.org\/{rel}","templated":true}]}}