{"id":6781,"date":"2015-10-23T13:50:43","date_gmt":"2015-10-23T11:50:43","guid":{"rendered":"http:\/\/textundblog.de\/?p=6781"},"modified":"2015-10-23T14:05:03","modified_gmt":"2015-10-23T12:05:03","slug":"die-bruecke-dritte-staffel-fertig-gedreht","status":"publish","type":"post","link":"https:\/\/textundblog.de\/?p=6781","title":{"rendered":"Die Br\u00fccke &#8211; Dritte Staffel fertig gedreht"},"content":{"rendered":"<p><a href=\"https:\/\/i0.wp.com\/textundblog.de\/wp-content\/bruecke-transitindentod.jpg?ssl=1\"><img data-recalc-dims=\"1\" loading=\"lazy\" decoding=\"async\" data-attachment-id=\"6782\" data-permalink=\"https:\/\/textundblog.de\/?attachment_id=6782\" data-orig-file=\"https:\/\/i0.wp.com\/textundblog.de\/wp-content\/bruecke-transitindentod.jpg?fit=800%2C601&amp;ssl=1\" data-orig-size=\"800,601\" data-comments-opened=\"1\" data-image-meta=\"{&quot;aperture&quot;:&quot;0&quot;,&quot;credit&quot;:&quot;&quot;,&quot;camera&quot;:&quot;&quot;,&quot;caption&quot;:&quot;&quot;,&quot;created_timestamp&quot;:&quot;0&quot;,&quot;copyright&quot;:&quot;&quot;,&quot;focal_length&quot;:&quot;0&quot;,&quot;iso&quot;:&quot;0&quot;,&quot;shutter_speed&quot;:&quot;0&quot;,&quot;title&quot;:&quot;&quot;,&quot;orientation&quot;:&quot;0&quot;}\" data-image-title=\"bruecke-transitindentod\" data-image-description=\"\" data-image-caption=\"\" data-large-file=\"https:\/\/i0.wp.com\/textundblog.de\/wp-content\/bruecke-transitindentod.jpg?fit=800%2C601&amp;ssl=1\" title=\"Die Br\u00fccke \u2013 Transit in den Tod\" src=\"https:\/\/i0.wp.com\/textundblog.de\/wp-content\/bruecke-transitindentod.jpg?resize=800%2C601&#038;ssl=1\" alt=\"Die Br\u00fccke \u2013 Transit in den Tod\" width=\"800\" height=\"601\" class=\"alignnone size-full wp-image-6782\" srcset=\"https:\/\/i0.wp.com\/textundblog.de\/wp-content\/bruecke-transitindentod.jpg?w=800&amp;ssl=1 800w, https:\/\/i0.wp.com\/textundblog.de\/wp-content\/bruecke-transitindentod.jpg?resize=300%2C225&amp;ssl=1 300w\" sizes=\"auto, (max-width: 800px) 100vw, 800px\" \/><\/a><\/p>\n<p>Es gibt sie noch, die guten Nachrichten f\u00fcr Fans qualitativ hochwertiger TV-Serien. Was schon vor Langem <a href=\"http:\/\/www.tagesspiegel.de\/medien\/deutsch-skandinavische-koproduktion-dritte-staffel-von-die-bruecke-kommt-2016\/10790894.html\">angek\u00fcndigt<\/a> wurde, wird jetzt wahr: Die Dritte Staffel der d\u00e4nisch-schwedisch-deutschen Krimiserie \u00ab<a href=\"http:\/\/www.fernsehserien.de\/die-bruecke-transit-in-den-tod\">Die Br\u00fccke \u2013 Transit in den Tod<\/a>\u00bb kommt 2016 ins deutsche Fernsehen (<a href=\"http:\/\/www.zdf.de\/die-bruecke\/die-bruecke-6069150.html\">ZDF<\/a>). <\/p>\n<p>Kim Bodnia alias Martin Rohde ist ja aus der Serie ausgestiegen. Er war &#8211; laut <a href=\"https:\/\/de.wikipedia.org\/wiki\/Die_Br%C3%BCcke_%E2%80%93_Transit_in_den_Tod#Staffel_3\">Wikipedia<\/a> &#8211; mit dem Manuskript und der Entwicklung seines Charakters in der dritten Staffel unzufrieden. Daher fokussiert sich \u00abDie Br\u00fccke\u00bb nun st\u00e4rker auf die Figur Saga Nor\u00e9n (gro\u00dfartig gespielt von Sofia Helin) und ihre sozialen Umst\u00e4nde. Und sie bekommt einen neuen Ermittler an die Seite, der in seiner Ehe offen polygam lebt. Der Trailer l\u00e4sst die Vorfreude steigen:<\/p>\n<p><span class=\"embed-youtube\" style=\"text-align:center; display: block;\"><iframe loading=\"lazy\" class=\"youtube-player\" width=\"640\" height=\"360\" src=\"https:\/\/www.youtube.com\/embed\/qeS5HnPwGh0?version=3&#038;rel=1&#038;showsearch=0&#038;showinfo=1&#038;iv_load_policy=1&#038;fs=1&#038;hl=de-DE&#038;autohide=2&#038;wmode=transparent\" allowfullscreen=\"true\" style=\"border:0;\" sandbox=\"allow-scripts allow-same-origin allow-popups allow-presentation allow-popups-to-escape-sandbox\"><\/iframe><\/span><\/p>\n<p>Dazu <em>The Guardian<\/em>: <a href=\"http:\/\/www.theguardian.com\/tv-and-radio\/2015\/oct\/21\/saga-continues-a-first-look-at-the-bridge-season-three\">Saga continues: a first look at The Bridge, season three<\/a>.<\/p>\n<p>Zum genauen Starttermin in Deutschland wei\u00df <a href=\"http:\/\/www.wunschliste.de\/tvnews\/m\/die-bruecke-staffel-3-ab-februar-im-zdf\">wunschliste.de<\/a> N\u00e4heres:<\/p>\n<blockquote><p>Staffel 3 mit f\u00fcnf neuen Folgen ist ab dem 14. Februar (und damit rund zwei Jahre nach der vorherigen) auf dem angestammten internationalen Krimi-Sendeplatz sonntags um 22.00 Uhr zu sehen.<\/p><\/blockquote>\n","protected":false},"excerpt":{"rendered":"<p>Es gibt sie noch, die guten Nachrichten f\u00fcr Fans qualitativ hochwertiger TV-Serien. Was schon vor Langem angek\u00fcndigt wurde, wird jetzt wahr: Die Dritte Staffel der d\u00e4nisch-schwedisch-deutschen Krimiserie \u00abDie Br\u00fccke \u2013 Transit in den Tod\u00bb kommt 2016 ins deutsche Fernsehen (ZDF). Kim Bodnia alias Martin Rohde ist ja aus der Serie ausgestiegen. Er war &#8211; laut [&hellip;]<\/p>\n","protected":false},"author":1,"featured_media":0,"comment_status":"open","ping_status":"open","sticky":false,"template":"","format":"standard","meta":{"site-sidebar-layout":"default","site-content-layout":"","ast-site-content-layout":"default","site-content-style":"default","site-sidebar-style":"default","ast-global-header-display":"","ast-banner-title-visibility":"","ast-main-header-display":"","ast-hfb-above-header-display":"","ast-hfb-below-header-display":"","ast-hfb-mobile-header-display":"","site-post-title":"","ast-breadcrumbs-content":"","ast-featured-img":"","footer-sml-layout":"","theme-transparent-header-meta":"","adv-header-id-meta":"","stick-header-meta":"","header-above-stick-meta":"","header-main-stick-meta":"","header-below-stick-meta":"","astra-migrate-meta-layouts":"default","ast-page-background-enabled":"default","ast-page-background-meta":{"desktop":{"background-color":"var(--ast-global-color-4)","background-image":"","background-repeat":"repeat","background-position":"center center","background-size":"auto","background-attachment":"scroll","background-type":"","background-media":"","overlay-type":"","overlay-color":"","overlay-opacity":"","overlay-gradient":""},"tablet":{"background-color":"","background-image":"","background-repeat":"repeat","background-position":"center center","background-size":"auto","background-attachment":"scroll","background-type":"","background-media":"","overlay-type":"","overlay-color":"","overlay-opacity":"","overlay-gradient":""},"mobile":{"background-color":"","background-image":"","background-repeat":"repeat","background-position":"center center","background-size":"auto","background-attachment":"scroll","background-type":"","background-media":"","overlay-type":"","overlay-color":"","overlay-opacity":"","overlay-gradient":""}},"ast-content-background-meta":{"desktop":{"background-color":"var(--ast-global-color-5)","background-image":"","background-repeat":"repeat","background-position":"center center","background-size":"auto","background-attachment":"scroll","background-type":"","background-media":"","overlay-type":"","overlay-color":"","overlay-opacity":"","overlay-gradient":""},"tablet":{"background-color":"var(--ast-global-color-5)","background-image":"","background-repeat":"repeat","background-position":"center center","background-size":"auto","background-attachment":"scroll","background-type":"","background-media":"","overlay-type":"","overlay-color":"","overlay-opacity":"","overlay-gradient":""},"mobile":{"background-color":"var(--ast-global-color-5)","background-image":"","background-repeat":"repeat","background-position":"center center","background-size":"auto","background-attachment":"scroll","background-type":"","background-media":"","overlay-type":"","overlay-color":"","overlay-opacity":"","overlay-gradient":""}},"ngg_post_thumbnail":0,"jetpack_post_was_ever_published":false,"_jetpack_newsletter_access":"","_jetpack_dont_email_post_to_subs":false,"_jetpack_newsletter_tier_id":0,"_jetpack_memberships_contains_paywalled_content":false,"_jetpack_memberships_contains_paid_content":false,"footnotes":""},"categories":[3],"tags":[],"class_list":["post-6781","post","type-post","status-publish","format-standard","hentry","category-tv"],"jetpack_featured_media_url":"","jetpack_sharing_enabled":true,"jetpack_shortlink":"https:\/\/wp.me\/p4uzZ-1Ln","jetpack-related-posts":[{"id":10871,"url":"https:\/\/textundblog.de\/?p=10871","url_meta":{"origin":6781,"position":0},"title":"Serienempfehlung: Slow Horses: Ein packender Spionage-Thriller mit britischem Charme","author":"Markus","date":"13\/10\/2024","format":false,"excerpt":"Die Serie \u201eSlow Horses\u201c hat sich seit ihrer Ver\u00f6ffentlichung auf Apple TV+ zu einem echten Geheimtipp entwickelt. Als jemand, der die Serie begeistert verfolgt, m\u00f6chte ich sie euch w\u00e4rmstens empfehlen. Sie basiert auf den Romanen von Mick Herron - f\u00fcr die der Kaffeehaussitzer schw\u00e4rmt - und bietet eine faszinierende Mischung\u2026","rel":"","context":"In &quot;TV&quot;","block_context":{"text":"TV","link":"https:\/\/textundblog.de\/?cat=3"},"img":{"alt_text":"Slow Horses","src":"https:\/\/i0.wp.com\/textundblog.de\/wp-content\/IMG_9224-225x300.jpeg?resize=350%2C200&ssl=1","width":350,"height":200},"classes":[]},{"id":6778,"url":"https:\/\/textundblog.de\/?p=6778","url_meta":{"origin":6781,"position":1},"title":"Fargo \u2013 Spirit des Kinofilms aufs Serienformat \u00fcbertragen","author":"Markus","date":"21\/10\/2015","format":false,"excerpt":"https:\/\/youtu.be\/gKs8DzjPDMU Fargo stand, seit ich Netflix nutze, dort auf meiner To-Watch-Liste Kein Wunder, dass Netflix mir die Serie von Anfang an zum Anschauen empfohlen hatte, denn der gleichnamige Film geh\u00f6rte zu den f\u00fcnf Lieblingsfilmen, die ich zu meinem hier im Blog beschriebenen Start auf Netflix angegeben hatte: Netflix und House\u2026","rel":"","context":"In &quot;Kino&quot;","block_context":{"text":"Kino","link":"https:\/\/textundblog.de\/?cat=2"},"img":{"alt_text":"","src":"https:\/\/i0.wp.com\/textundblog.de\/wp-content\/fargo-serie.jpg?resize=350%2C200&ssl=1","width":350,"height":200},"classes":[]},{"id":4720,"url":"https:\/\/textundblog.de\/?p=4720","url_meta":{"origin":6781,"position":2},"title":"Soundtrack von Dexter macht mich zu Pawlowschem Hund","author":"Markus","date":"29\/5\/2012","format":false,"excerpt":"http:\/\/youtu.be\/e2xxizpHuoo Wenn ich zu Beginn einer jeden Folge diese Musik h\u00f6re, reagiere ich wie ein Pawlowscher Hund. Ich erwarte Serienqualit\u00e4t auf h\u00f6chstem Niveau, und so kommt es dann immer. Selten hat mich eine TV-Serie so in ihren Bann gezogen wie Dexter. Ich berichtete ja zu Jahresbeginn, warum mich Dexter so\u2026","rel":"","context":"In &quot;Musik&quot;","block_context":{"text":"Musik","link":"https:\/\/textundblog.de\/?cat=7"},"img":{"alt_text":"","src":"https:\/\/i0.wp.com\/img.youtube.com\/vi\/e2xxizpHuoo\/0.jpg?resize=350%2C200","width":350,"height":200},"classes":[]},{"id":5738,"url":"https:\/\/textundblog.de\/?p=5738","url_meta":{"origin":6781,"position":3},"title":"Literarischer Salon: US-Serien als TV-Revolution","author":"Markus","date":"9\/12\/2013","format":false,"excerpt":"Da ich diese und letzte Woche zum Praktikum im Rahmen meines Masterstudiums in Hannover bin, wird es auch mal Zeit, etwas von hier zu erz\u00e4hlen. Letzte Woche (Montag, 2.12.2013) war ich auf einer interessanten Veranstaltung, von der ich hier berichten m\u00f6chte. Im Conti-Hochhaus, oben im 14. Stock mit beindruckendem Blick\u2026","rel":"","context":"In &quot;Literatur&quot;","block_context":{"text":"Literatur","link":"https:\/\/textundblog.de\/?cat=11"},"img":{"alt_text":"Simon Roth\u00f6hler und Daniel Eschk\u00f6tter","src":"https:\/\/i0.wp.com\/textundblog.de\/wp-content\/image-300x199.jpg?resize=350%2C200&ssl=1","width":350,"height":200},"classes":[]},{"id":7698,"url":"https:\/\/textundblog.de\/?p=7698","url_meta":{"origin":6781,"position":4},"title":"Joel &#038; Ethan Coen &#8211; Genial in Kino &#038; Serie","author":"Markus","date":"12\/1\/2017","format":false,"excerpt":"Wenn ich in Zukunft gefragt werde, warum ich die Filme der Coen Brothers so gut finde, werde ich nur noch auf dieses Tribute-Video hinweisen: Joel & Ethan Coen - A Tribute from Alexandre Gasulla on Vimeo. Gerade habe ich \u2013 bereits zum zweiten Mal! \u2013 die beiden Staffeln der genialen\u2026","rel":"","context":"In &quot;Kino&quot;","block_context":{"text":"Kino","link":"https:\/\/textundblog.de\/?cat=2"},"img":{"alt_text":"","src":"https:\/\/i0.wp.com\/textundblog.de\/wp-content\/coentribute.jpg?resize=350%2C200&ssl=1","width":350,"height":200,"srcset":"https:\/\/i0.wp.com\/textundblog.de\/wp-content\/coentribute.jpg?resize=350%2C200&ssl=1 1x, https:\/\/i0.wp.com\/textundblog.de\/wp-content\/coentribute.jpg?resize=525%2C300&ssl=1 1.5x, https:\/\/i0.wp.com\/textundblog.de\/wp-content\/coentribute.jpg?resize=700%2C400&ssl=1 2x"},"classes":[]},{"id":7123,"url":"https:\/\/textundblog.de\/?p=7123","url_meta":{"origin":6781,"position":5},"title":"Medienkritik","author":"Markus","date":"10\/6\/2016","format":false,"excerpt":"Wie so viele von uns, bin auch ich begeistert von Netflix. Wie so viele von uns, mag ich die epische Breite des Erz\u00e4hlens im Serienformat. Wie so viele von uns, freue ich mich, dass bald die 4. Staffel von Orange is the New Black ausgestrahlt wird. Man kann und muss\u2026","rel":"","context":"In &quot;Kino&quot;","block_context":{"text":"Kino","link":"https:\/\/textundblog.de\/?cat=2"},"img":{"alt_text":"Tweet der Woche","src":"wp-images\/tweetderwoche2-200x96.jpg","width":350,"height":200},"classes":[]}],"_links":{"self":[{"href":"https:\/\/textundblog.de\/index.php?rest_route=\/wp\/v2\/posts\/6781","targetHints":{"allow":["GET"]}}],"collection":[{"href":"https:\/\/textundblog.de\/index.php?rest_route=\/wp\/v2\/posts"}],"about":[{"href":"https:\/\/textundblog.de\/index.php?rest_route=\/wp\/v2\/types\/post"}],"author":[{"embeddable":true,"href":"https:\/\/textundblog.de\/index.php?rest_route=\/wp\/v2\/users\/1"}],"replies":[{"embeddable":true,"href":"https:\/\/textundblog.de\/index.php?rest_route=%2Fwp%2Fv2%2Fcomments&post=6781"}],"version-history":[{"count":0,"href":"https:\/\/textundblog.de\/index.php?rest_route=\/wp\/v2\/posts\/6781\/revisions"}],"wp:attachment":[{"href":"https:\/\/textundblog.de\/index.php?rest_route=%2Fwp%2Fv2%2Fmedia&parent=6781"}],"wp:term":[{"taxonomy":"category","embeddable":true,"href":"https:\/\/textundblog.de\/index.php?rest_route=%2Fwp%2Fv2%2Fcategories&post=6781"},{"taxonomy":"post_tag","embeddable":true,"href":"https:\/\/textundblog.de\/index.php?rest_route=%2Fwp%2Fv2%2Ftags&post=6781"}],"curies":[{"name":"wp","href":"https:\/\/api.w.org\/{rel}","templated":true}]}}