{"id":6763,"date":"2015-10-05T22:00:28","date_gmt":"2015-10-05T20:00:28","guid":{"rendered":"http:\/\/textundblog.de\/?p=6763"},"modified":"2016-06-22T19:57:53","modified_gmt":"2016-06-22T17:57:53","slug":"festivalbericht-san-sebastian-2015","status":"publish","type":"post","link":"https:\/\/textundblog.de\/?p=6763","title":{"rendered":"Festivalbericht San Sebasti\u00e1n 2015"},"content":{"rendered":"<p><a href=\"https:\/\/i0.wp.com\/textundblog.de\/wp-content\/sanseb2015.jpg?ssl=1\"><img data-recalc-dims=\"1\" loading=\"lazy\" decoding=\"async\" title=\"Festivalkino Kursaal 2015 bei Nacht\" src=\"https:\/\/i0.wp.com\/textundblog.de\/wp-content\/sanseb2015kl.jpg?resize=450%2C457&#038;ssl=1\" alt=\"Festivalkino Kursaal 2015 bei Nacht\" width=\"450\" height=\"457\" class=\"bildrechts\" \/><\/a>Es ist wieder Mal an der Zeit, Bilanz zu ziehen. Ein paar Zahlen vorneweg, dann komme ich zur Vorstellung der (f\u00fcr mich) besten zehn Filme. Das Internationale Filmfestival San Sebasti\u00e1n hat zum 63. Mal stattgefunden. Als es 1995 zum 43. Mal absolviert wurde, also vor genau 20 Jahren, war ich zum ersten Mal dort. Seither habe ich es <em>nicht einmal<\/em> verpasst. Dieses Jahr war ich zum 21. Mal dort. Und zum dritten Mal in dieser Zeit habe ich es geschafft, mindestens 50 Filme zu sehen. Kein leichtes Unterfangen in neun Tagen. Doch mit f\u00fcnf bis sechs Filmen am Tag war es zu schaffen. Genug der Zahlen, dies sind die Filme die ich uneingeschr\u00e4nkt empfehlen kann und von denen ich euch w\u00fcnsche, ihr bekommt sie in Kinos in Deutschland zu sehen (der Titel verlinkt in den jeweiligen englischsprachigen Eintrag im Festivalkatalog):<\/p>\n<h3>1. <a href=\"http:\/\/www.sansebastianfestival.com\/2015\/sections_and_films\/official_selection\/7\/630046\/in\">Truman<\/a> von Cesc Gay<\/h3>\n<p>Einen lebensbejahenderen Film \u00fcber den Tod hab ich bis dato noch nicht gesehen. Ein Film \u00fcber den Abschied zweier Freunde: Der Argentinier Juli\u00e1n (Ricardo Dar\u00edn) wei\u00df, dass er nicht mehr lange zu leben hat. Sein spanischer Freund Tom\u00e1s kommt ihn zu einem Abschiedsbesuch aus Kanada f\u00fcr ein paar Tage besuchen. Es werden die letzten Tage sein, die sie zusammen verbringen, weil Juli\u00e1n den nicht mehr zu gewinnenden Kampf gegen den Krebs aufgegeben hat. Zum Titel des Films: Truman, das ist der Name des Hundes von Juli\u00e1n, um dessen Zukunft er sich Sorgen macht. Was nach gef\u00e4hrlich kitschigem Film klingt, ist ein herausragender Beitrag zum Thema Leben und Freundschaft.<br \/>\n<!--more--><\/p>\n<p><span class=\"embed-youtube\" style=\"text-align:center; display: block;\"><iframe loading=\"lazy\" class=\"youtube-player\" width=\"640\" height=\"360\" src=\"https:\/\/www.youtube.com\/embed\/Zc4gq70bZW0?version=3&#038;rel=1&#038;showsearch=0&#038;showinfo=1&#038;iv_load_policy=1&#038;fs=1&#038;hl=de-DE&#038;autohide=2&#038;wmode=transparent\" allowfullscreen=\"true\" style=\"border:0;\" sandbox=\"allow-scripts allow-same-origin allow-popups allow-presentation allow-popups-to-escape-sandbox\"><\/iframe><\/span><\/p>\n<h3>2. <a href=\"http:\/\/www.sansebastianfestival.com\/sections_and_films\/7\/630237\/in\">El abrazo de la serpiente<\/a> von Ciro Guerra<\/h3>\n<p>Bei diesem Film musste ich an die k\u00fcrzlich in der Stabi gezeigte <a href=\"http:\/\/blog.sub.uni-hamburg.de\/?p=17939\">Hans Steffen-Ausstellung<\/a> denken, bei der das Leben und Wirken eines deutschen Geografen gezeigt wurde, der im 19. Jahrhundert in Chile auf Expeditionen ging. Hier im Film geht es gleich um zwei ausl\u00e4ndische Forscher, die ins Innerste des Amazonas vordringen: der deutsche Ethnologe Theodor Koch-Gr\u00fcnberg (1909), der amerikanische Botaniker Evan Schultes (1940). Begleitet werden die beiden Forscher vom selben Schamanen, dem \u00dcberlebenden eines ausgel\u00f6schten Stammes, der sie zu einer im Urwald verborgenen Rauschpflanze f\u00fchren soll. Sehr genial wechselt der Film die Zeit- und Raumebenen und nimmt den Zuschauer mit auf einen h\u00f6chst bildgewaltigen, nahezu psychedelischen Trip. \u00abEl abrazo de la serpiente\u00bb (zu deutsch: \u00abDie Umarmung der Schlange\u00bb) ist nicht nur eine faszinierende Reflexion \u00fcber Mensch und Natur sondern zeigt die zerst\u00f6rerische Macht des Kolonialismus. Der in Schwarz-Wei\u00df gedrehte Film von Ciro Guerra wurde in Cannes mit dem Preis der Quinzaine ausgezeichnet.<\/p>\n<p><span class=\"embed-youtube\" style=\"text-align:center; display: block;\"><iframe loading=\"lazy\" class=\"youtube-player\" width=\"640\" height=\"360\" src=\"https:\/\/www.youtube.com\/embed\/FdOYd-21qaA?version=3&#038;rel=1&#038;showsearch=0&#038;showinfo=1&#038;iv_load_policy=1&#038;fs=1&#038;hl=de-DE&#038;autohide=2&#038;wmode=transparent\" allowfullscreen=\"true\" style=\"border:0;\" sandbox=\"allow-scripts allow-same-origin allow-popups allow-presentation allow-popups-to-escape-sandbox\"><\/iframe><\/span><\/p>\n<h3>3. <a href=\"http:\/\/www.sansebastianfestival.com\/sections_and_films\/7\/630040\/in\">Regression<\/a> von Alejandro Amen\u00e1bar<\/h3>\n<p>Endlich wieder ein guter Amen\u00e1bar. Er kehrt wieder zu seiner Wurzeln zur\u00fcck und hat einen Film basierend auf wahren Vorkommnissen in den USA der 90er Jahre gemacht. Regression (mit internationaler Starbesetzung &#8211; brilliant in ihren Rollen \u2013: Ethan Hawke und Emma Watson) zeigt den blanken Horror einer us-amerikanischen Kleinstadt und \u00fcberrascht durch die Aufl\u00f6sung. Der Film l\u00e4uft bei uns schon seit Donnerstag, 1.10.2015, also nichts wie rein.<\/p>\n<p><span class=\"embed-youtube\" style=\"text-align:center; display: block;\"><iframe loading=\"lazy\" class=\"youtube-player\" width=\"640\" height=\"360\" src=\"https:\/\/www.youtube.com\/embed\/D4BqH9HAlEM?version=3&#038;rel=1&#038;showsearch=0&#038;showinfo=1&#038;iv_load_policy=1&#038;fs=1&#038;hl=de-DE&#038;autohide=2&#038;wmode=transparent\" allowfullscreen=\"true\" style=\"border:0;\" sandbox=\"allow-scripts allow-same-origin allow-popups allow-presentation allow-popups-to-escape-sandbox\"><\/iframe><\/span><\/p>\n<h3>4. <a href=\"http:\/\/www.sansebastianfestival.com\/sections_and_films\/7\/632902\/in\">Las Elegidas<\/a> von David Pablos<\/h3>\n<p>Wie hart es auf einem Festival ist, wenn man mehrere sehr schwierige Filme hintereinander sieht, die man kaum verarbeiten kann, weil die Pausen dazwischen zu kurz sind, l\u00e4sst sich ganz gut an diesem Film zeigen: \u00abLas Eligidas\u00bb (deutsche: \u00abDie Auserw\u00e4hlten\u00bb) zeigt, wie ein Kinderprostitutionsring in Mexiko aufgebaut wird. Ulises bekommt von Vater und Bruder beigebracht, wie er junge M\u00e4dchen ansprechen muss und sie soweit emotional an sich binden muss, dass sie ihm vertrauen. Und wenn diese Phase erreicht ist, landen sie eingesperrt wie Tiere in einem Haus, in dem sie an Freier verkauft werden. Brechen sie dort aus, droht ihnen und ihrer Familie der Tod. Als Ulises sich in die 14-j\u00e4hrige Sof\u00eda, die er auf diese Art anwirbt, verliebt, wird es kompliziert. Und brutal. Wie gesagt, kein leichter Film. Der Zuschauer verfolgt einen wahren Alptraum. Aber genau diese brutale Realit\u00e4t und den verzweifelten Kampf gegen diese unvorstellbare Gewalt zeigt der Film sehr gut.<\/p>\n<p><span class=\"embed-youtube\" style=\"text-align:center; display: block;\"><iframe loading=\"lazy\" class=\"youtube-player\" width=\"640\" height=\"360\" src=\"https:\/\/www.youtube.com\/embed\/7tQV2VRdepk?version=3&#038;rel=1&#038;showsearch=0&#038;showinfo=1&#038;iv_load_policy=1&#038;fs=1&#038;hl=de-DE&#038;autohide=2&#038;wmode=transparent\" allowfullscreen=\"true\" style=\"border:0;\" sandbox=\"allow-scripts allow-same-origin allow-popups allow-presentation allow-popups-to-escape-sandbox\"><\/iframe><\/span><\/p>\n<h3>5. <a href=\"http:\/\/www.sansebastianfestival.com\/sections_and_films\/7\/630313\/in\">Amama<\/a> von Asier Altuna<\/h3>\n<p>Keine Frage, das baskische Kino ist im Aufwind. Gerade wurde der im Vorjahr gezeigte baskische Wettbewerbsfilm <a href=\"http:\/\/cultura.elpais.com\/cultura\/2015\/09\/29\/actualidad\/1443548307_333756.html\">Loreak<\/a> als spanischer Kandidat f\u00fcr den Oscar als bester nicht englischsprachiger Film nominiert. In <em>Amama<\/em> (Gro\u00dfmutter) werden im gut orchestrierten Drehbuch gleich mehrere Themen verarbeitet: der Kontrast zwischen Stadt und Land, die unterschiedlichen Lebenswelten der Landwirtschaft und der Welt der Kunst. In diesem Spannungsfeld bewegt sich die junge Fotografin Amaia, die ihr Dorf und damit das Landgut ihrer Eltern verl\u00e4sst, um in der Stadt ihr Gl\u00fcck zu suchen. Doch ihre Verbindung zum Land ist immer noch stark und dr\u00fcckt sich nicht nur in ihren Fotografien aus, in deren Fokus das L\u00e4ndliche, der baskische Wald und die \u2013 im wahrsten Sinne des Wortes zauberhafte \u2013 Gro\u00dfmutter stehen.<\/p>\n<p><span class=\"embed-youtube\" style=\"text-align:center; display: block;\"><iframe loading=\"lazy\" class=\"youtube-player\" width=\"640\" height=\"360\" src=\"https:\/\/www.youtube.com\/embed\/2W5rMolIzAw?version=3&#038;rel=1&#038;showsearch=0&#038;showinfo=1&#038;iv_load_policy=1&#038;fs=1&#038;hl=de-DE&#038;autohide=2&#038;wmode=transparent\" allowfullscreen=\"true\" style=\"border:0;\" sandbox=\"allow-scripts allow-same-origin allow-popups allow-presentation allow-popups-to-escape-sandbox\"><\/iframe><\/span><\/p>\n<h3>6. <a href=\"http:\/\/www.sansebastianfestival.com\/sections_and_films\/7\/630397\/in\">Freeheld<\/a> von Peter Solett<\/h3>\n<p>Ich freue mich immer, wenn ich Filme mit der wunderbaren Julianne Moore sehen kann. Eine einzigartig gute Schauspielerin. Dieses Mal an ihrer Seite die nicht minder begabte Ellen Page. Sie spielen ein lesbisches Paar, ihre Geschichte basiert auf wahren Begebenheiten. Laurel Hester ist Polizistin, als sich ihr Krebs als unheilbar herausstellt, beantragt sie, dass ihre j\u00fcngere Lebenspartnerin ihre Rente bekommen wird, so wie es auch dem hinterbliebenen Part einer heterosexuellen Partnerschaft zustehen w\u00fcrde. Ein aussichtslos erscheinender Kampf gegen die Justiz und gegen die Beh\u00f6rde, die sich aus politischen Gr\u00fcnden scheut, hier einen Ermessensspielraum zugunsten der verdienten Polizisten auszunutzen.<\/p>\n<p><span class=\"embed-youtube\" style=\"text-align:center; display: block;\"><iframe loading=\"lazy\" class=\"youtube-player\" width=\"640\" height=\"360\" src=\"https:\/\/www.youtube.com\/embed\/blk27Jj9UE8?version=3&#038;rel=1&#038;showsearch=0&#038;showinfo=1&#038;iv_load_policy=1&#038;fs=1&#038;hl=de-DE&#038;autohide=2&#038;wmode=transparent\" allowfullscreen=\"true\" style=\"border:0;\" sandbox=\"allow-scripts allow-same-origin allow-popups allow-presentation allow-popups-to-escape-sandbox\"><\/iframe><\/span><\/p>\n<h3>7. <a href=\"http:\/\/www.sansebastianfestival.com\/sections_and_films\/7\/634331\/in\">Desde all\u00e1<\/a> von Lorenzo Vigas<\/h3>\n<p>Was hatten wir noch nicht an schwierigen Themen? Homosexualit\u00e4t und Stricher. Ein in seinen End-F\u00fcnfzigern nicht aus dem Schrank gekommener Schwuler bezahlt gerne Stra\u00dfenjungs zur Befriedigung seiner Bed\u00fcrfnisse. Doch die wollen manchmal mehr von dem (f\u00fcr sie) alten Mann und rauben ihn auch gern mal aus. Das l\u00e4sst er sich in einem Fall \u2013 vom 17-J\u00e4hrigen Elder \u2013 sogar bewusst und mehrfach gefallen. Was daraus wird, ist eine sonderbare &#8222;Beziehung&#8220;, die anders endet, als man sich das zun\u00e4chst denkt. Dieser Film hat vollkommen berechtigt in Venedig den Golden L\u00f6wen gewonnen. Ein gutes Jahr f\u00fcrs lateinamerikanische Kino und ein sch\u00f6ner Erfolg f\u00fcr das bisher selten beachtete venezulanische Kino. Herausragend in der Hauptrolle: der Chilene <a href=\"https:\/\/es.wikipedia.org\/wiki\/Alfredo_Castro\">Alfredo Castro<\/a> (Jahrgang 1955).<\/p>\n<p><span class=\"embed-youtube\" style=\"text-align:center; display: block;\"><iframe loading=\"lazy\" class=\"youtube-player\" width=\"640\" height=\"360\" src=\"https:\/\/www.youtube.com\/embed\/dGxY3tu9mDg?version=3&#038;rel=1&#038;showsearch=0&#038;showinfo=1&#038;iv_load_policy=1&#038;fs=1&#038;hl=de-DE&#038;autohide=2&#038;wmode=transparent\" allowfullscreen=\"true\" style=\"border:0;\" sandbox=\"allow-scripts allow-same-origin allow-popups allow-presentation allow-popups-to-escape-sandbox\"><\/iframe><\/span><\/p>\n<h3>8. <a href=\"http:\/\/www.sansebastianfestival.com\/sections_and_films\/7\/634440\/in\">Walls<\/a> von Pablo Iraburu Allegue und Migueltxo Molina Ayestar\u00e1n <\/h3>\n<p>Von den Dokumentarfilmen, die ich in San Sebasti\u00e1n gesehen habe, ist diese baskische Produktion mit Abstand die beste gewesen. Mit den Mauern in der Welt greift sie ein sehr aktuelles Thema auf. Es werden L\u00e4nder gezeigt, die sich abzugrenzen suchen: Etwa USA gegen Mexiko, Spanien gegen Marokko. Und es geht um Menschen auf der Flucht (vor Elend, Krieg und B\u00fcrgerkrieg). Vielleicht der aktuellste Film des Festivals. Fie beiden Regisseure waren im Kino anwesend und haben drei Jahre an diesem Film gearbeitet. Was herausgekommen ist. l\u00e4sst sich sehen und regt zum Nachdenken an, \u00fcber Grenzen, \u00fcber Mauern.<\/p>\n<p><iframe loading=\"lazy\" src=\"https:\/\/player.vimeo.com\/video\/118134951?color=cf0a28\" width=\"600\" height=\"337\" frameborder=\"0\" webkitallowfullscreen mozallowfullscreen allowfullscreen><\/iframe><\/p>\n<h3>9. <a href=\"http:\/\/www.sansebastianfestival.com\/sections_and_films\/7\/631783\/in\">Sparrows<\/a> von R\u00fanar R\u00fanarsson<\/h3>\n<p>Der Gewinnerfilm von San Sebasti\u00e1n \u00abSparrows\u00bb (Sperlinge) aus Island geh\u00f6rt auch zu meinen zehn Favoriten, obwohl mich der Hauptpreis dann doch etwas \u00fcberrascht hat. Aber die eindringlich erz\u00e4hlte Coming-of-Age-Geschichte des 16-j\u00e4hrigen Ari, der bisher mit der Mutter in Reykjavik lebte und nun zum Vater auf die entlegene Halbinsel Westfjords im Nordwesten Islands geschickt wird, zeigt Bilder \u2013 und l\u00e4sst weitere im Kopf entstehen \u2013, die man so schnell nicht vergisst. Stark, die Darstellung des jungen <a href=\"https:\/\/www.facebook.com\/AtliOskar\">Atli \u00d3skar Fjalarsson<\/a>, der mittlerweile in Los Angeles lebt und in New York Schauspiel studiert. Er stellt einen zutiefst verzweifelten Jugendlichen dar, der sich in einer ohnehin sehr einsamen Welt zus\u00e4tzlich von den getrennt lebenden Eltern verlassen f\u00fchlt und es noch schwerer hat, seine Orientierung zu finden, als dies ohnehin in diesem Alter ist.<\/p>\n<p><span class=\"embed-youtube\" style=\"text-align:center; display: block;\"><iframe loading=\"lazy\" class=\"youtube-player\" width=\"640\" height=\"360\" src=\"https:\/\/www.youtube.com\/embed\/bvNw3WqecEo?version=3&#038;rel=1&#038;showsearch=0&#038;showinfo=1&#038;iv_load_policy=1&#038;fs=1&#038;hl=de-DE&#038;autohide=2&#038;wmode=transparent\" allowfullscreen=\"true\" style=\"border:0;\" sandbox=\"allow-scripts allow-same-origin allow-popups allow-presentation allow-popups-to-escape-sandbox\"><\/iframe><\/span><\/p>\n<h3>10. <a href=\"http:\/\/www.sansebastianfestival.com\/sections_and_films\/7\/630360\/in\">El Clan<\/a> von Pablo Trapero<\/h3>\n<p>Der Reigen der besten zehn Filme endet ganz bewusst mit einem weiteren spanischsprachigen Film. Auch wenn ausgerechnet San Sebasti\u00e1n \u2013 wie die SZ die Tage schrieb (\u00ab<a href=\"http:\/\/www.sueddeutsche.de\/kultur\/-filmfestival-san-sebstin-handicap-im-heimspiel-1.2671343\">Handicap im Heimspiel<\/a>\u00bb) \u2013 in der Abfolge der internationalen Filmfestivals am wenigsten davon profitiert, dass spanischsprachige Filme derzeit en vogue sind, so gab es doch \u2013 auch dank der Reihe <em><a href=\"http:\/\/www.sansebastianfestival.com\/2015\/sections_and_films\/pearls\/8\/in\">Perlas<\/a><\/em>, die Erfolge anderer Festivals auf dem wichtigsten Filmfestival in Spanien zeigt &#8211; jede Menge gut gemacht Filme in spanischer Sprache zu sehen. Einer davon war der argentinische Film \u00abEl Clan\u00bb, der auch in Venedig pr\u00e4miert wurde. Der Argentinier Pablo Trapero wurde dort als bester Regisseur ausgezeichnet. Noch ein Film, der auf realen Tatsachen basiert. Dieses mal der Leben der Familie Puccio. \u00dcberaus sehenswert in der Rolle des skrupellosen Familienoberhauptes Arqu\u00edmedes: der argentinische TV-Star <a href=\"https:\/\/es.wikipedia.org\/wiki\/Guillermo_Francella\">Guillermo Francella<\/a>. Sieht aus wie ein feiner Herr in den besten Jahren. Doch womit er die Familie ern\u00e4hrt und gleichsam zu Mitt\u00e4tern und \u2013 gewollt oder ungewollt \u2013 mitschuldig macht, sind Entf\u00fchrungen. Was wie eine gew\u00f6hnliche Gro\u00dffamilie im Buenos Aires Anfang der Achtziger Jahre daher kommt, ist eine \u00fcble Familienbande, deren d\u00fcsteres Treiben hinter der Fassade eines kleinen Ladengesch\u00e4ftes betrieben wird. <em>El Pa\u00eds<\/em> spricht zurecht vom \u00ab<a href=\"http:\/\/cultura.elpais.com\/cultura\/2015\/09\/13\/actualidad\/1442168253_083779.html\">El realismo social del argentino<\/a>\u00bb Pablo Trapero.<\/p>\n<p><span class=\"embed-youtube\" style=\"text-align:center; display: block;\"><iframe loading=\"lazy\" class=\"youtube-player\" width=\"640\" height=\"360\" src=\"https:\/\/www.youtube.com\/embed\/n7kpI79cPBk?version=3&#038;rel=1&#038;showsearch=0&#038;showinfo=1&#038;iv_load_policy=1&#038;fs=1&#038;hl=de-DE&#038;autohide=2&#038;wmode=transparent\" allowfullscreen=\"true\" style=\"border:0;\" sandbox=\"allow-scripts allow-same-origin allow-popups allow-presentation allow-popups-to-escape-sandbox\"><\/iframe><\/span><\/p>\n<p>Abschlie\u00dfend m\u00f6chte ich noch eine lobende Erw\u00e4hnung f\u00fcr den besten Soundtrack des Festivals f\u00fcr <a href=\"http:\/\/www.sansebastianfestival.com\/sections_and_films\/7\/630746\/in\">High Rise<\/a> aussprechen. Leider gibt es noch keine Online-Quelle (Youtube etc.), die ich hier zum Beweis verlinken k\u00f6nnte. Aber die Portishead-Version von Abbas S.O.S. geh\u00f6rt zum besten (und passendsten), was ich jemals an Filmmusik im Kino geh\u00f6rt habe. Mit den Worten von Tim Robey im <a href=\"http:\/\/www.telegraph.co.uk\/film\/high-rise\/review\/\">Daily Telegraph<\/a> gesprochen:<\/p>\n<blockquote><p>\nClint Mansell\u2019s sultry score invites us languidly into the fun and games, but the musical highlight is an inspired slow-jam cover of ABBA\u2019s S.O.S., by Portishead. It\u2019s a party track for a party at the end of the world.<\/p><\/blockquote>\n<p>Falls es mal einen Link zur Musik geben sollte, trage ich ihn hier nach. Ansonsten dr\u00fcck ich euch wie gesagt die Daumen, dass ihr einige der Filme in Deutschland sehen werden k\u00f6nnt.<\/p>\n<p><strong>Update 22.06.2016:<\/strong> Hat lange gedauert, aber nun ist der Song endlich drau\u00dfen:<\/p>\n<p><span class=\"embed-youtube\" style=\"text-align:center; display: block;\"><iframe loading=\"lazy\" class=\"youtube-player\" width=\"640\" height=\"360\" src=\"https:\/\/www.youtube.com\/embed\/WVe-9VWIcCo?version=3&#038;rel=1&#038;showsearch=0&#038;showinfo=1&#038;iv_load_policy=1&#038;fs=1&#038;hl=de-DE&#038;autohide=2&#038;wmode=transparent\" allowfullscreen=\"true\" style=\"border:0;\" sandbox=\"allow-scripts allow-same-origin allow-popups allow-presentation allow-popups-to-escape-sandbox\"><\/iframe><\/span><\/p>\n","protected":false},"excerpt":{"rendered":"<p>Es ist wieder Mal an der Zeit, Bilanz zu ziehen. Ein paar Zahlen vorneweg, dann komme ich zur Vorstellung der (f\u00fcr mich) besten zehn Filme. Das Internationale Filmfestival San Sebasti\u00e1n hat zum 63. Mal stattgefunden. Als es 1995 zum 43. Mal absolviert wurde, also vor genau 20 Jahren, war ich zum ersten Mal dort. Seither [&hellip;]<\/p>\n","protected":false},"author":1,"featured_media":0,"comment_status":"open","ping_status":"open","sticky":false,"template":"","format":"standard","meta":{"site-sidebar-layout":"default","site-content-layout":"","ast-site-content-layout":"default","site-content-style":"default","site-sidebar-style":"default","ast-global-header-display":"","ast-banner-title-visibility":"","ast-main-header-display":"","ast-hfb-above-header-display":"","ast-hfb-below-header-display":"","ast-hfb-mobile-header-display":"","site-post-title":"","ast-breadcrumbs-content":"","ast-featured-img":"","footer-sml-layout":"","theme-transparent-header-meta":"","adv-header-id-meta":"","stick-header-meta":"","header-above-stick-meta":"","header-main-stick-meta":"","header-below-stick-meta":"","astra-migrate-meta-layouts":"default","ast-page-background-enabled":"default","ast-page-background-meta":{"desktop":{"background-color":"var(--ast-global-color-4)","background-image":"","background-repeat":"repeat","background-position":"center center","background-size":"auto","background-attachment":"scroll","background-type":"","background-media":"","overlay-type":"","overlay-color":"","overlay-opacity":"","overlay-gradient":""},"tablet":{"background-color":"","background-image":"","background-repeat":"repeat","background-position":"center center","background-size":"auto","background-attachment":"scroll","background-type":"","background-media":"","overlay-type":"","overlay-color":"","overlay-opacity":"","overlay-gradient":""},"mobile":{"background-color":"","background-image":"","background-repeat":"repeat","background-position":"center center","background-size":"auto","background-attachment":"scroll","background-type":"","background-media":"","overlay-type":"","overlay-color":"","overlay-opacity":"","overlay-gradient":""}},"ast-content-background-meta":{"desktop":{"background-color":"var(--ast-global-color-5)","background-image":"","background-repeat":"repeat","background-position":"center center","background-size":"auto","background-attachment":"scroll","background-type":"","background-media":"","overlay-type":"","overlay-color":"","overlay-opacity":"","overlay-gradient":""},"tablet":{"background-color":"var(--ast-global-color-5)","background-image":"","background-repeat":"repeat","background-position":"center center","background-size":"auto","background-attachment":"scroll","background-type":"","background-media":"","overlay-type":"","overlay-color":"","overlay-opacity":"","overlay-gradient":""},"mobile":{"background-color":"var(--ast-global-color-5)","background-image":"","background-repeat":"repeat","background-position":"center center","background-size":"auto","background-attachment":"scroll","background-type":"","background-media":"","overlay-type":"","overlay-color":"","overlay-opacity":"","overlay-gradient":""}},"ngg_post_thumbnail":0,"jetpack_post_was_ever_published":false,"_jetpack_newsletter_access":"","_jetpack_dont_email_post_to_subs":false,"_jetpack_newsletter_tier_id":0,"_jetpack_memberships_contains_paywalled_content":false,"_jetpack_memberships_contains_paid_content":false,"footnotes":""},"categories":[2,8],"tags":[],"class_list":["post-6763","post","type-post","status-publish","format-standard","hentry","category-kino","category-spanisch"],"jetpack_featured_media_url":"","jetpack_sharing_enabled":true,"jetpack_shortlink":"https:\/\/wp.me\/p4uzZ-1L5","jetpack-related-posts":[{"id":2518,"url":"https:\/\/textundblog.de\/?p=2518","url_meta":{"origin":6763,"position":0},"title":"Filmfestival San Sebasti\u00e1n, die Vierzehnte","author":"Markus","date":"16\/9\/2008","format":false,"excerpt":"Ich bin dann mal weg. Zum 14. Mal in Folge auf dem Internationalen Filmfestival in San Sebasti\u00e1n. 12 Tage lang werde ich mir vor allem spanischsprachiges und dieses Mal auch in der thematischen Retrospektive japanisches Kino anschauen. Aus Donostia melde ich mich sicher - wie bereits in den Vorjahren -\u2026","rel":"","context":"In &quot;Internet&quot;","block_context":{"text":"Internet","link":"https:\/\/textundblog.de\/?cat=4"},"img":{"alt_text":"Plakat des Filmfestivals San Sebasti\u00e1n 2008","src":"https:\/\/i0.wp.com\/textundblog.de\/wp-content\/sansebposter08.jpg?resize=350%2C200&ssl=1","width":350,"height":200},"classes":[]},{"id":6220,"url":"https:\/\/textundblog.de\/?p=6220","url_meta":{"origin":6763,"position":1},"title":"San Sebasti\u00e1n verspricht wieder filmische Einblicke","author":"Markus","date":"8\/8\/2014","format":false,"excerpt":"Die Vorfreude w\u00e4chst. Deshalb schon mal ein Ausblick auf San Sebasti\u00e1n 2014. Vom 18.-28. September werde ich zum 20. Mal in Folge (!) am Internationalen Filmfestival von San Sebasti\u00e1n teilnehmen. Als ich 1995 zum ersten Mal dort hin gefahren bin, h\u00e4tte ich mir das auch nicht tr\u00e4umen lassen. http:\/\/youtu.be\/oXs3koMCLIM Eastern\u2026","rel":"","context":"In &quot;Kino&quot;","block_context":{"text":"Kino","link":"https:\/\/textundblog.de\/?cat=2"},"img":{"alt_text":"","src":"https:\/\/i0.wp.com\/textundblog.de\/wp-content\/ss14-plakat.jpg?resize=350%2C200","width":350,"height":200,"srcset":"https:\/\/i0.wp.com\/textundblog.de\/wp-content\/ss14-plakat.jpg?resize=350%2C200 1x, https:\/\/i0.wp.com\/textundblog.de\/wp-content\/ss14-plakat.jpg?resize=525%2C300 1.5x, https:\/\/i0.wp.com\/textundblog.de\/wp-content\/ss14-plakat.jpg?resize=700%2C400 2x, https:\/\/i0.wp.com\/textundblog.de\/wp-content\/ss14-plakat.jpg?resize=1050%2C600 3x, https:\/\/i0.wp.com\/textundblog.de\/wp-content\/ss14-plakat.jpg?resize=1400%2C800 4x"},"classes":[]},{"id":3160,"url":"https:\/\/textundblog.de\/?p=3160","url_meta":{"origin":6763,"position":2},"title":"Zum 15. Mal nach San Sebasti\u00e1n","author":"Markus","date":"16\/9\/2009","format":false,"excerpt":"Ich bin dann mal weg. Morgen fr\u00fch geht's wieder ins Baskenland. Zum 15. Mal in Folge, ununterbrochen seit 1995 (!) bin ich auf dem Internationalen Filmfestival in San Sebasti\u00e1n. Am Abend der Bundestagswahl komm' ich wieder zur\u00fcck. Bis dahin wird es hier ruhiger werden, ein bisschen getwittert, das ein oder\u2026","rel":"","context":"In &quot;Kino&quot;","block_context":{"text":"Kino","link":"https:\/\/textundblog.de\/?cat=2"},"img":{"alt_text":"Offizielles Festivalplaket San Sebasti\u00e1n 2009","src":"https:\/\/i0.wp.com\/textundblog.de\/wp-content\/sanseb2009.jpg?resize=350%2C200&ssl=1","width":350,"height":200},"classes":[]},{"id":7251,"url":"https:\/\/textundblog.de\/?p=7251","url_meta":{"origin":6763,"position":3},"title":"San Sebasti\u00e1n, ich freu mich auf Dich","author":"Markus","date":"28\/7\/2016","format":false,"excerpt":"So langsam steigt die Vorfreude auf San Sebasti\u00e1n. Im September werde ich, wie jedes Jahr seit 1995, auf dem dortigen Filmfestival sein. Am Sonntag lief auf 3sat eine gute Doku \u00fcber die Stadt, in der auch die cofrad\u00edas (siehe 2. Bild unten) vorgestellt werden: Kochgemeinschaften, die in der Zeit von\u2026","rel":"","context":"In &quot;Kino&quot;","block_context":{"text":"Kino","link":"https:\/\/textundblog.de\/?cat=2"},"img":{"alt_text":"","src":"https:\/\/i0.wp.com\/textundblog.de\/wp-content\/sanseb01.jpg?resize=350%2C200&ssl=1","width":350,"height":200,"srcset":"https:\/\/i0.wp.com\/textundblog.de\/wp-content\/sanseb01.jpg?resize=350%2C200&ssl=1 1x, https:\/\/i0.wp.com\/textundblog.de\/wp-content\/sanseb01.jpg?resize=525%2C300&ssl=1 1.5x, https:\/\/i0.wp.com\/textundblog.de\/wp-content\/sanseb01.jpg?resize=700%2C400&ssl=1 2x"},"classes":[]},{"id":4967,"url":"https:\/\/textundblog.de\/?p=4967","url_meta":{"origin":6763,"position":4},"title":"Filmfestival San Sebasti\u00e1n wird 60 und ich erwachsen","author":"Markus","date":"19\/9\/2012","format":false,"excerpt":"Als ich 1995 zum ersten Mal in San Sebasti\u00e1n war, feierte das Internationale Filmfestival seine 43. Ausgabe. Nun, 18 Jahre sp\u00e4ter, steht die 60 ganz gro\u00df auf dem Plakat. Wer hier schon l\u00e4nger mit liest, wei\u00df, dass ich all die Jahre ohne Unterbrechung dort gewesen bin, dass ich jetzt quasi\u2026","rel":"","context":"In &quot;Kino&quot;","block_context":{"text":"Kino","link":"https:\/\/textundblog.de\/?cat=2"},"img":{"alt_text":"Filmfestival San Sebasti\u00e1n wird 60","src":"https:\/\/i0.wp.com\/textundblog.de\/wp-content\/sansebposter60.jpg?resize=350%2C200&ssl=1","width":350,"height":200},"classes":[]},{"id":7327,"url":"https:\/\/textundblog.de\/?p=7327","url_meta":{"origin":6763,"position":5},"title":"San Sebasti\u00e1n dieses Mal sehr entspannt","author":"Markus","date":"14\/9\/2016","format":false,"excerpt":"W\u00e4hrend ich im Juli noch schrieb: \u00abSo langsam steigt die Vorfreude auf San Sebasti\u00e1n\u00bb, kann ich nun sagen: Morgen geht's los. Und dieses Jahr reise ich wesentlich entspannter zu meinem Lieblingsfilmfestival als in den beiden Vorjahren. Vor zwei Jahren schloss ich einen Tag vor Abreise mein Masterstudium mit der m\u00fcndlichen\u2026","rel":"","context":"In &quot;Kino&quot;","block_context":{"text":"Kino","link":"https:\/\/textundblog.de\/?cat=2"},"img":{"alt_text":"","src":"https:\/\/i0.wp.com\/textundblog.de\/wp-content\/sansebposter2016.jpg?resize=350%2C200&ssl=1","width":350,"height":200},"classes":[]}],"_links":{"self":[{"href":"https:\/\/textundblog.de\/index.php?rest_route=\/wp\/v2\/posts\/6763","targetHints":{"allow":["GET"]}}],"collection":[{"href":"https:\/\/textundblog.de\/index.php?rest_route=\/wp\/v2\/posts"}],"about":[{"href":"https:\/\/textundblog.de\/index.php?rest_route=\/wp\/v2\/types\/post"}],"author":[{"embeddable":true,"href":"https:\/\/textundblog.de\/index.php?rest_route=\/wp\/v2\/users\/1"}],"replies":[{"embeddable":true,"href":"https:\/\/textundblog.de\/index.php?rest_route=%2Fwp%2Fv2%2Fcomments&post=6763"}],"version-history":[{"count":0,"href":"https:\/\/textundblog.de\/index.php?rest_route=\/wp\/v2\/posts\/6763\/revisions"}],"wp:attachment":[{"href":"https:\/\/textundblog.de\/index.php?rest_route=%2Fwp%2Fv2%2Fmedia&parent=6763"}],"wp:term":[{"taxonomy":"category","embeddable":true,"href":"https:\/\/textundblog.de\/index.php?rest_route=%2Fwp%2Fv2%2Fcategories&post=6763"},{"taxonomy":"post_tag","embeddable":true,"href":"https:\/\/textundblog.de\/index.php?rest_route=%2Fwp%2Fv2%2Ftags&post=6763"}],"curies":[{"name":"wp","href":"https:\/\/api.w.org\/{rel}","templated":true}]}}