{"id":6753,"date":"2015-09-30T10:15:50","date_gmt":"2015-09-30T08:15:50","guid":{"rendered":"http:\/\/textundblog.de\/?p=6753"},"modified":"2015-10-01T17:58:30","modified_gmt":"2015-10-01T15:58:30","slug":"bei-der-arbeit-in-der-bibliothek","status":"publish","type":"post","link":"https:\/\/textundblog.de\/?p=6753","title":{"rendered":"Bei der Arbeit in der Bibliothek"},"content":{"rendered":"<p><a href=\"https:\/\/i0.wp.com\/textundblog.de\/wp-content\/markus-buero-gr.jpg?ssl=1\"><img data-recalc-dims=\"1\" loading=\"lazy\" decoding=\"async\" data-attachment-id=\"6755\" data-permalink=\"https:\/\/textundblog.de\/?attachment_id=6755\" data-orig-file=\"https:\/\/i0.wp.com\/textundblog.de\/wp-content\/markus-buero.jpg?fit=800%2C598&amp;ssl=1\" data-orig-size=\"800,598\" data-comments-opened=\"1\" data-image-meta=\"{&quot;aperture&quot;:&quot;0&quot;,&quot;credit&quot;:&quot;&quot;,&quot;camera&quot;:&quot;&quot;,&quot;caption&quot;:&quot;&quot;,&quot;created_timestamp&quot;:&quot;0&quot;,&quot;copyright&quot;:&quot;&quot;,&quot;focal_length&quot;:&quot;0&quot;,&quot;iso&quot;:&quot;0&quot;,&quot;shutter_speed&quot;:&quot;0&quot;,&quot;title&quot;:&quot;&quot;,&quot;orientation&quot;:&quot;0&quot;}\" data-image-title=\"markus-buero\" data-image-description=\"\" data-image-caption=\"\" data-large-file=\"https:\/\/i0.wp.com\/textundblog.de\/wp-content\/markus-buero.jpg?fit=800%2C598&amp;ssl=1\" title=\"Markus im B\u00fcro\" src=\"https:\/\/i0.wp.com\/textundblog.de\/wp-content\/markus-buero.jpg?resize=800%2C598&#038;ssl=1\" alt=\"Markus im B\u00fcro\" width=\"800\" height=\"598\" class=\"alignnone size-full wp-image-6755\" srcset=\"https:\/\/i0.wp.com\/textundblog.de\/wp-content\/markus-buero.jpg?w=800&amp;ssl=1 800w, https:\/\/i0.wp.com\/textundblog.de\/wp-content\/markus-buero.jpg?resize=300%2C224&amp;ssl=1 300w\" sizes=\"auto, (max-width: 800px) 100vw, 800px\" \/><\/a><\/p>\n<p>Bin seit Sonntag-Nacht wieder von meinen beiden Reisen (Bibliothekartag <a href=\"https:\/\/textundblog.de\/?p=6744\">Wien<\/a>, Filmfestival <a href=\"https:\/\/textundblog.de\/?p=6750\">San\u00a0Sebasti\u00e1n<\/a>) zur\u00fcck. Den Festivalbericht mit der gewohnten Vorstellung der besten zehn Filme wird es innerhalb der n\u00e4chsten Woche geben. Die in neun Tagen gesehenen 50 (!) Filme m\u00fcssen erst noch im Kopf fertig verarbeitet werden. \ud83d\ude09<br \/>\n<!--more--><\/p>\n<p>Derweil bin ich, wie man sieht, wieder mitten bei der Arbeit in der Bibliothek. Dieses Foto hat vorhin meine liebe B\u00fcrokollegin von mir aufgenommen. Es sieht so aus, als umarmte ich liebevoll ein Poster, doch das steht nur da, weil ich meinem Bildschirm etwas Schatten vor dem einfallenden morgendlichen Sonnenstrahl spenden wollte. Das Shirt, das ich anhabe, ist \u00fcbrigens das Festivalshirt von San Sebasti\u00e1n. Auf der R\u00fcckseite zeigt es einen Auszug aus dem diesj\u00e4hrigen Festivalplakat, das mir \u2013 Plakate k\u00f6nnen sie in Donostia \u2013 ausgesprochen gut gef\u00e4llt:<\/p>\n<p><img data-recalc-dims=\"1\" loading=\"lazy\" decoding=\"async\" data-attachment-id=\"6754\" data-permalink=\"https:\/\/textundblog.de\/?attachment_id=6754\" data-orig-file=\"https:\/\/i0.wp.com\/textundblog.de\/wp-content\/plakat2015-sansebfest.jpg?fit=800%2C1133&amp;ssl=1\" data-orig-size=\"800,1133\" data-comments-opened=\"1\" data-image-meta=\"{&quot;aperture&quot;:&quot;0&quot;,&quot;credit&quot;:&quot;&quot;,&quot;camera&quot;:&quot;&quot;,&quot;caption&quot;:&quot;&quot;,&quot;created_timestamp&quot;:&quot;0&quot;,&quot;copyright&quot;:&quot;&quot;,&quot;focal_length&quot;:&quot;0&quot;,&quot;iso&quot;:&quot;0&quot;,&quot;shutter_speed&quot;:&quot;0&quot;,&quot;title&quot;:&quot;&quot;,&quot;orientation&quot;:&quot;0&quot;}\" data-image-title=\"plakat2015-sansebfest\" data-image-description=\"\" data-image-caption=\"\" data-large-file=\"https:\/\/i0.wp.com\/textundblog.de\/wp-content\/plakat2015-sansebfest.jpg?fit=723%2C1024&amp;ssl=1\" title=\"plakat2015-sansebfest\"  src=\"https:\/\/i0.wp.com\/textundblog.de\/wp-content\/plakat2015-sansebfest.jpg?resize=723%2C1024&#038;ssl=1\" alt=\"plakat2015-sansebfest\" width=\"723\" height=\"1024\" class=\"alignnone size-large wp-image-6754\" srcset=\"https:\/\/i0.wp.com\/textundblog.de\/wp-content\/plakat2015-sansebfest.jpg?resize=723%2C1024&amp;ssl=1 723w, https:\/\/i0.wp.com\/textundblog.de\/wp-content\/plakat2015-sansebfest.jpg?resize=212%2C300&amp;ssl=1 212w, https:\/\/i0.wp.com\/textundblog.de\/wp-content\/plakat2015-sansebfest.jpg?w=800&amp;ssl=1 800w\" sizes=\"auto, (max-width: 723px) 100vw, 723px\" \/><\/p>\n","protected":false},"excerpt":{"rendered":"<p>Bin seit Sonntag-Nacht wieder von meinen beiden Reisen (Bibliothekartag Wien, Filmfestival San\u00a0Sebasti\u00e1n) zur\u00fcck. Den Festivalbericht mit der gewohnten Vorstellung der besten zehn Filme wird es innerhalb der n\u00e4chsten Woche geben. Die in neun Tagen gesehenen 50 (!) Filme m\u00fcssen erst noch im Kopf fertig verarbeitet werden. \ud83d\ude09<\/p>\n","protected":false},"author":1,"featured_media":0,"comment_status":"open","ping_status":"open","sticky":false,"template":"","format":"standard","meta":{"site-sidebar-layout":"default","site-content-layout":"","ast-site-content-layout":"default","site-content-style":"default","site-sidebar-style":"default","ast-global-header-display":"","ast-banner-title-visibility":"","ast-main-header-display":"","ast-hfb-above-header-display":"","ast-hfb-below-header-display":"","ast-hfb-mobile-header-display":"","site-post-title":"","ast-breadcrumbs-content":"","ast-featured-img":"","footer-sml-layout":"","theme-transparent-header-meta":"","adv-header-id-meta":"","stick-header-meta":"","header-above-stick-meta":"","header-main-stick-meta":"","header-below-stick-meta":"","astra-migrate-meta-layouts":"default","ast-page-background-enabled":"default","ast-page-background-meta":{"desktop":{"background-color":"var(--ast-global-color-4)","background-image":"","background-repeat":"repeat","background-position":"center center","background-size":"auto","background-attachment":"scroll","background-type":"","background-media":"","overlay-type":"","overlay-color":"","overlay-opacity":"","overlay-gradient":""},"tablet":{"background-color":"","background-image":"","background-repeat":"repeat","background-position":"center center","background-size":"auto","background-attachment":"scroll","background-type":"","background-media":"","overlay-type":"","overlay-color":"","overlay-opacity":"","overlay-gradient":""},"mobile":{"background-color":"","background-image":"","background-repeat":"repeat","background-position":"center center","background-size":"auto","background-attachment":"scroll","background-type":"","background-media":"","overlay-type":"","overlay-color":"","overlay-opacity":"","overlay-gradient":""}},"ast-content-background-meta":{"desktop":{"background-color":"var(--ast-global-color-5)","background-image":"","background-repeat":"repeat","background-position":"center center","background-size":"auto","background-attachment":"scroll","background-type":"","background-media":"","overlay-type":"","overlay-color":"","overlay-opacity":"","overlay-gradient":""},"tablet":{"background-color":"var(--ast-global-color-5)","background-image":"","background-repeat":"repeat","background-position":"center center","background-size":"auto","background-attachment":"scroll","background-type":"","background-media":"","overlay-type":"","overlay-color":"","overlay-opacity":"","overlay-gradient":""},"mobile":{"background-color":"var(--ast-global-color-5)","background-image":"","background-repeat":"repeat","background-position":"center center","background-size":"auto","background-attachment":"scroll","background-type":"","background-media":"","overlay-type":"","overlay-color":"","overlay-opacity":"","overlay-gradient":""}},"ngg_post_thumbnail":0,"jetpack_post_was_ever_published":false,"_jetpack_newsletter_access":"","_jetpack_dont_email_post_to_subs":false,"_jetpack_newsletter_tier_id":0,"_jetpack_memberships_contains_paywalled_content":false,"_jetpack_memberships_contains_paid_content":false,"footnotes":""},"categories":[10,15,2,11],"tags":[],"class_list":["post-6753","post","type-post","status-publish","format-standard","hentry","category-foto","category-hamburg","category-kino","category-literatur"],"jetpack_featured_media_url":"","jetpack_sharing_enabled":true,"jetpack_shortlink":"https:\/\/wp.me\/p4uzZ-1KV","jetpack-related-posts":[{"id":4340,"url":"https:\/\/textundblog.de\/?p=4340","url_meta":{"origin":6753,"position":0},"title":"Zur\u00fcck aus San Sebasti\u00e1n","author":"Markus","date":"25\/9\/2011","format":false,"excerpt":"Bin heute Abend wieder gut in Hamburg gelandet. Habe in San Sebasti\u00e1n 48 Filme in 9 Tagen gesehen. Bericht folgt noch. Erstes Res\u00fcmee: auch beim 17. Mal war Donostia eine Reise wert. Mein Fotoalbum habe ich nach und nach auf Google Plus aktualisiert. Morgen fr\u00fch geht's erst mal wieder auf\u2026","rel":"","context":"In &quot;Foto&quot;","block_context":{"text":"Foto","link":"https:\/\/textundblog.de\/?cat=10"},"img":{"alt_text":"San Sebasti\u00e1n gestern Abend zum Ende des Festivals","src":"https:\/\/i0.wp.com\/textundblog.de\/wp-content\/donostia2011-noche.jpg?resize=350%2C200&ssl=1","width":350,"height":200},"classes":[]},{"id":7327,"url":"https:\/\/textundblog.de\/?p=7327","url_meta":{"origin":6753,"position":1},"title":"San Sebasti\u00e1n dieses Mal sehr entspannt","author":"Markus","date":"14\/9\/2016","format":false,"excerpt":"W\u00e4hrend ich im Juli noch schrieb: \u00abSo langsam steigt die Vorfreude auf San Sebasti\u00e1n\u00bb, kann ich nun sagen: Morgen geht's los. Und dieses Jahr reise ich wesentlich entspannter zu meinem Lieblingsfilmfestival als in den beiden Vorjahren. Vor zwei Jahren schloss ich einen Tag vor Abreise mein Masterstudium mit der m\u00fcndlichen\u2026","rel":"","context":"In &quot;Kino&quot;","block_context":{"text":"Kino","link":"https:\/\/textundblog.de\/?cat=2"},"img":{"alt_text":"","src":"https:\/\/i0.wp.com\/textundblog.de\/wp-content\/sansebposter2016.jpg?resize=350%2C200&ssl=1","width":350,"height":200},"classes":[]},{"id":2523,"url":"https:\/\/textundblog.de\/?p=2523","url_meta":{"origin":6753,"position":2},"title":"San Sebasti\u00e1n &#8211; Abbau am Festivalpalast","author":"Markus","date":"29\/9\/2008","format":false,"excerpt":"Diese Bilder konnte ich gestern morgen noch am Kursaal, dem Festivalpalast des Internationalen Filmfestivals in San Sebasti\u00e1n machen. Die Arbeiter auf dem Dach des Kursaal-Caf\u00e9s waren bereits wenige Stunden nach dem offiziellen Festivalende Samstagnacht damit besch\u00e4ftigt, die Transparente des Festivals (hier die von TV Espa\u00f1ola \"Somos cine\") abzurei\u00dfen: Ich bin\u2026","rel":"","context":"In &quot;Foto&quot;","block_context":{"text":"Foto","link":"https:\/\/textundblog.de\/?cat=10"},"img":{"alt_text":"Sonntagmorgen: der Festivalabbau beginnt","src":"https:\/\/i0.wp.com\/textundblog.de\/wp-content\/sanseb08abbau.jpg?resize=350%2C200&ssl=1","width":350,"height":200},"classes":[]},{"id":3745,"url":"https:\/\/textundblog.de\/?p=3745","url_meta":{"origin":6753,"position":3},"title":"In San Sebasti\u00e1n angekommen","author":"Markus","date":"17\/9\/2010","format":false,"excerpt":"Das Wetter ist exakt zu unserer Ankunft in San Sebasti\u00e1n schlechter geworden. Doch das \u00e4ndert sich erfahrungsgem\u00e4ss schnell in Donostia. Und wir sind ja wegen des Kinos hier, nicht wegen des Wetters. Die Sonne darf aber trotzdem bald wieder raus kommen. Nachdem mir gestern morgen das Missgeschick passierte (siehe mein\u2026","rel":"","context":"In &quot;Kino&quot;","block_context":{"text":"Kino","link":"https:\/\/textundblog.de\/?cat=2"},"img":{"alt_text":"Der Atlantik bei bedecktem Himmel","src":"https:\/\/i0.wp.com\/textundblog.de\/wp-content\/mar-300x225.jpg?resize=350%2C200&ssl=1","width":350,"height":200},"classes":[]},{"id":4967,"url":"https:\/\/textundblog.de\/?p=4967","url_meta":{"origin":6753,"position":4},"title":"Filmfestival San Sebasti\u00e1n wird 60 und ich erwachsen","author":"Markus","date":"19\/9\/2012","format":false,"excerpt":"Als ich 1995 zum ersten Mal in San Sebasti\u00e1n war, feierte das Internationale Filmfestival seine 43. Ausgabe. Nun, 18 Jahre sp\u00e4ter, steht die 60 ganz gro\u00df auf dem Plakat. Wer hier schon l\u00e4nger mit liest, wei\u00df, dass ich all die Jahre ohne Unterbrechung dort gewesen bin, dass ich jetzt quasi\u2026","rel":"","context":"In &quot;Kino&quot;","block_context":{"text":"Kino","link":"https:\/\/textundblog.de\/?cat=2"},"img":{"alt_text":"Filmfestival San Sebasti\u00e1n wird 60","src":"https:\/\/i0.wp.com\/textundblog.de\/wp-content\/sansebposter60.jpg?resize=350%2C200&ssl=1","width":350,"height":200},"classes":[]},{"id":6340,"url":"https:\/\/textundblog.de\/?p=6340","url_meta":{"origin":6753,"position":5},"title":"Zwei Fotogalerien zu San Sebasti\u00e1n 2014","author":"Markus","date":"5\/10\/2014","format":false,"excerpt":"Wenn man auf einem kleinen Reise- und Dienstreisemarathon unterwegs war \u2013 San Sebasti\u00e1n, London und K\u00f6ln in 14 Tagen \u2013 und ein so voll gepacktes Programm hatte, dass man von unterwegs nur twittern aber nicht bloggen konnte, gebietet es die Chronistenpflicht nach R\u00fcckkehr alles nach zu berichten. Was London (29.\/30.10.)\u2026","rel":"","context":"In &quot;Foto&quot;","block_context":{"text":"Foto","link":"https:\/\/textundblog.de\/?cat=10"},"img":{"alt_text":"","src":"https:\/\/i0.wp.com\/textundblog.de\/wp-content\/sanseb2014-gplus1.jpg?resize=350%2C200&ssl=1","width":350,"height":200,"srcset":"https:\/\/i0.wp.com\/textundblog.de\/wp-content\/sanseb2014-gplus1.jpg?resize=350%2C200&ssl=1 1x, https:\/\/i0.wp.com\/textundblog.de\/wp-content\/sanseb2014-gplus1.jpg?resize=525%2C300&ssl=1 1.5x, https:\/\/i0.wp.com\/textundblog.de\/wp-content\/sanseb2014-gplus1.jpg?resize=700%2C400&ssl=1 2x"},"classes":[]}],"_links":{"self":[{"href":"https:\/\/textundblog.de\/index.php?rest_route=\/wp\/v2\/posts\/6753","targetHints":{"allow":["GET"]}}],"collection":[{"href":"https:\/\/textundblog.de\/index.php?rest_route=\/wp\/v2\/posts"}],"about":[{"href":"https:\/\/textundblog.de\/index.php?rest_route=\/wp\/v2\/types\/post"}],"author":[{"embeddable":true,"href":"https:\/\/textundblog.de\/index.php?rest_route=\/wp\/v2\/users\/1"}],"replies":[{"embeddable":true,"href":"https:\/\/textundblog.de\/index.php?rest_route=%2Fwp%2Fv2%2Fcomments&post=6753"}],"version-history":[{"count":0,"href":"https:\/\/textundblog.de\/index.php?rest_route=\/wp\/v2\/posts\/6753\/revisions"}],"wp:attachment":[{"href":"https:\/\/textundblog.de\/index.php?rest_route=%2Fwp%2Fv2%2Fmedia&parent=6753"}],"wp:term":[{"taxonomy":"category","embeddable":true,"href":"https:\/\/textundblog.de\/index.php?rest_route=%2Fwp%2Fv2%2Fcategories&post=6753"},{"taxonomy":"post_tag","embeddable":true,"href":"https:\/\/textundblog.de\/index.php?rest_route=%2Fwp%2Fv2%2Ftags&post=6753"}],"curies":[{"name":"wp","href":"https:\/\/api.w.org\/{rel}","templated":true}]}}