{"id":6702,"date":"2015-07-31T15:42:43","date_gmt":"2015-07-31T13:42:43","guid":{"rendered":"http:\/\/textundblog.de\/?p=6702"},"modified":"2015-07-31T15:42:43","modified_gmt":"2015-07-31T13:42:43","slug":"hamburger-sommer-2015","status":"publish","type":"post","link":"https:\/\/textundblog.de\/?p=6702","title":{"rendered":"Hamburger Sommer 2015"},"content":{"rendered":"<p><a href=\"https:\/\/textundblog.de\/?tag=tweetderwoche\"> <img loading=\"lazy\" decoding=\"async\" src=\"wp-images\/tweetderwoche2-200x96.jpg\" alt=\"Tweet der Woche\" title=\"Tweet der Woche\" height=\"96\" width=\"200\" class=\"bildrechts\" \/><\/a> Ein Bild sagt mehr als Tausend Worte. Es gilt aber auch: ein Bild sagt mehr als ein Bild. Wie ich das meine? Nun: sehen wir ein Bild, kann durch Assoziation bei uns im Kopf ein anderes Bild entstehen. Etwa so: <a href=\"https:\/\/twitter.com\/sasa_s\/\">@sasa_s<\/a> sieht dieses Bild voller Sonnenschein, aber in seinem Kopf entsteht \u2013 aus seiner ganz pers\u00f6nlichen Hamburg-Erfahrung im Sommer 2015 \u2013 ein ganz anderes Bild:<\/p>\n<p>https:\/\/twitter.com\/sasa_s\/status\/626308476650790912<\/p>\n<p>So kann man das durchaus sehen, wenn man den Hamburger Sommer kennt. Und dann kommt <a href=\"https:\/\/twitter.com\/wortfeld\/\">@wortfeld<\/a> hinterher, und zeigt das Bild in der Lesart des Hamburger Sommers. Beide Tweets bilden somit meinen pers\u00f6nlichen <em>Tweet der Woche<\/em>:<\/p>\n<p>https:\/\/twitter.com\/wortfeld\/status\/626315111519625216<\/p>\n<p>Hier geht&#8217;s zu den vergangenen <a href=\"https:\/\/textundblog.de\/?tag=tweetderwoche\">Tweets der Woche<\/a>.<\/p>\n","protected":false},"excerpt":{"rendered":"<p>Ein Bild sagt mehr als Tausend Worte. Es gilt aber auch: ein Bild sagt mehr als ein Bild. Wie ich das meine? Nun: sehen wir ein Bild, kann durch Assoziation bei uns im Kopf ein anderes Bild entstehen. Etwa so: @sasa_s sieht dieses Bild voller Sonnenschein, aber in seinem Kopf entsteht \u2013 aus seiner ganz [&hellip;]<\/p>\n","protected":false},"author":1,"featured_media":0,"comment_status":"open","ping_status":"open","sticky":false,"template":"","format":"standard","meta":{"site-sidebar-layout":"default","site-content-layout":"","ast-site-content-layout":"default","site-content-style":"default","site-sidebar-style":"default","ast-global-header-display":"","ast-banner-title-visibility":"","ast-main-header-display":"","ast-hfb-above-header-display":"","ast-hfb-below-header-display":"","ast-hfb-mobile-header-display":"","site-post-title":"","ast-breadcrumbs-content":"","ast-featured-img":"","footer-sml-layout":"","theme-transparent-header-meta":"","adv-header-id-meta":"","stick-header-meta":"","header-above-stick-meta":"","header-main-stick-meta":"","header-below-stick-meta":"","astra-migrate-meta-layouts":"default","ast-page-background-enabled":"default","ast-page-background-meta":{"desktop":{"background-color":"var(--ast-global-color-4)","background-image":"","background-repeat":"repeat","background-position":"center center","background-size":"auto","background-attachment":"scroll","background-type":"","background-media":"","overlay-type":"","overlay-color":"","overlay-opacity":"","overlay-gradient":""},"tablet":{"background-color":"","background-image":"","background-repeat":"repeat","background-position":"center center","background-size":"auto","background-attachment":"scroll","background-type":"","background-media":"","overlay-type":"","overlay-color":"","overlay-opacity":"","overlay-gradient":""},"mobile":{"background-color":"","background-image":"","background-repeat":"repeat","background-position":"center center","background-size":"auto","background-attachment":"scroll","background-type":"","background-media":"","overlay-type":"","overlay-color":"","overlay-opacity":"","overlay-gradient":""}},"ast-content-background-meta":{"desktop":{"background-color":"var(--ast-global-color-5)","background-image":"","background-repeat":"repeat","background-position":"center center","background-size":"auto","background-attachment":"scroll","background-type":"","background-media":"","overlay-type":"","overlay-color":"","overlay-opacity":"","overlay-gradient":""},"tablet":{"background-color":"var(--ast-global-color-5)","background-image":"","background-repeat":"repeat","background-position":"center center","background-size":"auto","background-attachment":"scroll","background-type":"","background-media":"","overlay-type":"","overlay-color":"","overlay-opacity":"","overlay-gradient":""},"mobile":{"background-color":"var(--ast-global-color-5)","background-image":"","background-repeat":"repeat","background-position":"center center","background-size":"auto","background-attachment":"scroll","background-type":"","background-media":"","overlay-type":"","overlay-color":"","overlay-opacity":"","overlay-gradient":""}},"ngg_post_thumbnail":0,"jetpack_post_was_ever_published":false,"_jetpack_newsletter_access":"","_jetpack_dont_email_post_to_subs":false,"_jetpack_newsletter_tier_id":0,"_jetpack_memberships_contains_paywalled_content":false,"_jetpack_memberships_contains_paid_content":false,"footnotes":""},"categories":[33,15,11],"tags":[77],"class_list":["post-6702","post","type-post","status-publish","format-standard","hentry","category-twitter","category-hamburg","category-literatur","tag-tweetderwoche"],"jetpack_featured_media_url":"","jetpack_sharing_enabled":true,"jetpack_shortlink":"https:\/\/wp.me\/p4uzZ-1K6","jetpack-related-posts":[{"id":7423,"url":"https:\/\/textundblog.de\/?p=7423","url_meta":{"origin":6702,"position":0},"title":"HamburgLesen, Masterfeier &#038; Siglo de Oro Ausstellung in Berlin","author":"Markus","date":"31\/10\/2016","format":false,"excerpt":"Was war das f\u00fcr ein Wochenende. Momentan \u00fcberschl\u00e4gt sich alles bei mir. Es fehlt mir sogar die Zeit, ausf\u00fchrlich \u00fcber alles zu bloggen. Bitte seht es mir nach, dass ich hier nur kurz berichte und die Bilder via Twitter einbinde. Demn\u00e4chst geht es hier auch wieder ausf\u00fchrlicher und ruhiger zu,\u2026","rel":"","context":"In &quot;Foto&quot;","block_context":{"text":"Foto","link":"https:\/\/textundblog.de\/?cat=10"},"img":{"alt_text":"Siglo de Oro Ausstellung in Berlin","src":"https:\/\/i0.wp.com\/textundblog.de\/wp-content\/IMG_9142-e1477927173710-1024x1024.jpg?resize=350%2C200&ssl=1","width":350,"height":200,"srcset":"https:\/\/i0.wp.com\/textundblog.de\/wp-content\/IMG_9142-e1477927173710-1024x1024.jpg?resize=350%2C200&ssl=1 1x, https:\/\/i0.wp.com\/textundblog.de\/wp-content\/IMG_9142-e1477927173710-1024x1024.jpg?resize=525%2C300&ssl=1 1.5x, https:\/\/i0.wp.com\/textundblog.de\/wp-content\/IMG_9142-e1477927173710-1024x1024.jpg?resize=700%2C400&ssl=1 2x"},"classes":[]},{"id":7738,"url":"https:\/\/textundblog.de\/?p=7738","url_meta":{"origin":6702,"position":1},"title":"Lulu von Alban Berg in der Staatsoper &#8211; TweetUp zur Hauptprobe","author":"Markus","date":"9\/2\/2017","format":false,"excerpt":"Gestern hatte die Staatsoper Hamburg acht Hamburger Twitterer zu einem TweetUp geladen, um der Hauptprobe der Oper Lulu von Alban Berg beizuwohnen, die am Sonntag Premiere hat. Das war eine tolle Aktion. Ich war dabei und fasse hier meine Eindr\u00fccke zusammen. Man m\u00f6ge mir die K\u00fcrze des Berichtes nachsehen, ich\u2026","rel":"","context":"In &quot;Bluesky&quot;","block_context":{"text":"Bluesky","link":"https:\/\/textundblog.de\/?cat=33"},"img":{"alt_text":"Lulu von Alban Berg in der Staatsoper - Hauptprobe 8.2.2017","src":"https:\/\/i0.wp.com\/textundblog.de\/wp-content\/IMG_1769-1024x684.jpg?resize=350%2C200&ssl=1","width":350,"height":200,"srcset":"https:\/\/i0.wp.com\/textundblog.de\/wp-content\/IMG_1769-1024x684.jpg?resize=350%2C200&ssl=1 1x, https:\/\/i0.wp.com\/textundblog.de\/wp-content\/IMG_1769-1024x684.jpg?resize=525%2C300&ssl=1 1.5x, https:\/\/i0.wp.com\/textundblog.de\/wp-content\/IMG_1769-1024x684.jpg?resize=700%2C400&ssl=1 2x"},"classes":[]},{"id":5936,"url":"https:\/\/textundblog.de\/?p=5936","url_meta":{"origin":6702,"position":2},"title":"Wahlkampf in Wandsbek: Bilder einer Plakatierung","author":"Markus","date":"28\/4\/2014","format":false,"excerpt":"Zum Auftakt ein Zitat: Der Wahlkampf ist die politische Auseinandersetzung von Parteien und W\u00e4hlervereinigungen um Zustimmung des B\u00fcrgers zu Personen und Programmen.\u00abStichwort: Wahlen: Ein Ratgeber f\u00fcr W\u00e4hler, Wahlhelfer und Kandidaten\u00bb von Wichard Woyke. VS Verlag f\u00fcr Sozialwissenschaften, 2013. Wie alle wissen: zum Wahlkampf geh\u00f6ren auch Plakate. Ganz ehrlich: ich wei\u00df\u2026","rel":"","context":"In &quot;Foto&quot;","block_context":{"text":"Foto","link":"https:\/\/textundblog.de\/?cat=10"},"img":{"alt_text":"","src":"https:\/\/i0.wp.com\/textundblog.de\/wp-content\/IMG_4514.jpg?resize=350%2C200","width":350,"height":200,"srcset":"https:\/\/i0.wp.com\/textundblog.de\/wp-content\/IMG_4514.jpg?resize=350%2C200 1x, https:\/\/i0.wp.com\/textundblog.de\/wp-content\/IMG_4514.jpg?resize=525%2C300 1.5x, https:\/\/i0.wp.com\/textundblog.de\/wp-content\/IMG_4514.jpg?resize=700%2C400 2x, https:\/\/i0.wp.com\/textundblog.de\/wp-content\/IMG_4514.jpg?resize=1050%2C600 3x, https:\/\/i0.wp.com\/textundblog.de\/wp-content\/IMG_4514.jpg?resize=1400%2C800 4x"},"classes":[]},{"id":6806,"url":"https:\/\/textundblog.de\/?p=6806","url_meta":{"origin":6702,"position":3},"title":"Volles Haus bei der Nacht des Wissens in der Stabi 2015","author":"Markus","date":"8\/11\/2015","format":false,"excerpt":"F\u00fcr mich der H\u00f6hepunkt der Nacht des Wissens in der Stabi: das Chorkonzert von Elbcanto im Lichthof der Stabi. Auch wenn dieser kurze Videoausschnitt nicht im geringsten die wunderbare Akustik unseres 3 Stockwerke hohen Raumes im Altbau der Stabi wiedergeben kann, in dem das zw\u00f6lfk\u00f6pfige Ensemble Lieder von Lust und\u2026","rel":"","context":"In &quot;Bluesky&quot;","block_context":{"text":"Bluesky","link":"https:\/\/textundblog.de\/?cat=33"},"img":{"alt_text":"elbcanto-sw","src":"https:\/\/i0.wp.com\/textundblog.de\/wp-content\/elbcanto-sw-1024x1024.jpg?resize=350%2C200&ssl=1","width":350,"height":200,"srcset":"https:\/\/i0.wp.com\/textundblog.de\/wp-content\/elbcanto-sw-1024x1024.jpg?resize=350%2C200&ssl=1 1x, https:\/\/i0.wp.com\/textundblog.de\/wp-content\/elbcanto-sw-1024x1024.jpg?resize=525%2C300&ssl=1 1.5x, https:\/\/i0.wp.com\/textundblog.de\/wp-content\/elbcanto-sw-1024x1024.jpg?resize=700%2C400&ssl=1 2x"},"classes":[]},{"id":6454,"url":"https:\/\/textundblog.de\/?p=6454","url_meta":{"origin":6702,"position":4},"title":"Kopf -> Tisch \u2026 Piraten wirken","author":"Markus","date":"5\/12\/2014","format":false,"excerpt":"Der Tweet der Woche kommt von @DosOz42 und ist in dieser Woche ein Bild der Woche. Darauf zu sehen, zwei mehr (@hillecrane) oder weniger (@_a_k_k_) leidenschaftliche Twitterer. https:\/\/twitter.com\/DosOz42\/status\/539827500688605185 Dieses Bild ist, egal von welcher politischen Seite aus man es betrachtet, total lustig. Es gibt aber auch ganz sachliche Reaktionen auf\u2026","rel":"","context":"In &quot;Bluesky&quot;","block_context":{"text":"Bluesky","link":"https:\/\/textundblog.de\/?cat=33"},"img":{"alt_text":"Tweet der Woche","src":"wp-images\/tweetderwoche2-200x96.jpg","width":350,"height":200},"classes":[]},{"id":6804,"url":"https:\/\/textundblog.de\/?p=6804","url_meta":{"origin":6702,"position":5},"title":"Keine Teilhabe ohne Kontrollverlust &#8211; Zugang gestalten! in Hamburg","author":"Markus","date":"6\/11\/2015","format":false,"excerpt":"Der Tweet der Woche kommt von der Tagung \u00abZugang gestalten!\u00bb, die gestern und heute in Hamburg stattgefunden hat. Er steht stellvertretend f\u00fcr all die guten Infos, Bilder und Links, die \u00fcber den Hashtag #ke15 (\"ke\" steht f\u00fcr \"kulturelles Erbe\") aufgerufen werden k\u00f6nnen. @esteinauer formuliert darin eine These, die deutlich macht,\u2026","rel":"","context":"In &quot;Bluesky&quot;","block_context":{"text":"Bluesky","link":"https:\/\/textundblog.de\/?cat=33"},"img":{"alt_text":"Tweet der Woche","src":"wp-images\/tweetderwoche2-200x96.jpg","width":350,"height":200},"classes":[]}],"_links":{"self":[{"href":"https:\/\/textundblog.de\/index.php?rest_route=\/wp\/v2\/posts\/6702","targetHints":{"allow":["GET"]}}],"collection":[{"href":"https:\/\/textundblog.de\/index.php?rest_route=\/wp\/v2\/posts"}],"about":[{"href":"https:\/\/textundblog.de\/index.php?rest_route=\/wp\/v2\/types\/post"}],"author":[{"embeddable":true,"href":"https:\/\/textundblog.de\/index.php?rest_route=\/wp\/v2\/users\/1"}],"replies":[{"embeddable":true,"href":"https:\/\/textundblog.de\/index.php?rest_route=%2Fwp%2Fv2%2Fcomments&post=6702"}],"version-history":[{"count":0,"href":"https:\/\/textundblog.de\/index.php?rest_route=\/wp\/v2\/posts\/6702\/revisions"}],"wp:attachment":[{"href":"https:\/\/textundblog.de\/index.php?rest_route=%2Fwp%2Fv2%2Fmedia&parent=6702"}],"wp:term":[{"taxonomy":"category","embeddable":true,"href":"https:\/\/textundblog.de\/index.php?rest_route=%2Fwp%2Fv2%2Fcategories&post=6702"},{"taxonomy":"post_tag","embeddable":true,"href":"https:\/\/textundblog.de\/index.php?rest_route=%2Fwp%2Fv2%2Ftags&post=6702"}],"curies":[{"name":"wp","href":"https:\/\/api.w.org\/{rel}","templated":true}]}}