{"id":6682,"date":"2015-07-02T15:37:30","date_gmt":"2015-07-02T13:37:30","guid":{"rendered":"http:\/\/textundblog.de\/?p=6682"},"modified":"2015-08-01T01:19:22","modified_gmt":"2015-07-31T23:19:22","slug":"wir-sind-alle-griechenland-%ce%b5%ce%af%ce%bc%ce%b1%cf%83%cf%84%ce%b5-%cf%8c%ce%bb%ce%bf%ce%b9-%ce%b5%ce%bb%ce%bb%ce%ac%ce%b4%ce%b1","status":"publish","type":"post","link":"https:\/\/textundblog.de\/?p=6682","title":{"rendered":"Wir sind alle Griechenland"},"content":{"rendered":"<p><span class=\"embed-youtube\" style=\"text-align:center; display: block;\"><iframe loading=\"lazy\" class=\"youtube-player\" width=\"640\" height=\"360\" src=\"https:\/\/www.youtube.com\/embed\/GPOUGIYzoj8?version=3&#038;rel=1&#038;showsearch=0&#038;showinfo=1&#038;iv_load_policy=1&#038;fs=1&#038;hl=de-DE&#038;autohide=2&#038;wmode=transparent\" allowfullscreen=\"true\" style=\"border:0;\" sandbox=\"allow-scripts allow-same-origin allow-popups allow-presentation allow-popups-to-escape-sandbox\"><\/iframe><\/span><\/p>\n<p>Die spanische Tageszeitung <a href=\"http:\/\/verne.elpais.com\/verne\/2015\/07\/01\/articulo\/1435751928_550606.html?id_externo_rsoc=FB_CM\">El Pa\u00eds<\/a> berichtet heute in ihrem Blog \u00fcber den viralen Erfolg des Solidarit\u00e4tsvideos von Griechen in Spanien: <em>\u00a1Todos somos Grecia!<\/em> (Wir sind alle Griechenland). \u00dcber 200.000 Aufrufe in einem Monat (auf mehreren Plattformen). Hochgeladen von der <em>Plataforma Auditor\u00eda Ciudadana de la Deuda<\/em> (PACD), mit englischsprachigem Portal unter <a href=\"http:\/\/www.auditamosgrecia.org\/en\/\">www.auditamosgrecia.org\/en\/<\/a> erreichbar.<br \/>\n<!--more--><\/p>\n<p><a href=\"https:\/\/youtu.be\/GPOUGIYzoj8\"><img data-recalc-dims=\"1\" loading=\"lazy\" decoding=\"async\" data-attachment-id=\"6684\" data-permalink=\"https:\/\/textundblog.de\/?attachment_id=6684\" data-orig-file=\"https:\/\/i0.wp.com\/textundblog.de\/wp-content\/spanien-griechenland-video2.jpg?fit=800%2C450&amp;ssl=1\" data-orig-size=\"800,450\" data-comments-opened=\"1\" data-image-meta=\"{&quot;aperture&quot;:&quot;0&quot;,&quot;credit&quot;:&quot;&quot;,&quot;camera&quot;:&quot;&quot;,&quot;caption&quot;:&quot;&quot;,&quot;created_timestamp&quot;:&quot;0&quot;,&quot;copyright&quot;:&quot;&quot;,&quot;focal_length&quot;:&quot;0&quot;,&quot;iso&quot;:&quot;0&quot;,&quot;shutter_speed&quot;:&quot;0&quot;,&quot;title&quot;:&quot;&quot;,&quot;orientation&quot;:&quot;0&quot;}\" data-image-title=\"spanien-griechenland-video2\" data-image-description=\"\" data-image-caption=\"\" data-large-file=\"https:\/\/i0.wp.com\/textundblog.de\/wp-content\/spanien-griechenland-video2.jpg?fit=800%2C450&amp;ssl=1\" title=\"\u00a1Todos somos Grecia!\"  src=\"https:\/\/i0.wp.com\/textundblog.de\/wp-content\/spanien-griechenland-video2.jpg?resize=800%2C450&#038;ssl=1\" alt=\"\u00a1Todos somos Grecia!\" width=\"800\" height=\"450\" class=\"alignnone size-large wp-image-6684\" srcset=\"https:\/\/i0.wp.com\/textundblog.de\/wp-content\/spanien-griechenland-video2.jpg?w=800&amp;ssl=1 800w, https:\/\/i0.wp.com\/textundblog.de\/wp-content\/spanien-griechenland-video2.jpg?resize=300%2C169&amp;ssl=1 300w\" sizes=\"auto, (max-width: 800px) 100vw, 800px\" \/><\/a><\/p>\n<p><a href=\"https:\/\/youtu.be\/GPOUGIYzoj8\"><img data-recalc-dims=\"1\" loading=\"lazy\" decoding=\"async\" data-attachment-id=\"6685\" data-permalink=\"https:\/\/textundblog.de\/?attachment_id=6685\" data-orig-file=\"https:\/\/i0.wp.com\/textundblog.de\/wp-content\/spanien-griechenland-video.jpg?fit=800%2C450&amp;ssl=1\" data-orig-size=\"800,450\" data-comments-opened=\"1\" data-image-meta=\"{&quot;aperture&quot;:&quot;0&quot;,&quot;credit&quot;:&quot;&quot;,&quot;camera&quot;:&quot;&quot;,&quot;caption&quot;:&quot;&quot;,&quot;created_timestamp&quot;:&quot;0&quot;,&quot;copyright&quot;:&quot;&quot;,&quot;focal_length&quot;:&quot;0&quot;,&quot;iso&quot;:&quot;0&quot;,&quot;shutter_speed&quot;:&quot;0&quot;,&quot;title&quot;:&quot;&quot;,&quot;orientation&quot;:&quot;0&quot;}\" data-image-title=\"spanien-griechenland-video\" data-image-description=\"\" data-image-caption=\"\" data-large-file=\"https:\/\/i0.wp.com\/textundblog.de\/wp-content\/spanien-griechenland-video.jpg?fit=800%2C450&amp;ssl=1\" title=\"\u00a1Todos somos Grecia!\"  src=\"https:\/\/i0.wp.com\/textundblog.de\/wp-content\/spanien-griechenland-video.jpg?resize=800%2C450&#038;ssl=1\" alt=\"\u00a1Todos somos Grecia!\" width=\"800\" height=\"450\" class=\"alignnone size-large wp-image-6685\" srcset=\"https:\/\/i0.wp.com\/textundblog.de\/wp-content\/spanien-griechenland-video.jpg?w=800&amp;ssl=1 800w, https:\/\/i0.wp.com\/textundblog.de\/wp-content\/spanien-griechenland-video.jpg?resize=300%2C169&amp;ssl=1 300w\" sizes=\"auto, (max-width: 800px) 100vw, 800px\" \/><\/a><\/p>\n<p><a href=\"https:\/\/youtu.be\/GPOUGIYzoj8\"><img data-recalc-dims=\"1\" loading=\"lazy\" decoding=\"async\" data-attachment-id=\"6683\" data-permalink=\"https:\/\/textundblog.de\/?attachment_id=6683\" data-orig-file=\"https:\/\/i0.wp.com\/textundblog.de\/wp-content\/spanien-griechenland-video3.jpg?fit=800%2C449&amp;ssl=1\" data-orig-size=\"800,449\" data-comments-opened=\"1\" data-image-meta=\"{&quot;aperture&quot;:&quot;0&quot;,&quot;credit&quot;:&quot;&quot;,&quot;camera&quot;:&quot;&quot;,&quot;caption&quot;:&quot;&quot;,&quot;created_timestamp&quot;:&quot;0&quot;,&quot;copyright&quot;:&quot;&quot;,&quot;focal_length&quot;:&quot;0&quot;,&quot;iso&quot;:&quot;0&quot;,&quot;shutter_speed&quot;:&quot;0&quot;,&quot;title&quot;:&quot;&quot;,&quot;orientation&quot;:&quot;0&quot;}\" data-image-title=\"spanien-griechenland-video3\" data-image-description=\"\" data-image-caption=\"\" data-large-file=\"https:\/\/i0.wp.com\/textundblog.de\/wp-content\/spanien-griechenland-video3.jpg?fit=800%2C449&amp;ssl=1\" title=\"\u00a1Todos somos Grecia!\"  src=\"https:\/\/i0.wp.com\/textundblog.de\/wp-content\/spanien-griechenland-video3.jpg?resize=800%2C449&#038;ssl=1\" alt=\"\u00a1Todos somos Grecia!\" width=\"800\" height=\"449\" class=\"alignnone size-full wp-image-6683\" srcset=\"https:\/\/i0.wp.com\/textundblog.de\/wp-content\/spanien-griechenland-video3.jpg?w=800&amp;ssl=1 800w, https:\/\/i0.wp.com\/textundblog.de\/wp-content\/spanien-griechenland-video3.jpg?resize=300%2C168&amp;ssl=1 300w\" sizes=\"auto, (max-width: 800px) 100vw, 800px\" \/><\/a><\/p>\n","protected":false},"excerpt":{"rendered":"<p>Die spanische Tageszeitung El Pa\u00eds berichtet heute in ihrem Blog \u00fcber den viralen Erfolg des Solidarit\u00e4tsvideos von Griechen in Spanien: \u00a1Todos somos Grecia! (Wir sind alle Griechenland). \u00dcber 200.000 Aufrufe in einem Monat (auf mehreren Plattformen). Hochgeladen von der Plataforma Auditor\u00eda Ciudadana de la Deuda (PACD), mit englischsprachigem Portal unter www.auditamosgrecia.org\/en\/ erreichbar.<\/p>\n","protected":false},"author":1,"featured_media":0,"comment_status":"open","ping_status":"open","sticky":false,"template":"","format":"standard","meta":{"site-sidebar-layout":"default","site-content-layout":"","ast-site-content-layout":"default","site-content-style":"default","site-sidebar-style":"default","ast-global-header-display":"","ast-banner-title-visibility":"","ast-main-header-display":"","ast-hfb-above-header-display":"","ast-hfb-below-header-display":"","ast-hfb-mobile-header-display":"","site-post-title":"","ast-breadcrumbs-content":"","ast-featured-img":"","footer-sml-layout":"","theme-transparent-header-meta":"","adv-header-id-meta":"","stick-header-meta":"","header-above-stick-meta":"","header-main-stick-meta":"","header-below-stick-meta":"","astra-migrate-meta-layouts":"default","ast-page-background-enabled":"default","ast-page-background-meta":{"desktop":{"background-color":"var(--ast-global-color-4)","background-image":"","background-repeat":"repeat","background-position":"center center","background-size":"auto","background-attachment":"scroll","background-type":"","background-media":"","overlay-type":"","overlay-color":"","overlay-opacity":"","overlay-gradient":""},"tablet":{"background-color":"","background-image":"","background-repeat":"repeat","background-position":"center center","background-size":"auto","background-attachment":"scroll","background-type":"","background-media":"","overlay-type":"","overlay-color":"","overlay-opacity":"","overlay-gradient":""},"mobile":{"background-color":"","background-image":"","background-repeat":"repeat","background-position":"center center","background-size":"auto","background-attachment":"scroll","background-type":"","background-media":"","overlay-type":"","overlay-color":"","overlay-opacity":"","overlay-gradient":""}},"ast-content-background-meta":{"desktop":{"background-color":"var(--ast-global-color-5)","background-image":"","background-repeat":"repeat","background-position":"center center","background-size":"auto","background-attachment":"scroll","background-type":"","background-media":"","overlay-type":"","overlay-color":"","overlay-opacity":"","overlay-gradient":""},"tablet":{"background-color":"var(--ast-global-color-5)","background-image":"","background-repeat":"repeat","background-position":"center center","background-size":"auto","background-attachment":"scroll","background-type":"","background-media":"","overlay-type":"","overlay-color":"","overlay-opacity":"","overlay-gradient":""},"mobile":{"background-color":"var(--ast-global-color-5)","background-image":"","background-repeat":"repeat","background-position":"center center","background-size":"auto","background-attachment":"scroll","background-type":"","background-media":"","overlay-type":"","overlay-color":"","overlay-opacity":"","overlay-gradient":""}},"ngg_post_thumbnail":0,"jetpack_post_was_ever_published":false,"_jetpack_newsletter_access":"","_jetpack_dont_email_post_to_subs":false,"_jetpack_newsletter_tier_id":0,"_jetpack_memberships_contains_paywalled_content":false,"_jetpack_memberships_contains_paid_content":false,"footnotes":""},"categories":[9,8,18],"tags":[],"class_list":["post-6682","post","type-post","status-publish","format-standard","hentry","category-politik","category-spanisch","category-video"],"jetpack_featured_media_url":"","jetpack_sharing_enabled":true,"jetpack_shortlink":"https:\/\/wp.me\/p4uzZ-1JM","jetpack-related-posts":[{"id":5280,"url":"https:\/\/textundblog.de\/?p=5280","url_meta":{"origin":6682,"position":0},"title":"Arte-Doku: EU rettet nicht die Menschen sondern die Banken","author":"Markus","date":"28\/2\/2013","format":false,"excerpt":"Wer sich etwas eingehender und \u00fcber populistische Schlagzeilen hinweg mit der sogenannten Euro-Rettung befasst, erkennt schnell, dass die finanzielle Unterst\u00fctzung der EU f\u00fcr die von der Finanzkrise besonders betroffenen L\u00e4nder wie Griechenland, Spanien oder Irland \u00fcberhaupt nicht bei den Menschen ankommt, sondern der Rettung der Banken dient. Und zum Gro\u00dfteil\u2026","rel":"","context":"In &quot;Politik&quot;","block_context":{"text":"Politik","link":"https:\/\/textundblog.de\/?cat=9"},"img":{"alt_text":"","src":"https:\/\/i0.wp.com\/img.youtube.com\/vi\/FJBtlyI-ekg\/0.jpg?resize=350%2C200","width":350,"height":200},"classes":[]},{"id":10122,"url":"https:\/\/textundblog.de\/?p=10122","url_meta":{"origin":6682,"position":1},"title":"BiblioTeConecta: Bibliotecarios por el mundo &#8211; Alemania","author":"Markus","date":"28\/1\/2022","format":false,"excerpt":"In der gestern ver\u00f6ffentlichten Folge \"Bibliotecarios por el mundo - Alemania\" des spanischen bibliothekarischen YouTube-Kanals BiblioTeConecta war ich eingeladen, mit den spanischen Kolleg*innen \u00fcber das deutsche Bibliothekssystem zu sprechen. Ich haben ihnen in einem lockeren Gespr\u00e4ch von meiner Arbeit in der Stabi Hamburg erz\u00e4hlt, sowohl \u00fcber das deutsche System der\u2026","rel":"","context":"In &quot;Literatur&quot;","block_context":{"text":"Literatur","link":"https:\/\/textundblog.de\/?cat=11"},"img":{"alt_text":"","src":"https:\/\/i0.wp.com\/textundblog.de\/wp-content\/biblioteconecta.jpg?resize=350%2C200&ssl=1","width":350,"height":200,"srcset":"https:\/\/i0.wp.com\/textundblog.de\/wp-content\/biblioteconecta.jpg?resize=350%2C200&ssl=1 1x, https:\/\/i0.wp.com\/textundblog.de\/wp-content\/biblioteconecta.jpg?resize=525%2C300&ssl=1 1.5x"},"classes":[]},{"id":2220,"url":"https:\/\/textundblog.de\/?p=2220","url_meta":{"origin":6682,"position":2},"title":"Nach wie vor mein EM-Favorit: Spanien","author":"Markus","date":"21\/6\/2008","format":false,"excerpt":"Direktlink YouTube Genau heute vor 44 Jahren, am 21. Juni 1964 wurde Spanien EuropameisterSiehe euro2008.uefa.com: Spanien will endlich wieder einen Titel. Obiges Video , erstellt vor der EM, zeigt Freud und Leid - in umgekehrter Reihenfolge - des zuk\u00fcnftigen Europameisters. Lustig: dieser Spot des spanischen Fernsehsenders Cuatro: \u00abEsta vez s\u00ed:\u2026","rel":"","context":"In &quot;Fu\u00dfball&quot;","block_context":{"text":"Fu\u00dfball","link":"https:\/\/textundblog.de\/?cat=17"},"img":{"alt_text":"","src":"","width":0,"height":0},"classes":[]},{"id":2069,"url":"https:\/\/textundblog.de\/?p=2069","url_meta":{"origin":6682,"position":3},"title":"Spanisches TV-Duell mit Transkription","author":"Markus","date":"2\/3\/2008","format":false,"excerpt":"So kann Video mit durchsuchbaren Textinhalten sinnvoll im Netz umgesetzt werden und gleichzeitig k\u00f6nnen Spanisch-Lernende mit politischem Interesse angesprochen werden: RTVE, das staatliche spanische Fernsehen, stellt das TV-Duell zwischen Zapatero und RajoyN\u00e4chsten Sonntag, am 9.3.08, sind Wahlen in Spanien. Im Vorfeld gab es zwei TV-Duelle der Spitzenkandidaten von PSOE (Jos\u00e9\u2026","rel":"","context":"In &quot;Politik&quot;","block_context":{"text":"Politik","link":"https:\/\/textundblog.de\/?cat=9"},"img":{"alt_text":"","src":"","width":0,"height":0},"classes":[]},{"id":6594,"url":"https:\/\/textundblog.de\/?p=6594","url_meta":{"origin":6682,"position":4},"title":"Die Anstalt: Griechenland und deutsche Reparationszahlungen","author":"Markus","date":"30\/3\/2015","format":false,"excerpt":"https:\/\/youtu.be\/hU9JirvxtX4 Wieder mal ein starker, ans Herz gehender Schluss der Anstalt: Sollte sich jede\/r anschauen. M\u00f6glichst auch die ganze Sendung \u00abDie Anstalt\u00bb, entweder morgen Abend, 31. M\u00e4rz, um 22:15 Uhr im ZDF oder jetzt schon in der Mediathek oder auf YouTube.","rel":"","context":"In &quot;Politik&quot;","block_context":{"text":"Politik","link":"https:\/\/textundblog.de\/?cat=9"},"img":{"alt_text":"","src":"https:\/\/i0.wp.com\/textundblog.de\/wp-content\/anstalt31032015.jpg?resize=350%2C200&ssl=1","width":350,"height":200,"srcset":"https:\/\/i0.wp.com\/textundblog.de\/wp-content\/anstalt31032015.jpg?resize=350%2C200&ssl=1 1x, https:\/\/i0.wp.com\/textundblog.de\/wp-content\/anstalt31032015.jpg?resize=525%2C300&ssl=1 1.5x"},"classes":[]},{"id":4256,"url":"https:\/\/textundblog.de\/?p=4256","url_meta":{"origin":6682,"position":5},"title":"Palenque, Tikal und die Vorfreude auf Mexiko","author":"Markus","date":"24\/7\/2011","format":false,"excerpt":"Foto: Wikipedia Heute morgen ist auf Quetzal, einem wirklich sehr empfehlenswerten Portal f\u00fcr alle, die sich f\u00fcr Lateinamerika interessieren, ein Artikel \u00fcber die Maya-St\u00e4tten Palenque (im S\u00fcden Mexikos) und Tikal (im Norden Guatelmalas) erschienen, den ich mit gro\u00dfem Interesse gelesen habe: Beide arch\u00e4ologischen St\u00e4tten haben den Ruf, zu den sch\u00f6nsten\u2026","rel":"","context":"In &quot;Spanisch&quot;","block_context":{"text":"Spanisch","link":"https:\/\/textundblog.de\/?cat=8"},"img":{"alt_text":"","src":"https:\/\/i0.wp.com\/textundblog.de\/wp-content\/palenque.jpg?resize=350%2C200&ssl=1","width":350,"height":200},"classes":[]}],"_links":{"self":[{"href":"https:\/\/textundblog.de\/index.php?rest_route=\/wp\/v2\/posts\/6682","targetHints":{"allow":["GET"]}}],"collection":[{"href":"https:\/\/textundblog.de\/index.php?rest_route=\/wp\/v2\/posts"}],"about":[{"href":"https:\/\/textundblog.de\/index.php?rest_route=\/wp\/v2\/types\/post"}],"author":[{"embeddable":true,"href":"https:\/\/textundblog.de\/index.php?rest_route=\/wp\/v2\/users\/1"}],"replies":[{"embeddable":true,"href":"https:\/\/textundblog.de\/index.php?rest_route=%2Fwp%2Fv2%2Fcomments&post=6682"}],"version-history":[{"count":0,"href":"https:\/\/textundblog.de\/index.php?rest_route=\/wp\/v2\/posts\/6682\/revisions"}],"wp:attachment":[{"href":"https:\/\/textundblog.de\/index.php?rest_route=%2Fwp%2Fv2%2Fmedia&parent=6682"}],"wp:term":[{"taxonomy":"category","embeddable":true,"href":"https:\/\/textundblog.de\/index.php?rest_route=%2Fwp%2Fv2%2Fcategories&post=6682"},{"taxonomy":"post_tag","embeddable":true,"href":"https:\/\/textundblog.de\/index.php?rest_route=%2Fwp%2Fv2%2Ftags&post=6682"}],"curies":[{"name":"wp","href":"https:\/\/api.w.org\/{rel}","templated":true}]}}