{"id":6680,"date":"2015-06-29T22:42:45","date_gmt":"2015-06-29T20:42:45","guid":{"rendered":"http:\/\/textundblog.de\/?p=6680"},"modified":"2015-06-29T22:43:35","modified_gmt":"2015-06-29T20:43:35","slug":"deichkind-selber-machen-lassen","status":"publish","type":"post","link":"https:\/\/textundblog.de\/?p=6680","title":{"rendered":"Deichkind &#8211; Selber Machen Lassen"},"content":{"rendered":"<p>\u00ab<em>Alles muss man selber machen lassen<\/em>\u00bb. Hab den Song von Deichkind heute Morgen noch auf dem Weg zur Arbeit geh\u00f6rt, jetzt \u00fcber das gro\u00dfartige Video gestolpert:<\/p>\n<p><span class=\"embed-youtube\" style=\"text-align:center; display: block;\"><iframe loading=\"lazy\" class=\"youtube-player\" width=\"640\" height=\"360\" src=\"https:\/\/www.youtube.com\/embed\/dapqMeQCdcs?version=3&#038;rel=1&#038;showsearch=0&#038;showinfo=1&#038;iv_load_policy=1&#038;fs=1&#038;hl=de-DE&#038;autohide=2&#038;wmode=transparent\" allowfullscreen=\"true\" style=\"border:0;\" sandbox=\"allow-scripts allow-same-origin allow-popups allow-presentation allow-popups-to-escape-sandbox\"><\/iframe><\/span><\/p>\n<p>\u00ab<em>Je weniger Du selbst machst, desto weniger machste auch falsch.<\/em>\u00bb<\/p>\n<p><a href=\"https:\/\/youtu.be\/dapqMeQCdcs\"><img data-recalc-dims=\"1\" loading=\"lazy\" decoding=\"async\" data-attachment-id=\"6681\" data-permalink=\"https:\/\/textundblog.de\/?attachment_id=6681\" data-orig-file=\"https:\/\/i0.wp.com\/textundblog.de\/wp-content\/deichkind-selbermachen.jpg?fit=800%2C445&amp;ssl=1\" data-orig-size=\"800,445\" data-comments-opened=\"1\" data-image-meta=\"{&quot;aperture&quot;:&quot;0&quot;,&quot;credit&quot;:&quot;&quot;,&quot;camera&quot;:&quot;&quot;,&quot;caption&quot;:&quot;&quot;,&quot;created_timestamp&quot;:&quot;0&quot;,&quot;copyright&quot;:&quot;&quot;,&quot;focal_length&quot;:&quot;0&quot;,&quot;iso&quot;:&quot;0&quot;,&quot;shutter_speed&quot;:&quot;0&quot;,&quot;title&quot;:&quot;&quot;,&quot;orientation&quot;:&quot;0&quot;}\" data-image-title=\"deichkind-selbermachen\" data-image-description=\"\" data-image-caption=\"\" data-large-file=\"https:\/\/i0.wp.com\/textundblog.de\/wp-content\/deichkind-selbermachen.jpg?fit=800%2C445&amp;ssl=1\" title=\"Deichkind - Selber Machen Lassen\"  src=\"https:\/\/i0.wp.com\/textundblog.de\/wp-content\/deichkind-selbermachen.jpg?resize=800%2C445&#038;ssl=1\" alt=\"Deichkind - Selber Machen Lassen\" width=\"800\" height=\"445\" class=\"alignnone size-full wp-image-6681\" srcset=\"https:\/\/i0.wp.com\/textundblog.de\/wp-content\/deichkind-selbermachen.jpg?w=800&amp;ssl=1 800w, https:\/\/i0.wp.com\/textundblog.de\/wp-content\/deichkind-selbermachen.jpg?resize=300%2C167&amp;ssl=1 300w\" sizes=\"auto, (max-width: 800px) 100vw, 800px\" \/><\/a><\/p>\n<p>[via <a href=\"https:\/\/twitter.com\/assbach\/status\/615615466694905860\">@assbach<\/a>]<\/p>\n","protected":false},"excerpt":{"rendered":"<p>\u00abAlles muss man selber machen lassen\u00bb. Hab den Song von Deichkind heute Morgen noch auf dem Weg zur Arbeit geh\u00f6rt, jetzt \u00fcber das gro\u00dfartige Video gestolpert: \u00abJe weniger Du selbst machst, desto weniger machste auch falsch.\u00bb [via @assbach]<\/p>\n","protected":false},"author":1,"featured_media":0,"comment_status":"open","ping_status":"open","sticky":false,"template":"","format":"standard","meta":{"site-sidebar-layout":"default","site-content-layout":"","ast-site-content-layout":"default","site-content-style":"default","site-sidebar-style":"default","ast-global-header-display":"","ast-banner-title-visibility":"","ast-main-header-display":"","ast-hfb-above-header-display":"","ast-hfb-below-header-display":"","ast-hfb-mobile-header-display":"","site-post-title":"","ast-breadcrumbs-content":"","ast-featured-img":"","footer-sml-layout":"","theme-transparent-header-meta":"","adv-header-id-meta":"","stick-header-meta":"","header-above-stick-meta":"","header-main-stick-meta":"","header-below-stick-meta":"","astra-migrate-meta-layouts":"default","ast-page-background-enabled":"default","ast-page-background-meta":{"desktop":{"background-color":"var(--ast-global-color-4)","background-image":"","background-repeat":"repeat","background-position":"center center","background-size":"auto","background-attachment":"scroll","background-type":"","background-media":"","overlay-type":"","overlay-color":"","overlay-opacity":"","overlay-gradient":""},"tablet":{"background-color":"","background-image":"","background-repeat":"repeat","background-position":"center center","background-size":"auto","background-attachment":"scroll","background-type":"","background-media":"","overlay-type":"","overlay-color":"","overlay-opacity":"","overlay-gradient":""},"mobile":{"background-color":"","background-image":"","background-repeat":"repeat","background-position":"center center","background-size":"auto","background-attachment":"scroll","background-type":"","background-media":"","overlay-type":"","overlay-color":"","overlay-opacity":"","overlay-gradient":""}},"ast-content-background-meta":{"desktop":{"background-color":"var(--ast-global-color-5)","background-image":"","background-repeat":"repeat","background-position":"center center","background-size":"auto","background-attachment":"scroll","background-type":"","background-media":"","overlay-type":"","overlay-color":"","overlay-opacity":"","overlay-gradient":""},"tablet":{"background-color":"var(--ast-global-color-5)","background-image":"","background-repeat":"repeat","background-position":"center center","background-size":"auto","background-attachment":"scroll","background-type":"","background-media":"","overlay-type":"","overlay-color":"","overlay-opacity":"","overlay-gradient":""},"mobile":{"background-color":"var(--ast-global-color-5)","background-image":"","background-repeat":"repeat","background-position":"center center","background-size":"auto","background-attachment":"scroll","background-type":"","background-media":"","overlay-type":"","overlay-color":"","overlay-opacity":"","overlay-gradient":""}},"ngg_post_thumbnail":0,"jetpack_post_was_ever_published":false,"_jetpack_newsletter_access":"","_jetpack_dont_email_post_to_subs":false,"_jetpack_newsletter_tier_id":0,"_jetpack_memberships_contains_paywalled_content":false,"_jetpack_memberships_contains_paid_content":false,"footnotes":""},"categories":[7,18],"tags":[],"class_list":["post-6680","post","type-post","status-publish","format-standard","hentry","category-musik","category-video"],"jetpack_featured_media_url":"","jetpack_sharing_enabled":true,"jetpack_shortlink":"https:\/\/wp.me\/p4uzZ-1JK","jetpack-related-posts":[{"id":8669,"url":"https:\/\/textundblog.de\/?p=8669","url_meta":{"origin":6680,"position":0},"title":"Spaziergang am Deich in Wedel","author":"Markus","date":"15\/7\/2018","format":false,"excerpt":"Bin gestern Abend bei lieben Menschen in Wedel gewesen und wir haben am Abend einen Spaziergang entlang des Deiches (bei F\u00e4hrmannssand, siehe Google Maps) gemacht. Die dort aufgenommenen Bilder m\u00f6chte ich gerne mit euch teilen. Es war wirklich so, wie ich auch auf Twitter schrieb: https:\/\/twitter.com\/textundblog\/status\/1018393388083802112 Hier eine kleine Bildergalerie,\u2026","rel":"","context":"In &quot;Foto&quot;","block_context":{"text":"Foto","link":"https:\/\/textundblog.de\/?cat=10"},"img":{"alt_text":"","src":"https:\/\/i0.wp.com\/textundblog.de\/wp-content\/E5F42D4C-1EAE-45DE-B099-C689E4A2F298.jpeg?resize=350%2C200","width":350,"height":200,"srcset":"https:\/\/i0.wp.com\/textundblog.de\/wp-content\/E5F42D4C-1EAE-45DE-B099-C689E4A2F298.jpeg?resize=350%2C200 1x, https:\/\/i0.wp.com\/textundblog.de\/wp-content\/E5F42D4C-1EAE-45DE-B099-C689E4A2F298.jpeg?resize=525%2C300 1.5x, https:\/\/i0.wp.com\/textundblog.de\/wp-content\/E5F42D4C-1EAE-45DE-B099-C689E4A2F298.jpeg?resize=700%2C400 2x, https:\/\/i0.wp.com\/textundblog.de\/wp-content\/E5F42D4C-1EAE-45DE-B099-C689E4A2F298.jpeg?resize=1050%2C600 3x, https:\/\/i0.wp.com\/textundblog.de\/wp-content\/E5F42D4C-1EAE-45DE-B099-C689E4A2F298.jpeg?resize=1400%2C800 4x"},"classes":[]},{"id":1473,"url":"https:\/\/textundblog.de\/?p=1473","url_meta":{"origin":6680,"position":1},"title":"Mit Qype Hamburg entdecken","author":"Markus","date":"2\/3\/2007","format":false,"excerpt":"Manchmal lernt man in einer Qype-Rezension mehr \u00fcber eine Stadt, als in jedem Reisef\u00fchrer. Beispiel: Der Maler Andreas Schieweck schreibt heute in dem Empfehlungsportal Qype \u00fcber die Bunth\u00e4user-Spitze: Die wenigsten Hamburger wissen, da\u00df in Wilhelmsburg nicht nur soziales Elend in tristen Ghettos regiert, sondern auch landschaftliche Sch\u00f6nheiten zu finden sind:\u2026","rel":"","context":"In &quot;Artikel&quot;","block_context":{"text":"Artikel","link":"https:\/\/textundblog.de\/?cat=5"},"img":{"alt_text":"","src":"","width":0,"height":0},"classes":[]},{"id":9813,"url":"https:\/\/textundblog.de\/?p=9813","url_meta":{"origin":6680,"position":2},"title":"Radtour in den Obstgarten in Haseldorf","author":"Markus","date":"10\/5\/2021","format":false,"excerpt":"Bei sommerlichen Temperaturen habe ich gestern einen Ausflug in den Obstgarten in Haseldorf gemacht, von dem ich hier ein paar Bilder zeigen m\u00f6chte. Von Hamburg aus kann man sehr gut mit der S-Bahn bis Wedel fahren und, wenn man das Rad dabei hat, die 13 km entlang des Deichs bis\u2026","rel":"","context":"In &quot;Foto&quot;","block_context":{"text":"Foto","link":"https:\/\/textundblog.de\/?cat=10"},"img":{"alt_text":"","src":"https:\/\/i0.wp.com\/textundblog.de\/wp-content\/29F26040-9A1F-435C-AC71-CB1AADF9B842-scaled.jpeg?resize=350%2C200","width":350,"height":200,"srcset":"https:\/\/i0.wp.com\/textundblog.de\/wp-content\/29F26040-9A1F-435C-AC71-CB1AADF9B842-scaled.jpeg?resize=350%2C200 1x, https:\/\/i0.wp.com\/textundblog.de\/wp-content\/29F26040-9A1F-435C-AC71-CB1AADF9B842-scaled.jpeg?resize=525%2C300 1.5x, https:\/\/i0.wp.com\/textundblog.de\/wp-content\/29F26040-9A1F-435C-AC71-CB1AADF9B842-scaled.jpeg?resize=700%2C400 2x, https:\/\/i0.wp.com\/textundblog.de\/wp-content\/29F26040-9A1F-435C-AC71-CB1AADF9B842-scaled.jpeg?resize=1050%2C600 3x, https:\/\/i0.wp.com\/textundblog.de\/wp-content\/29F26040-9A1F-435C-AC71-CB1AADF9B842-scaled.jpeg?resize=1400%2C800 4x"},"classes":[]},{"id":9082,"url":"https:\/\/textundblog.de\/?p=9082","url_meta":{"origin":6680,"position":3},"title":"Entspannen auf Sylt &#8211; Vier Tage auf dem Campingplatz in Rantum","author":"Markus","date":"30\/6\/2019","format":false,"excerpt":"Letzte Woche hab ich spontan einen Kurzurlaub auf Sylt eingelegt. Mit einem Freund hab ich f\u00fcr vier Tage via Airbnb einen Wohnwagen auf dem Campingplatz in Rantum gemietet und endlich mal die Insel \u00fcber die im letzten Jahr schon gesch\u00e4tzten Tagesbesuche von Hamburg aus kennen gelernt. Es war gro\u00dfartig. Erinnerungen\u2026","rel":"","context":"In &quot;Foto&quot;","block_context":{"text":"Foto","link":"https:\/\/textundblog.de\/?cat=10"},"img":{"alt_text":"","src":"https:\/\/i0.wp.com\/textundblog.de\/wp-content\/4B4E3E84-5226-423F-B80F-7F475DC58786.jpeg?resize=350%2C200","width":350,"height":200,"srcset":"https:\/\/i0.wp.com\/textundblog.de\/wp-content\/4B4E3E84-5226-423F-B80F-7F475DC58786.jpeg?resize=350%2C200 1x, https:\/\/i0.wp.com\/textundblog.de\/wp-content\/4B4E3E84-5226-423F-B80F-7F475DC58786.jpeg?resize=525%2C300 1.5x, https:\/\/i0.wp.com\/textundblog.de\/wp-content\/4B4E3E84-5226-423F-B80F-7F475DC58786.jpeg?resize=700%2C400 2x, https:\/\/i0.wp.com\/textundblog.de\/wp-content\/4B4E3E84-5226-423F-B80F-7F475DC58786.jpeg?resize=1050%2C600 3x, https:\/\/i0.wp.com\/textundblog.de\/wp-content\/4B4E3E84-5226-423F-B80F-7F475DC58786.jpeg?resize=1400%2C800 4x"},"classes":[]},{"id":1570,"url":"https:\/\/textundblog.de\/?p=1570","url_meta":{"origin":6680,"position":4},"title":"Radtour nach Jork","author":"Markus","date":"24\/4\/2007","format":false,"excerpt":"Gestern habe ich mit meinen Stabi-Kollegen Jenni und Henning die erste Radtour f\u00fcr dieses Jahr gemacht. Bei Traumwetter das Alte Land in Jork in voller Bl\u00fcte erlebt, eine beeindruckende Hubbr\u00fccke bei Cranz in farbenpr\u00e4chtiger Aktion bestaunt, den Kollegen auf der Picknickwiese meine Joga-Kunstst\u00fccke vorgef\u00fchrt und \u00fcberhaupt einen wunderbaren Tag bei\u2026","rel":"","context":"In &quot;Foto&quot;","block_context":{"text":"Foto","link":"https:\/\/textundblog.de\/?cat=10"},"img":{"alt_text":"'Fotomix Jork' von textundblog","src":"http:\/\/de.sevenload.com\/im\/U80hNLo\/450x337","width":350,"height":200},"classes":[]},{"id":1589,"url":"https:\/\/textundblog.de\/?p=1589","url_meta":{"origin":6680,"position":5},"title":"Radtour rund um Wilhelmsburg","author":"Markus","date":"10\/5\/2007","format":false,"excerpt":"Und nun, nach dem Museumsartikel, der zweite Nachtrag zum letzten Wochenende, den ich hier (\u00abZwei Platzhalterjungs\u00bb) schon angek\u00fcndigt hatte: Die \"Betriebssportgruppe Stabi Hamburg\" (Jenni, Henning und ich) war am Sonntag wieder einmal mit dem Rad in Hamburg unterwegs, diesmal Richtung Wilhelmsburg, mit dem Ziel \u00abStrand am Finkenrieker Hauptdeich\u00bb (laut Hamburger\u2026","rel":"","context":"In &quot;Foto&quot;","block_context":{"text":"Foto","link":"https:\/\/textundblog.de\/?cat=10"},"img":{"alt_text":"Aussichtsturm Bunth\u00e4user Spitze","src":"http:\/\/de.sevenload.com\/im\/sLrvHDX\/450x338","width":350,"height":200},"classes":[]}],"_links":{"self":[{"href":"https:\/\/textundblog.de\/index.php?rest_route=\/wp\/v2\/posts\/6680","targetHints":{"allow":["GET"]}}],"collection":[{"href":"https:\/\/textundblog.de\/index.php?rest_route=\/wp\/v2\/posts"}],"about":[{"href":"https:\/\/textundblog.de\/index.php?rest_route=\/wp\/v2\/types\/post"}],"author":[{"embeddable":true,"href":"https:\/\/textundblog.de\/index.php?rest_route=\/wp\/v2\/users\/1"}],"replies":[{"embeddable":true,"href":"https:\/\/textundblog.de\/index.php?rest_route=%2Fwp%2Fv2%2Fcomments&post=6680"}],"version-history":[{"count":0,"href":"https:\/\/textundblog.de\/index.php?rest_route=\/wp\/v2\/posts\/6680\/revisions"}],"wp:attachment":[{"href":"https:\/\/textundblog.de\/index.php?rest_route=%2Fwp%2Fv2%2Fmedia&parent=6680"}],"wp:term":[{"taxonomy":"category","embeddable":true,"href":"https:\/\/textundblog.de\/index.php?rest_route=%2Fwp%2Fv2%2Fcategories&post=6680"},{"taxonomy":"post_tag","embeddable":true,"href":"https:\/\/textundblog.de\/index.php?rest_route=%2Fwp%2Fv2%2Ftags&post=6680"}],"curies":[{"name":"wp","href":"https:\/\/api.w.org\/{rel}","templated":true}]}}