{"id":6679,"date":"2015-06-26T15:43:18","date_gmt":"2015-06-26T13:43:18","guid":{"rendered":"http:\/\/textundblog.de\/?p=6679"},"modified":"2015-06-26T15:43:18","modified_gmt":"2015-06-26T13:43:18","slug":"alle-fuer-einen-und-twitter-fuer-alle","status":"publish","type":"post","link":"https:\/\/textundblog.de\/?p=6679","title":{"rendered":"Alle f\u00fcr einen und Twitter f\u00fcr alle!"},"content":{"rendered":"<p><a href=\"https:\/\/textundblog.de\/?tag=tweetderwoche\"> <img loading=\"lazy\" decoding=\"async\" src=\"wp-images\/tweetderwoche2-200x96.jpg\" alt=\"Tweet der Woche\" title=\"Tweet der Woche\" height=\"96\" width=\"200\" class=\"bildrechts\" \/><\/a> Es ist Alexandre Dumas, der bereits im Jahre 1870 das Zeitliche gesegnet hatte, kein Vorwurf zu machen, in seinem \u0152uvre das Internet nicht vorhergesehen zu haben. Aber es ist dem <em>twitteur<\/em> <a href=\"https:\/\/twitter.com\/_kid37\">@kid37<\/a> hoch anzurechnen, die neuzeitliche Analogie des Netzes zum Hauptwerk des franz\u00f6sischen Schriftstellers im <em>Tweet der Woche<\/em> herzustellen:<\/p>\n<blockquote class=\"twitter-tweet\" data-width=\"500\" data-dnt=\"true\">\n<p lang=\"de\" dir=\"ltr\">Die drei Musketiere des Internets: Pathos, Arglos und D&#39;Atenwahn.<\/p>\n<p>&mdash; kid37 (@_kid37) <a href=\"https:\/\/twitter.com\/_kid37\/status\/614023114024964097?ref_src=twsrc%5Etfw\">June 25, 2015<\/a><\/p><\/blockquote>\n<p><script async src=\"https:\/\/platform.twitter.com\/widgets.js\" charset=\"utf-8\"><\/script><\/p>\n<p>Hier geht&#8217;s zu den vergangenen <a href=\"https:\/\/textundblog.de\/?tag=tweetderwoche\">Tweets der Woche<\/a>.<\/p>\n","protected":false},"excerpt":{"rendered":"<p>Es ist Alexandre Dumas, der bereits im Jahre 1870 das Zeitliche gesegnet hatte, kein Vorwurf zu machen, in seinem \u0152uvre das Internet nicht vorhergesehen zu haben. Aber es ist dem twitteur @kid37 hoch anzurechnen, die neuzeitliche Analogie des Netzes zum Hauptwerk des franz\u00f6sischen Schriftstellers im Tweet der Woche herzustellen: Die drei Musketiere des Internets: Pathos, [&hellip;]<\/p>\n","protected":false},"author":1,"featured_media":0,"comment_status":"open","ping_status":"open","sticky":false,"template":"","format":"standard","meta":{"site-sidebar-layout":"default","site-content-layout":"","ast-site-content-layout":"default","site-content-style":"default","site-sidebar-style":"default","ast-global-header-display":"","ast-banner-title-visibility":"","ast-main-header-display":"","ast-hfb-above-header-display":"","ast-hfb-below-header-display":"","ast-hfb-mobile-header-display":"","site-post-title":"","ast-breadcrumbs-content":"","ast-featured-img":"","footer-sml-layout":"","theme-transparent-header-meta":"","adv-header-id-meta":"","stick-header-meta":"","header-above-stick-meta":"","header-main-stick-meta":"","header-below-stick-meta":"","astra-migrate-meta-layouts":"default","ast-page-background-enabled":"default","ast-page-background-meta":{"desktop":{"background-color":"var(--ast-global-color-4)","background-image":"","background-repeat":"repeat","background-position":"center center","background-size":"auto","background-attachment":"scroll","background-type":"","background-media":"","overlay-type":"","overlay-color":"","overlay-opacity":"","overlay-gradient":""},"tablet":{"background-color":"","background-image":"","background-repeat":"repeat","background-position":"center center","background-size":"auto","background-attachment":"scroll","background-type":"","background-media":"","overlay-type":"","overlay-color":"","overlay-opacity":"","overlay-gradient":""},"mobile":{"background-color":"","background-image":"","background-repeat":"repeat","background-position":"center center","background-size":"auto","background-attachment":"scroll","background-type":"","background-media":"","overlay-type":"","overlay-color":"","overlay-opacity":"","overlay-gradient":""}},"ast-content-background-meta":{"desktop":{"background-color":"var(--ast-global-color-5)","background-image":"","background-repeat":"repeat","background-position":"center center","background-size":"auto","background-attachment":"scroll","background-type":"","background-media":"","overlay-type":"","overlay-color":"","overlay-opacity":"","overlay-gradient":""},"tablet":{"background-color":"var(--ast-global-color-5)","background-image":"","background-repeat":"repeat","background-position":"center center","background-size":"auto","background-attachment":"scroll","background-type":"","background-media":"","overlay-type":"","overlay-color":"","overlay-opacity":"","overlay-gradient":""},"mobile":{"background-color":"var(--ast-global-color-5)","background-image":"","background-repeat":"repeat","background-position":"center center","background-size":"auto","background-attachment":"scroll","background-type":"","background-media":"","overlay-type":"","overlay-color":"","overlay-opacity":"","overlay-gradient":""}},"ngg_post_thumbnail":0,"jetpack_post_was_ever_published":false,"_jetpack_newsletter_access":"","_jetpack_dont_email_post_to_subs":false,"_jetpack_newsletter_tier_id":0,"_jetpack_memberships_contains_paywalled_content":false,"_jetpack_memberships_contains_paid_content":false,"footnotes":""},"categories":[33,11],"tags":[77],"class_list":["post-6679","post","type-post","status-publish","format-standard","hentry","category-twitter","category-literatur","tag-tweetderwoche"],"jetpack_featured_media_url":"","jetpack_sharing_enabled":true,"jetpack_shortlink":"https:\/\/wp.me\/p4uzZ-1JJ","jetpack-related-posts":[{"id":6500,"url":"https:\/\/textundblog.de\/?p=6500","url_meta":{"origin":6679,"position":0},"title":"Tweet der Woche: #JeSuisCharlie","author":"Markus","date":"9\/1\/2015","format":false,"excerpt":"Selbstverst\u00e4ndlich kann es in dieser Woche nur einen Tweet der Woche geben, stellvertretend f\u00fcr all die Millionen Tweets, die mit dem in der Geschichte von Twitter bisher mit am h\u00e4ufigsten gebrauchten Hashtag #JeSuisCharlie (Quelle) geschrieben wurden. Verfasst wurde der Tweet der Woche von @joachimroncin. Die Geschichte dahinter erkl\u00e4rt die SZ\u2026","rel":"","context":"In &quot;Bluesky&quot;","block_context":{"text":"Bluesky","link":"https:\/\/textundblog.de\/?cat=33"},"img":{"alt_text":"Tweet der Woche","src":"wp-images\/tweetderwoche2-200x96.jpg","width":350,"height":200},"classes":[]},{"id":10596,"url":"https:\/\/textundblog.de\/?p=10596","url_meta":{"origin":6679,"position":1},"title":"Rien ne va plus &#8211; der letzte Tweet der Woche","author":"Markus","date":"15\/10\/2023","format":false,"excerpt":"Seit dem 25.11.2011 habe ich hier im Blog den \u201eTweet der Woche\u201c vorgestellt. Da sich Twitter zu unser aller Bedauern im Niedergang befindet und von dramatischem Nutzer:innen-Schwund gekennzeichnet ist, wird die heutige 485. (!) Ausgabe der Reihe auch die letzte Folge sein. Bei der wie immer schwierigen Auswahl des Tweets\u2026","rel":"","context":"In &quot;Bluesky&quot;","block_context":{"text":"Bluesky","link":"https:\/\/textundblog.de\/?cat=33"},"img":{"alt_text":"Tweet der Woche","src":"wp-images\/tweetderwoche2-200x96.jpg","width":350,"height":200},"classes":[]},{"id":8147,"url":"https:\/\/textundblog.de\/?p=8147","url_meta":{"origin":6679,"position":2},"title":"Auf Twitter den ganzen Tag im Bilde","author":"Markus","date":"28\/10\/2017","format":false,"excerpt":"Ein Tag auf Twitter. Beinahe alle Twitter-Themen im chronologischen Ablauf eines Tages bildlich dargestellt. F\u00fcr mich der Tweet der Woche: https:\/\/twitter.com\/mt20323813\/status\/923512865260220416 Hier geht's zu den vergangenen Tweets der Woche.","rel":"","context":"In &quot;Bluesky&quot;","block_context":{"text":"Bluesky","link":"https:\/\/textundblog.de\/?cat=33"},"img":{"alt_text":"Tweet der Woche","src":"wp-images\/tweetderwoche2-200x96.jpg","width":350,"height":200},"classes":[]},{"id":5540,"url":"https:\/\/textundblog.de\/?p=5540","url_meta":{"origin":6679,"position":3},"title":"Twitter ist mehr als das Verfassen von 140 Zeichen","author":"Markus","date":"2\/8\/2013","format":false,"excerpt":"Was kann eine Mutter Besseres tun, als ihrem Sohn ein lebenswichtiges Organ zu spenden? Sie kann zum Beispiel auch noch anfangen zu twittern. Der Westen hat den Hintergrund im Artikel \u00abWie @Fischblog seine Nierentransplantation zum Twitter-Thema macht\u00bb geschildert. Der Tweet der Woche, stellvertretend f\u00fcr die Heldentat von @MuddiFischblog, die ihrem\u2026","rel":"","context":"In &quot;Bluesky&quot;","block_context":{"text":"Bluesky","link":"https:\/\/textundblog.de\/?cat=33"},"img":{"alt_text":"","src":"https:\/\/i0.wp.com\/textundblog.de\/wp-content\/terrorzicke-tdw082013.png?resize=350%2C200&ssl=1","width":350,"height":200},"classes":[]},{"id":4844,"url":"https:\/\/textundblog.de\/?p=4844","url_meta":{"origin":6679,"position":4},"title":"Tweet der Woche: Uebersetzer-Aufopferung","author":"Markus","date":"10\/8\/2012","format":false,"excerpt":"Bisher ist es mir noch nie so leicht gefallen, gegen Ende der Woche den \u00abTweet der Woche\u00bb zu bestimmen. Und ich mache das, seit dem Darniederliegen von Twitkrit, immerhin auch schon wieder seit einem Dreivierteljahr. Der ausgew\u00e4hlte Tweet steht dabei exemplarisch f\u00fcr eine ganze Tweet-Serie, mit der die Autorin tagelang\u2026","rel":"","context":"In &quot;Bluesky&quot;","block_context":{"text":"Bluesky","link":"https:\/\/textundblog.de\/?cat=33"},"img":{"alt_text":"Tweet der Woche von @uebersetzer","src":"https:\/\/i0.wp.com\/textundblog.de\/wp-content\/uebersetzer-tdw082012.png?resize=350%2C200&ssl=1","width":350,"height":200},"classes":[]},{"id":7810,"url":"https:\/\/textundblog.de\/?p=7810","url_meta":{"origin":6679,"position":5},"title":"Foto-Meme zu Merkel bei Trump","author":"Markus","date":"24\/3\/2017","format":false,"excerpt":"Stellvertretend f\u00fcr all die wunderbaren Ideen rund um das Meme zum Foto von Merkels Besuch bei Trump hab ich diesen Tweet von @astroehlein als meinen pers\u00f6nlichen Tweet der Woche ausgew\u00e4hlt: https:\/\/twitter.com\/astroehlein\/status\/843026997689434112 Social Media pr\u00e4sentiert in solchen Memes seine eigenen alternativen Fakten \u00fcber den Wahnsinnigen aus Washington. Neuester Coup: Trump hat\u2026","rel":"","context":"In &quot;Bluesky&quot;","block_context":{"text":"Bluesky","link":"https:\/\/textundblog.de\/?cat=33"},"img":{"alt_text":"Tweet der Woche","src":"wp-images\/tweetderwoche2-200x96.jpg","width":350,"height":200},"classes":[]}],"_links":{"self":[{"href":"https:\/\/textundblog.de\/index.php?rest_route=\/wp\/v2\/posts\/6679","targetHints":{"allow":["GET"]}}],"collection":[{"href":"https:\/\/textundblog.de\/index.php?rest_route=\/wp\/v2\/posts"}],"about":[{"href":"https:\/\/textundblog.de\/index.php?rest_route=\/wp\/v2\/types\/post"}],"author":[{"embeddable":true,"href":"https:\/\/textundblog.de\/index.php?rest_route=\/wp\/v2\/users\/1"}],"replies":[{"embeddable":true,"href":"https:\/\/textundblog.de\/index.php?rest_route=%2Fwp%2Fv2%2Fcomments&post=6679"}],"version-history":[{"count":0,"href":"https:\/\/textundblog.de\/index.php?rest_route=\/wp\/v2\/posts\/6679\/revisions"}],"wp:attachment":[{"href":"https:\/\/textundblog.de\/index.php?rest_route=%2Fwp%2Fv2%2Fmedia&parent=6679"}],"wp:term":[{"taxonomy":"category","embeddable":true,"href":"https:\/\/textundblog.de\/index.php?rest_route=%2Fwp%2Fv2%2Fcategories&post=6679"},{"taxonomy":"post_tag","embeddable":true,"href":"https:\/\/textundblog.de\/index.php?rest_route=%2Fwp%2Fv2%2Ftags&post=6679"}],"curies":[{"name":"wp","href":"https:\/\/api.w.org\/{rel}","templated":true}]}}