{"id":6677,"date":"2015-06-23T10:40:03","date_gmt":"2015-06-23T08:40:03","guid":{"rendered":"http:\/\/textundblog.de\/?p=6677"},"modified":"2015-06-23T10:40:03","modified_gmt":"2015-06-23T08:40:03","slug":"tim-burton-unter-einfluss-des-deutschen-expressionismus","status":"publish","type":"post","link":"https:\/\/textundblog.de\/?p=6677","title":{"rendered":"Tim Burton unter Einfluss des deutschen Expressionismus&#8216;"},"content":{"rendered":"<p><iframe loading=\"lazy\" src=\"https:\/\/player.vimeo.com\/video\/130795708?color=bd0606\" width=\"800\" height=\"450\" frameborder=\"0\" webkitallowfullscreen mozallowfullscreen allowfullscreen><\/iframe> <\/p>\n<p><a href=\"https:\/\/vimeo.com\/130795708\">Tim Burton: A German Expressionism Influence<\/a> from <a href=\"https:\/\/vimeo.com\/user40874692\">Cinema Sem Lei<\/a> auf <a href=\"https:\/\/vimeo.com\">Vimeo<\/a>.<\/p>\n<p>In der Kunst nichts Neues, aber f\u00fcrs Kino selten so pr\u00e4zise vorgef\u00fchrt wir in diesem kurzen Video: es kommt alles wieder. Zum Beispiel der Expressionismus des fr\u00fchen deutschen Kinos in den Lichtbildwerken von Tim Burton. Grandios.<\/p>\n<p><a href=\"https:\/\/vimeo.com\/130795708\"><img data-recalc-dims=\"1\" loading=\"lazy\" decoding=\"async\" data-attachment-id=\"6678\" data-permalink=\"https:\/\/textundblog.de\/?attachment_id=6678\" data-orig-file=\"https:\/\/i0.wp.com\/textundblog.de\/wp-content\/expressionismus-burton.jpg?fit=800%2C452&amp;ssl=1\" data-orig-size=\"800,452\" data-comments-opened=\"1\" data-image-meta=\"{&quot;aperture&quot;:&quot;0&quot;,&quot;credit&quot;:&quot;&quot;,&quot;camera&quot;:&quot;&quot;,&quot;caption&quot;:&quot;&quot;,&quot;created_timestamp&quot;:&quot;0&quot;,&quot;copyright&quot;:&quot;&quot;,&quot;focal_length&quot;:&quot;0&quot;,&quot;iso&quot;:&quot;0&quot;,&quot;shutter_speed&quot;:&quot;0&quot;,&quot;title&quot;:&quot;&quot;,&quot;orientation&quot;:&quot;0&quot;}\" data-image-title=\"expressionismus-burton\" data-image-description=\"\" data-image-caption=\"\" data-large-file=\"https:\/\/i0.wp.com\/textundblog.de\/wp-content\/expressionismus-burton.jpg?fit=800%2C452&amp;ssl=1\" title=\"expressionismus-burton\" src=\"https:\/\/i0.wp.com\/textundblog.de\/wp-content\/expressionismus-burton.jpg?resize=800%2C452&#038;ssl=1\" alt=\"expressionismus-burton\" width=\"800\" height=\"452\" class=\"alignnone size-full wp-image-6678\" srcset=\"https:\/\/i0.wp.com\/textundblog.de\/wp-content\/expressionismus-burton.jpg?w=800&amp;ssl=1 800w, https:\/\/i0.wp.com\/textundblog.de\/wp-content\/expressionismus-burton.jpg?resize=300%2C170&amp;ssl=1 300w\" sizes=\"auto, (max-width: 800px) 100vw, 800px\" \/><\/a><\/p>\n<p>[via <a href=\"https:\/\/twitter.com\/umblaetterer\/status\/613262158684667904\">@umblaetterer<\/a>]<\/p>\n","protected":false},"excerpt":{"rendered":"<p>Tim Burton: A German Expressionism Influence from Cinema Sem Lei auf Vimeo. In der Kunst nichts Neues, aber f\u00fcrs Kino selten so pr\u00e4zise vorgef\u00fchrt wir in diesem kurzen Video: es kommt alles wieder. Zum Beispiel der Expressionismus des fr\u00fchen deutschen Kinos in den Lichtbildwerken von Tim Burton. Grandios. [via @umblaetterer]<\/p>\n","protected":false},"author":1,"featured_media":0,"comment_status":"open","ping_status":"open","sticky":false,"template":"","format":"standard","meta":{"site-sidebar-layout":"default","site-content-layout":"","ast-site-content-layout":"default","site-content-style":"default","site-sidebar-style":"default","ast-global-header-display":"","ast-banner-title-visibility":"","ast-main-header-display":"","ast-hfb-above-header-display":"","ast-hfb-below-header-display":"","ast-hfb-mobile-header-display":"","site-post-title":"","ast-breadcrumbs-content":"","ast-featured-img":"","footer-sml-layout":"","theme-transparent-header-meta":"","adv-header-id-meta":"","stick-header-meta":"","header-above-stick-meta":"","header-main-stick-meta":"","header-below-stick-meta":"","astra-migrate-meta-layouts":"default","ast-page-background-enabled":"default","ast-page-background-meta":{"desktop":{"background-color":"var(--ast-global-color-4)","background-image":"","background-repeat":"repeat","background-position":"center center","background-size":"auto","background-attachment":"scroll","background-type":"","background-media":"","overlay-type":"","overlay-color":"","overlay-opacity":"","overlay-gradient":""},"tablet":{"background-color":"","background-image":"","background-repeat":"repeat","background-position":"center center","background-size":"auto","background-attachment":"scroll","background-type":"","background-media":"","overlay-type":"","overlay-color":"","overlay-opacity":"","overlay-gradient":""},"mobile":{"background-color":"","background-image":"","background-repeat":"repeat","background-position":"center center","background-size":"auto","background-attachment":"scroll","background-type":"","background-media":"","overlay-type":"","overlay-color":"","overlay-opacity":"","overlay-gradient":""}},"ast-content-background-meta":{"desktop":{"background-color":"var(--ast-global-color-5)","background-image":"","background-repeat":"repeat","background-position":"center center","background-size":"auto","background-attachment":"scroll","background-type":"","background-media":"","overlay-type":"","overlay-color":"","overlay-opacity":"","overlay-gradient":""},"tablet":{"background-color":"var(--ast-global-color-5)","background-image":"","background-repeat":"repeat","background-position":"center center","background-size":"auto","background-attachment":"scroll","background-type":"","background-media":"","overlay-type":"","overlay-color":"","overlay-opacity":"","overlay-gradient":""},"mobile":{"background-color":"var(--ast-global-color-5)","background-image":"","background-repeat":"repeat","background-position":"center center","background-size":"auto","background-attachment":"scroll","background-type":"","background-media":"","overlay-type":"","overlay-color":"","overlay-opacity":"","overlay-gradient":""}},"ngg_post_thumbnail":0,"jetpack_post_was_ever_published":false,"_jetpack_newsletter_access":"","_jetpack_dont_email_post_to_subs":false,"_jetpack_newsletter_tier_id":0,"_jetpack_memberships_contains_paywalled_content":false,"_jetpack_memberships_contains_paid_content":false,"footnotes":""},"categories":[2,18],"tags":[],"class_list":["post-6677","post","type-post","status-publish","format-standard","hentry","category-kino","category-video"],"jetpack_featured_media_url":"","jetpack_sharing_enabled":true,"jetpack_shortlink":"https:\/\/wp.me\/p4uzZ-1JH","jetpack-related-posts":[{"id":3441,"url":"https:\/\/textundblog.de\/?p=3441","url_meta":{"origin":6677,"position":0},"title":"Alice im Web Wonderland","author":"Markus","date":"18\/3\/2010","format":false,"excerpt":"Alice im Wunderland ist durch die Neuverfilmung von Tim Burton (Trailer) zur Zeit wieder in aller Munde. So toll soll die ja gar nicht sein, was man so h\u00f6rt und liest. Wenn der gute Burton - wie viele vor ihm - den Stoff schon anpackt, und - das ist sein\u2026","rel":"","context":"In &quot;Internet&quot;","block_context":{"text":"Internet","link":"https:\/\/textundblog.de\/?cat=4"},"img":{"alt_text":"Alice gezeichnet von Lewis Carroll im Manuskript 'Alice's Adventures Under Ground' von 1864","src":"https:\/\/i0.wp.com\/textundblog.de\/wp-content\/alice-36.jpg?resize=350%2C200&ssl=1","width":350,"height":200},"classes":[]},{"id":4942,"url":"https:\/\/textundblog.de\/?p=4942","url_meta":{"origin":6677,"position":1},"title":"Martin Woutisseth: Breaking Bad &#8211; Illustrated","author":"Markus","date":"10\/9\/2012","format":false,"excerpt":"Breaking Bad - Illustrated from Martin Woutisseth on Vimeo. Die wunderbare Serie \u00abBreaking Bad\u00bb geh\u00f6rt wie Dexter (\u00abTiefgang und Spannung auf hohem Niveau\u00bb) zu den Serien, die ich im letzten Jahr f\u00fcr mich entdeckt habe und die zeigen, dass gro\u00dfartiges Kino durchaus im TV-Format funktionieren kann. Was der franz\u00f6sische Grafik-Designer\u2026","rel":"","context":"In &quot;TV&quot;","block_context":{"text":"TV","link":"https:\/\/textundblog.de\/?cat=3"},"img":{"alt_text":"Die Moncada-Br\u00fcder Luis und Daniel","src":"https:\/\/i0.wp.com\/textundblog.de\/wp-content\/bb-moncada.jpg?resize=350%2C200&ssl=1","width":350,"height":200},"classes":[]},{"id":1291,"url":"https:\/\/textundblog.de\/?p=1291","url_meta":{"origin":6677,"position":2},"title":"Alejandro Gonz\u00e1lez I\u00f1\u00e1rritu: Babel","author":"Markus","date":"13\/11\/2006","format":false,"excerpt":"Der mexikanische Regisseur Alejandro Gonz\u00e1lez I\u00f1\u00e1rritu hat einen Namen, den man sich schwer merken kann. Aber er macht Filme, die man so schnell nicht vergisst. Amores Perros etwa, die geniale Verfilmung des Drehbuchs von Guillermo Arriaga, die von der New York Times einmal als \u00abder erste Klassiker des neuen Jahrhunderts\u00bb\u2026","rel":"","context":"In &quot;Kino&quot;","block_context":{"text":"Kino","link":"https:\/\/textundblog.de\/?cat=2"},"img":{"alt_text":"","src":"","width":0,"height":0},"classes":[]},{"id":1335,"url":"https:\/\/textundblog.de\/?p=1335","url_meta":{"origin":6677,"position":3},"title":"Jack und Leonardo in Scorseses &#8218;The Departed&#8216;","author":"Markus","date":"5\/12\/2006","format":false,"excerpt":"Direktlink YouTube Waren eben noch zwei gro\u00dfe Blogger hier zu sehen, sind es nun zwei gro\u00dfe Schauspieler: Erst Robert & Juan, nun Jack & Leonardo. Martin Scorseses neuer Film \u00abThe Departed\u00bb startet am Donnerstag (7.12.06) in den deutschen Kinos. Starbesetzung: Jack Nicholson, Leonardo die Caprio, Matt Damon und Mark Wahlberg.\u2026","rel":"","context":"In &quot;Artikel&quot;","block_context":{"text":"Artikel","link":"https:\/\/textundblog.de\/?cat=5"},"img":{"alt_text":"","src":"","width":0,"height":0},"classes":[]},{"id":4778,"url":"https:\/\/textundblog.de\/?p=4778","url_meta":{"origin":6677,"position":4},"title":"Cinezo\u00efque &#8211; Gang durch die Filmgeschichte","author":"Markus","date":"7\/7\/2012","format":false,"excerpt":"Cinezo\u00efque - The Movie Time Line from Lait Noir on Vimeo. Cinezo\u00efque is the present Era, in which the Cinema leaves the screen and invades any surface. Cinezo\u00efque is an installation of 21 meters, a timeline, a walk through the history of Cinema where the path of the viewer joins\u2026","rel":"","context":"In &quot;Kino&quot;","block_context":{"text":"Kino","link":"https:\/\/textundblog.de\/?cat=2"},"img":{"alt_text":"","src":"","width":0,"height":0},"classes":[]},{"id":2474,"url":"https:\/\/textundblog.de\/?p=2474","url_meta":{"origin":6677,"position":5},"title":"Biene Maya und die 300 Spartiaten","author":"Markus","date":"29\/8\/2008","format":false,"excerpt":"Direktlink YouTube Ein wunderbares Beispiel, welchen Einfluss Schnitt und Musik auf unsere filmische Wahrnehmung aus\u00fcben, haben Christian und Tim geschaffen, indem sie den Trailer f\u00fcr einen der erfolgreichsten Filme des letzten Jahres, 300, mit Szenen aus vier Biene-Maya-Folgen gemixt haben. Gro\u00dfartig und ein zweieinhalbmin\u00fctiger Angriff auf die Lachmuskeln. [via Jan\u2026","rel":"","context":"In &quot;Kino&quot;","block_context":{"text":"Kino","link":"https:\/\/textundblog.de\/?cat=2"},"img":{"alt_text":"","src":"","width":0,"height":0},"classes":[]}],"_links":{"self":[{"href":"https:\/\/textundblog.de\/index.php?rest_route=\/wp\/v2\/posts\/6677","targetHints":{"allow":["GET"]}}],"collection":[{"href":"https:\/\/textundblog.de\/index.php?rest_route=\/wp\/v2\/posts"}],"about":[{"href":"https:\/\/textundblog.de\/index.php?rest_route=\/wp\/v2\/types\/post"}],"author":[{"embeddable":true,"href":"https:\/\/textundblog.de\/index.php?rest_route=\/wp\/v2\/users\/1"}],"replies":[{"embeddable":true,"href":"https:\/\/textundblog.de\/index.php?rest_route=%2Fwp%2Fv2%2Fcomments&post=6677"}],"version-history":[{"count":0,"href":"https:\/\/textundblog.de\/index.php?rest_route=\/wp\/v2\/posts\/6677\/revisions"}],"wp:attachment":[{"href":"https:\/\/textundblog.de\/index.php?rest_route=%2Fwp%2Fv2%2Fmedia&parent=6677"}],"wp:term":[{"taxonomy":"category","embeddable":true,"href":"https:\/\/textundblog.de\/index.php?rest_route=%2Fwp%2Fv2%2Fcategories&post=6677"},{"taxonomy":"post_tag","embeddable":true,"href":"https:\/\/textundblog.de\/index.php?rest_route=%2Fwp%2Fv2%2Ftags&post=6677"}],"curies":[{"name":"wp","href":"https:\/\/api.w.org\/{rel}","templated":true}]}}