{"id":6520,"date":"2015-01-23T10:31:09","date_gmt":"2015-01-23T09:31:09","guid":{"rendered":"http:\/\/textundblog.de\/?p=6520"},"modified":"2015-01-23T10:35:56","modified_gmt":"2015-01-23T09:35:56","slug":"julia-reda-heute-in-hamburg","status":"publish","type":"post","link":"https:\/\/textundblog.de\/?p=6520","title":{"rendered":"Julia Reda heute in Hamburg"},"content":{"rendered":"<p><img data-recalc-dims=\"1\" loading=\"lazy\" decoding=\"async\" data-attachment-id=\"6521\" data-permalink=\"https:\/\/textundblog.de\/?attachment_id=6521\" data-orig-file=\"https:\/\/i0.wp.com\/textundblog.de\/wp-content\/juliareda.jpg?fit=800%2C1200&amp;ssl=1\" data-orig-size=\"800,1200\" data-comments-opened=\"1\" data-image-meta=\"{&quot;aperture&quot;:&quot;0&quot;,&quot;credit&quot;:&quot;&quot;,&quot;camera&quot;:&quot;&quot;,&quot;caption&quot;:&quot;&quot;,&quot;created_timestamp&quot;:&quot;0&quot;,&quot;copyright&quot;:&quot;&quot;,&quot;focal_length&quot;:&quot;0&quot;,&quot;iso&quot;:&quot;0&quot;,&quot;shutter_speed&quot;:&quot;0&quot;,&quot;title&quot;:&quot;&quot;,&quot;orientation&quot;:&quot;0&quot;}\" data-image-title=\"Julia Reda\" data-image-description=\"&lt;p&gt;Julia Reda&lt;\/p&gt;\n\" data-image-caption=\"\" data-large-file=\"https:\/\/i0.wp.com\/textundblog.de\/wp-content\/juliareda.jpg?fit=683%2C1024&amp;ssl=1\" title=\"Julia Reda\"  src=\"https:\/\/i0.wp.com\/textundblog.de\/wp-content\/juliareda.jpg?resize=800%2C1200&#038;ssl=1\" alt=\"Julia Reda\" width=\"800\" height=\"1200\" class=\"alignright size-full wp-image-6521\" srcset=\"https:\/\/i0.wp.com\/textundblog.de\/wp-content\/juliareda.jpg?w=800&amp;ssl=1 800w, https:\/\/i0.wp.com\/textundblog.de\/wp-content\/juliareda.jpg?resize=200%2C300&amp;ssl=1 200w, https:\/\/i0.wp.com\/textundblog.de\/wp-content\/juliareda.jpg?resize=683%2C1024&amp;ssl=1 683w\" sizes=\"auto, (max-width: 800px) 100vw, 800px\" \/><\/p>\n<p>Danke <a href=\"https:\/\/juliareda.eu\/de\/\">Julia<\/a>, dass Du heute nach Hamburg kommst.<\/p>\n<blockquote><p>Julia hat es in nur sechs Monaten Mandatsaus\u00fcbung geschafft, auf den parlamentarischen Betrieb Einfluss zu nehmen. Als Berichterstatterin formuliert sie derzeit die Position des Europ\u00e4ischen Parlaments zum Reformbedarf des EU-Urheberrechts. In diesem Vortrag wird sie \u00fcber diese Zeit und Erfolge der Piraten in Br\u00fcssel berichten.<\/p><\/blockquote>\n<p>Weiterlesen bei Piratenpartei Hamburg:<br \/>\n<a href=\"http:\/\/piraten-hh.de\/2015\/01\/20\/eu-netzpolitik-aufmischen-julia-reda-in-hamburg\/\">EU Netzpolitik aufmischen \u2013 Julia Reda in Hamburg<\/a><\/p>\n<p><strong>23.01.2015 19:00 Uhr<br \/>\nVHS- Zentrum Ost, <a href=\"https:\/\/www.google.de\/maps\/dir\/%27%27\/Berner+Heerweg+183,+22159+Hamburg\/data=!4m5!4m4!1m0!1m2!1m1!1s0x47b18bb1502421dd:0xc0ffe83e27d7d391?sa=X&#038;ei=chTCVMaVGuX-ywOYwYKIBA&#038;ved=0CDEQwwUwAg\">Berner Heerweg 183<\/a> (an der U1 Farmsen)<\/strong><\/p>\n<p>Drei Lekt\u00fcre-Empfehlungen zur Einstimmung auf heute Abend:<br \/>\n<!--more--><\/p>\n<ul>\n<li>Cory Doctorow: They put a Pirate Party MEP in charge of EU copyright reform: you won&#8217;t believe awesomesauce that followed (<a href=\"http:\/\/boingboing.net\/2015\/01\/22\/they-put-a-pirate-party-mep-in.html\">Boing Boing<\/a>)<\/li>\n<li>&#8222;Ich wurde mit Bankr\u00e4ubern und Trickbetr\u00fcgern verglichen&#8220; (<a href=\"http:\/\/www.sueddeutsche.de\/digital\/europa-abgeordnete-julia-reda-ich-wurde-mit-bankraeubern-und-trickbetruegern-verglichen-1.2308283\">SZ<\/a>)<\/li>\n<li>Neue T\u00f6ne in der Urheberrechtsdebatte: Initiative Urheberrecht lobt Berichtsentwurf von Piratin Reda (<a href=\"https:\/\/netzpolitik.org\/2015\/neue-toene-in-der-urheberrechtsdebatte-initiative-urheberrecht-lobt-berichtsentwurf-von-piratin-reda\/\">netzpolitik<\/a>)<\/li>\n<\/ul>\n<p><em>Foto Julia: <a href=\"http:\/\/commons.wikimedia.org\/wiki\/File:Julia_Reda_-_Piratenpartei.jpg\">Julia Reda &#8211; Piratenpartei<\/a>, CC-BY)<\/em><\/p>\n","protected":false},"excerpt":{"rendered":"<p>Danke Julia, dass Du heute nach Hamburg kommst. Julia hat es in nur sechs Monaten Mandatsaus\u00fcbung geschafft, auf den parlamentarischen Betrieb Einfluss zu nehmen. Als Berichterstatterin formuliert sie derzeit die Position des Europ\u00e4ischen Parlaments zum Reformbedarf des EU-Urheberrechts. In diesem Vortrag wird sie \u00fcber diese Zeit und Erfolge der Piraten in Br\u00fcssel berichten. Weiterlesen bei [&hellip;]<\/p>\n","protected":false},"author":1,"featured_media":0,"comment_status":"open","ping_status":"open","sticky":false,"template":"","format":"standard","meta":{"site-sidebar-layout":"default","site-content-layout":"","ast-site-content-layout":"default","site-content-style":"default","site-sidebar-style":"default","ast-global-header-display":"","ast-banner-title-visibility":"","ast-main-header-display":"","ast-hfb-above-header-display":"","ast-hfb-below-header-display":"","ast-hfb-mobile-header-display":"","site-post-title":"","ast-breadcrumbs-content":"","ast-featured-img":"","footer-sml-layout":"","theme-transparent-header-meta":"","adv-header-id-meta":"","stick-header-meta":"","header-above-stick-meta":"","header-main-stick-meta":"","header-below-stick-meta":"","astra-migrate-meta-layouts":"default","ast-page-background-enabled":"default","ast-page-background-meta":{"desktop":{"background-color":"var(--ast-global-color-4)","background-image":"","background-repeat":"repeat","background-position":"center center","background-size":"auto","background-attachment":"scroll","background-type":"","background-media":"","overlay-type":"","overlay-color":"","overlay-opacity":"","overlay-gradient":""},"tablet":{"background-color":"","background-image":"","background-repeat":"repeat","background-position":"center center","background-size":"auto","background-attachment":"scroll","background-type":"","background-media":"","overlay-type":"","overlay-color":"","overlay-opacity":"","overlay-gradient":""},"mobile":{"background-color":"","background-image":"","background-repeat":"repeat","background-position":"center center","background-size":"auto","background-attachment":"scroll","background-type":"","background-media":"","overlay-type":"","overlay-color":"","overlay-opacity":"","overlay-gradient":""}},"ast-content-background-meta":{"desktop":{"background-color":"var(--ast-global-color-5)","background-image":"","background-repeat":"repeat","background-position":"center center","background-size":"auto","background-attachment":"scroll","background-type":"","background-media":"","overlay-type":"","overlay-color":"","overlay-opacity":"","overlay-gradient":""},"tablet":{"background-color":"var(--ast-global-color-5)","background-image":"","background-repeat":"repeat","background-position":"center center","background-size":"auto","background-attachment":"scroll","background-type":"","background-media":"","overlay-type":"","overlay-color":"","overlay-opacity":"","overlay-gradient":""},"mobile":{"background-color":"var(--ast-global-color-5)","background-image":"","background-repeat":"repeat","background-position":"center center","background-size":"auto","background-attachment":"scroll","background-type":"","background-media":"","overlay-type":"","overlay-color":"","overlay-opacity":"","overlay-gradient":""}},"ngg_post_thumbnail":0,"jetpack_post_was_ever_published":false,"_jetpack_newsletter_access":"","_jetpack_dont_email_post_to_subs":false,"_jetpack_newsletter_tier_id":0,"_jetpack_memberships_contains_paywalled_content":false,"_jetpack_memberships_contains_paid_content":false,"footnotes":""},"categories":[15,4,9],"tags":[],"class_list":["post-6520","post","type-post","status-publish","format-standard","hentry","category-hamburg","category-internet","category-politik"],"jetpack_featured_media_url":"","jetpack_sharing_enabled":true,"jetpack_shortlink":"https:\/\/wp.me\/p4uzZ-1Ha","jetpack-related-posts":[{"id":6525,"url":"https:\/\/textundblog.de\/?p=6525","url_meta":{"origin":6520,"position":0},"title":"PIRATEN Hamburg zur B\u00fcrgerschaftswahl 2015","author":"Markus","date":"24\/1\/2015","format":false,"excerpt":"http:\/\/youtu.be\/y9XM_cpnQTk Soeben ver\u00f6ffentlicht: der Wahlspot der Piraten Hamburg. Finde ihn sehr gut. Im Vortrag von Julia Reda \u00fcber ihre Arbeit f\u00fcr die Piratenpartei im EU-Parlament haben wir gestern erfahren, welche Chancen sich ergeben, wenn Piraten in Parlamente gew\u00e4hlt werden. Ich hoffe deshalb sehr, dass auch viele in Hamburg am 15.\u2026","rel":"","context":"In &quot;Hamburg&quot;","block_context":{"text":"Hamburg","link":"https:\/\/textundblog.de\/?cat=15"},"img":{"alt_text":"","src":"https:\/\/i0.wp.com\/textundblog.de\/wp-content\/piraten-hh-kandidaten-2015.jpg?resize=350%2C200&ssl=1","width":350,"height":200,"srcset":"https:\/\/i0.wp.com\/textundblog.de\/wp-content\/piraten-hh-kandidaten-2015.jpg?resize=350%2C200&ssl=1 1x, https:\/\/i0.wp.com\/textundblog.de\/wp-content\/piraten-hh-kandidaten-2015.jpg?resize=525%2C300&ssl=1 1.5x, https:\/\/i0.wp.com\/textundblog.de\/wp-content\/piraten-hh-kandidaten-2015.jpg?resize=700%2C400&ssl=1 2x"},"classes":[]},{"id":3052,"url":"https:\/\/textundblog.de\/?p=3052","url_meta":{"origin":6520,"position":1},"title":"Bundesparteitag der Piratenpartei in Hamburg","author":"Markus","date":"4\/7\/2009","format":false,"excerpt":"Direktlink YouTube Wer den Bericht im ZDF-heute-Journal verpasst hat, kann das hier nachholen. Weitere Infos: ZEIT Online: Wahlprogramm - Aus den Piraten wird eine Partei tagesschau.de: Piraten nehmen Kurs auf Berlin Wiki Piratenpartei: Bundesparteitag 2009.1\/Protokoll Twitter-Suche: Hashtags #piraten OR #bpt09","rel":"","context":"In &quot;Hamburg&quot;","block_context":{"text":"Hamburg","link":"https:\/\/textundblog.de\/?cat=15"},"img":{"alt_text":"","src":"","width":0,"height":0},"classes":[]},{"id":2133,"url":"https:\/\/textundblog.de\/?p=2133","url_meta":{"origin":6520,"position":2},"title":"Julia Schwarz: &#8218;Nachts das Leben&#8216; auf NDR-Kurzfilmnacht","author":"Markus","date":"4\/4\/2008","format":false,"excerpt":"Wieder mal ein TV-Tipp mit pers\u00f6nlichem Bezug, dieses Mal ist der Bezug jedoch nur sehr indirekt. Doch ich bin schon sehr gespannt (und hoffentlich bis Mitternacht mit meiner Arbeit durch), damit ich ihn sehen kann: Julia Schwarz, die Tochter meiner Vermieter, hat einen Kurzfilm gedreht, der heute Nacht auf NDR\u2026","rel":"","context":"In &quot;Hamburg&quot;","block_context":{"text":"Hamburg","link":"https:\/\/textundblog.de\/?cat=15"},"img":{"alt_text":"Nachts das Leben","src":"https:\/\/i0.wp.com\/textundblog.de\/wp-content\/nachtsdasleben1.jpg?resize=350%2C200&ssl=1","width":350,"height":200},"classes":[]},{"id":1563,"url":"https:\/\/textundblog.de\/?p=1563","url_meta":{"origin":6520,"position":3},"title":"Hamburger \u00dcbersetzerinnen packen aus","author":"Markus","date":"18\/4\/2007","format":false,"excerpt":"Morgen stellen Hamburger \u00dcbersetzerinnen in der Buchhandlung in der Osterstra\u00dfe (Eimsb\u00fcttel) ihre Arbeit vor. Ich werde versuchen dort zu sein, und bin nat\u00fcrlich gespannt auf die Berichte der Kolleginnen: Unter dem Motto \u00abGrausamkeiten\u00bb stellen Brigitte Gro\u00dfe, Annette Kopetzki und Friederike Meltendorf am 19. April um 20 Uhr im Buchladen in\u2026","rel":"","context":"In &quot;Hamburg&quot;","block_context":{"text":"Hamburg","link":"https:\/\/textundblog.de\/?cat=15"},"img":{"alt_text":"","src":"","width":0,"height":0},"classes":[]},{"id":5968,"url":"https:\/\/textundblog.de\/?p=5968","url_meta":{"origin":6520,"position":4},"title":"Interview-Vorstellungen der Hamburger Piraten","author":"Markus","date":"8\/5\/2014","format":false,"excerpt":"Manchmal werde ich gefragt, seit wann ich eigentlich bei den Piraten bin (relativ lange schon) und vor allem, warum. Diese und die ganz aktuellen Fragen, warum ich bei den Bezirkswahlen in Wandsbek f\u00fcr die Piraten antrete, beantworte ich im Rahmen einer Interview-Reihe, in der Thomas Michel auf der Website der\u2026","rel":"","context":"In &quot;Hamburg&quot;","block_context":{"text":"Hamburg","link":"https:\/\/textundblog.de\/?cat=15"},"img":{"alt_text":"","src":"https:\/\/i0.wp.com\/textundblog.de\/wp-content\/wochenblattwandsbek.jpg?resize=350%2C200&ssl=1","width":350,"height":200},"classes":[]},{"id":3141,"url":"https:\/\/textundblog.de\/?p=3141","url_meta":{"origin":6520,"position":5},"title":"Piratenpartei wird sichtbarer","author":"Markus","date":"2\/9\/2009","format":false,"excerpt":"Gestern habe ich auf dem Weg zur Arbeit sowohl in Wandsbek als auch in unmittelbarer Stabi-N\u00e4he die ersten Piratenpartei-Plakate in Hamburg gesehen. Entweder sind die Plakatierer kleinw\u00fcchsig, oder nur nach unten schauende W\u00e4hler sollen angesprochen werden. Denn die Plakate befinden sich doch alle einigerma\u00dfen in Bodenn\u00e4he. ;-) Aber das Motiv\u2026","rel":"","context":"In &quot;Hamburg&quot;","block_context":{"text":"Hamburg","link":"https:\/\/textundblog.de\/?cat=15"},"img":{"alt_text":"Piratenpartei-Plakat in der Edmund-Sievers-Allee","src":"https:\/\/i0.wp.com\/textundblog.de\/wp-content\/piratenparteiplak1.jpg?resize=350%2C200&ssl=1","width":350,"height":200},"classes":[]}],"_links":{"self":[{"href":"https:\/\/textundblog.de\/index.php?rest_route=\/wp\/v2\/posts\/6520","targetHints":{"allow":["GET"]}}],"collection":[{"href":"https:\/\/textundblog.de\/index.php?rest_route=\/wp\/v2\/posts"}],"about":[{"href":"https:\/\/textundblog.de\/index.php?rest_route=\/wp\/v2\/types\/post"}],"author":[{"embeddable":true,"href":"https:\/\/textundblog.de\/index.php?rest_route=\/wp\/v2\/users\/1"}],"replies":[{"embeddable":true,"href":"https:\/\/textundblog.de\/index.php?rest_route=%2Fwp%2Fv2%2Fcomments&post=6520"}],"version-history":[{"count":0,"href":"https:\/\/textundblog.de\/index.php?rest_route=\/wp\/v2\/posts\/6520\/revisions"}],"wp:attachment":[{"href":"https:\/\/textundblog.de\/index.php?rest_route=%2Fwp%2Fv2%2Fmedia&parent=6520"}],"wp:term":[{"taxonomy":"category","embeddable":true,"href":"https:\/\/textundblog.de\/index.php?rest_route=%2Fwp%2Fv2%2Fcategories&post=6520"},{"taxonomy":"post_tag","embeddable":true,"href":"https:\/\/textundblog.de\/index.php?rest_route=%2Fwp%2Fv2%2Ftags&post=6520"}],"curies":[{"name":"wp","href":"https:\/\/api.w.org\/{rel}","templated":true}]}}