{"id":6512,"date":"2015-01-18T14:12:21","date_gmt":"2015-01-18T13:12:21","guid":{"rendered":"http:\/\/textundblog.de\/?p=6512"},"modified":"2015-02-01T14:12:07","modified_gmt":"2015-02-01T13:12:07","slug":"digitaler-journalismus-mehr-chance-als-risiko","status":"publish","type":"post","link":"https:\/\/textundblog.de\/?p=6512","title":{"rendered":"Digitaler Journalismus: Mehr Chance als Risiko"},"content":{"rendered":"<p><a href=\"https:\/\/i0.wp.com\/textundblog.de\/wp-content\/sz-feuilleton-gr.jpg?ssl=1\"><img data-recalc-dims=\"1\" loading=\"lazy\" decoding=\"async\" title=\"sz-feuilleton\" src=\"https:\/\/i0.wp.com\/textundblog.de\/wp-content\/sz-feuilleton-kl.jpg?resize=350%2C263&#038;ssl=1\" alt=\"sz-feuilleton\" width=\"350\" height=\"263\" class=\"bildrechts\" \/><\/a> Sehr kluges Feature zum Digitalen Journalismus von <a href=\"https:\/\/twitter.com\/nea_matzen\">Nea Matzen<\/a> und <a href=\"fr.linkedin.com\/pub\/olaf-rosenberg\/15\/249\/6b1\">Olaf Rosenberg<\/a> im Deutschlandfunk. In der Reihe \u00abNetzKultur!\u00bb beleuchten die Redakteurin bei <em>tagesschau.de<\/em> und der Fernseh- und Onlineredakteur bei <em>arte<\/em> das Thema unter dem Titel \u00ab<a href=\"http:\/\/www.deutschlandfunk.de\/digitaler-journalismus-medial-digital-genial.1184.de.html?dram:article_id=304974\">Medial, digital, genial?<\/a>\u00bb. Untersucht werden im wesentlichen drei Aspekte:<\/p>\n<ul>\n<li>Die Schnelligkeit: Nachrichten verbreiten sich in Bits und Bytes wie ein Lauffeuer.<\/li>\n<li>Die Interaktion: Nutzer und Nutzerinnen digitaler journalistischer Angebote haben ein komplett anderes Selbstverst\u00e4ndnis als traditionelle Zeitungsleser, Radioh\u00f6rer und Fernsehzuschauer und m\u00fcssen anders einbezogen werden.<\/li>\n<li>Die multimedialen M\u00f6glichkeiten des Netzes: Sie erfordern ein neues, ein crossmediales Denken in den Redaktionen.<\/li>\n<\/ul>\n<p><!--more--><\/p>\n<p><a href=\"https:\/\/i0.wp.com\/textundblog.de\/wp-content\/sz-medien-gr.jpg?ssl=1\"><img data-recalc-dims=\"1\" loading=\"lazy\" decoding=\"async\" title=\"sz-medien\"  src=\"https:\/\/i0.wp.com\/textundblog.de\/wp-content\/sz-medien-kl.jpg?resize=350%2C263&#038;ssl=1\" alt=\"sz-medien\" width=\"350\" height=\"263\" class=\"bildlinks\" \/><\/a> Gut finde ich vor allem, dass die Digitalisierung nicht als Bedrohung, sondern als Chance f\u00fcr den Journalismus begriffen wird. Wer crossmedial arbeitet, wird zu den Gewinnern des mitten im Gange befindlichen Umw\u00e4lzungsprozesses im Journalismus geh\u00f6ren. Leichter gesagt, als getan. Wie es gehen kann, wird im Beitrag herausgearbeitet. Sehr sch\u00f6n auch, dass immer wieder R\u00fcckgriff auf die TV-Serie <a href=\"http:\/\/www.serienjunkies.de\/the-newsroom\/\">The Newsroom<\/a> genommen wird, in der man sehen kann, wie es im digitalen Journalismus funktionieren k\u00f6nnte. Das macht das Feature aber ohne einfach nur auf eine verhei\u00dfungsvolle sch\u00f6ne neue Medienwelt zu verweisen. Im Gegenteil, der Beitrag endet mit dem berechtigten kritischen Hinweis:<\/p>\n<blockquote><p>\n\u2026es ist eine Illusion, die Welt verstehen und erkl\u00e4ren zu k\u00f6nnen, wenn man lediglich Infoh\u00e4ppchen, Tweets und Posts hinterher rennt. Das gilt f\u00fcr uns alle als digitale Weltb\u00fcrger.<\/p><\/blockquote>\n<p>Die knapp halbst\u00fcndige Sendung kann auf der Website von <em>DLF<\/em> (\u00ab<a href=\"http:\/\/www.deutschlandfunk.de\/digitaler-journalismus-medial-digital-genial.1184.de.html?dram:article_id=304974\">Medial, digital, genial?<\/a>\u00bb) nachgelesen und sowohl dort als auch hier nachgeh\u00f6rt werden:<\/p>\n<p><flash>http:\/\/ondemand-mp3.dradio.de\/file\/dradio\/2015\/01\/18\/dlf_20150118_0930_f2d76b61.mp3<\/flash><\/p>\n<p><a href=\"https:\/\/i0.wp.com\/textundblog.de\/wp-content\/sz-kinder-gr.jpg?ssl=1\"><img data-recalc-dims=\"1\" loading=\"lazy\" decoding=\"async\" title=\"sz-kinder\" src=\"https:\/\/i0.wp.com\/textundblog.de\/wp-content\/sz-kinder-kl.jpg?resize=350%2C263&#038;ssl=1\" alt=\"sz-kinder\" width=\"350\" height=\"263\" class=\"bildrechts\" \/><\/a> Die beiden zuvor gesendeten Folgen der insgesamt 5-teiligen Reihe <em>NetzKultur!<\/em> in der Sendung <a href=\"http:\/\/www.deutschlandfunk.de\/essay-und-diskurs.1183.de.html\">Essay und Diskurs<\/a> (immer sonntags, 9:30 Uhr auf DLF) k\u00f6nnen ebenso nachgeh\u00f6rt und -gelesen werden:<\/p>\n<ul>\n<li>1\/5 <a href=\"http:\/\/www.deutschlandfunk.de\/staatliche-ueberwachung-befallen-vom-ueberwachungsvirus.1184.de.html?dram:article_id=307639\">Befallen vom \u00dcberwachungsvirus<\/a><\/li>\n<li>2\/5 <a href=\"http:\/\/www.deutschlandfunk.de\/post-internet-art-die-kunst-der-digitalen-eingeborenen.1184.de.html?dram:article_id=304141\">Die Kunst der digitalen Eingeborenen<\/a><\/li>\n<\/ul>\n<p>N\u00e4chste Woche (So., 25.1.15, 9:30 Uhr) kommt Folge 4\/5 von Nikola Richter: \u00ab<a href=\"http:\/\/www.deutschlandfunk.de\/netzkultur-das-digitale-kulturgut.1184.de.html?dram:article_id=305590\">Das digitale Kulturgut<\/a>\u00bb.<\/p>\n<p><strong>Update 1.2.2015:<\/strong> Wunderbarer Abschluss der Reihe <em>NetzKultur!<\/em>: 5\/5 \u00ab<a href=\"http:\/\/www.deutschlandfunk.de\/das-digitale-umarmen-das-internet-als-wille-und-vorstellung.1184.de.html?dram:article_id=306010\">Das Internet als Wille und Vorstellung<\/a>\u00bb von Felix Schwenzel.<\/p>\n","protected":false},"excerpt":{"rendered":"<p>Sehr kluges Feature zum Digitalen Journalismus von Nea Matzen und Olaf Rosenberg im Deutschlandfunk. In der Reihe \u00abNetzKultur!\u00bb beleuchten die Redakteurin bei tagesschau.de und der Fernseh- und Onlineredakteur bei arte das Thema unter dem Titel \u00abMedial, digital, genial?\u00bb. Untersucht werden im wesentlichen drei Aspekte: Die Schnelligkeit: Nachrichten verbreiten sich in Bits und Bytes wie ein [&hellip;]<\/p>\n","protected":false},"author":1,"featured_media":0,"comment_status":"open","ping_status":"open","sticky":false,"template":"","format":"standard","meta":{"site-sidebar-layout":"default","site-content-layout":"","ast-site-content-layout":"default","site-content-style":"default","site-sidebar-style":"default","ast-global-header-display":"","ast-banner-title-visibility":"","ast-main-header-display":"","ast-hfb-above-header-display":"","ast-hfb-below-header-display":"","ast-hfb-mobile-header-display":"","site-post-title":"","ast-breadcrumbs-content":"","ast-featured-img":"","footer-sml-layout":"","theme-transparent-header-meta":"","adv-header-id-meta":"","stick-header-meta":"","header-above-stick-meta":"","header-main-stick-meta":"","header-below-stick-meta":"","astra-migrate-meta-layouts":"default","ast-page-background-enabled":"default","ast-page-background-meta":{"desktop":{"background-color":"var(--ast-global-color-4)","background-image":"","background-repeat":"repeat","background-position":"center center","background-size":"auto","background-attachment":"scroll","background-type":"","background-media":"","overlay-type":"","overlay-color":"","overlay-opacity":"","overlay-gradient":""},"tablet":{"background-color":"","background-image":"","background-repeat":"repeat","background-position":"center center","background-size":"auto","background-attachment":"scroll","background-type":"","background-media":"","overlay-type":"","overlay-color":"","overlay-opacity":"","overlay-gradient":""},"mobile":{"background-color":"","background-image":"","background-repeat":"repeat","background-position":"center center","background-size":"auto","background-attachment":"scroll","background-type":"","background-media":"","overlay-type":"","overlay-color":"","overlay-opacity":"","overlay-gradient":""}},"ast-content-background-meta":{"desktop":{"background-color":"var(--ast-global-color-5)","background-image":"","background-repeat":"repeat","background-position":"center center","background-size":"auto","background-attachment":"scroll","background-type":"","background-media":"","overlay-type":"","overlay-color":"","overlay-opacity":"","overlay-gradient":""},"tablet":{"background-color":"var(--ast-global-color-5)","background-image":"","background-repeat":"repeat","background-position":"center center","background-size":"auto","background-attachment":"scroll","background-type":"","background-media":"","overlay-type":"","overlay-color":"","overlay-opacity":"","overlay-gradient":""},"mobile":{"background-color":"var(--ast-global-color-5)","background-image":"","background-repeat":"repeat","background-position":"center center","background-size":"auto","background-attachment":"scroll","background-type":"","background-media":"","overlay-type":"","overlay-color":"","overlay-opacity":"","overlay-gradient":""}},"ngg_post_thumbnail":0,"jetpack_post_was_ever_published":false,"_jetpack_newsletter_access":"","_jetpack_dont_email_post_to_subs":false,"_jetpack_newsletter_tier_id":0,"_jetpack_memberships_contains_paywalled_content":false,"_jetpack_memberships_contains_paid_content":false,"footnotes":""},"categories":[11,19],"tags":[],"class_list":["post-6512","post","type-post","status-publish","format-standard","hentry","category-literatur","category-radio"],"jetpack_featured_media_url":"","jetpack_sharing_enabled":true,"jetpack_shortlink":"https:\/\/wp.me\/p4uzZ-1H2","jetpack-related-posts":[{"id":1041,"url":"https:\/\/textundblog.de\/?p=1041","url_meta":{"origin":6512,"position":0},"title":"Der Journalist als Informationskonsument","author":"Markus","date":"3\/7\/2006","format":false,"excerpt":"Foto: photocase.com Prof. Margarethe Steinberger von der brasilianischen Universit\u00e4t \u00abPontif\u00edcia Universidade Cat\u00f3lica de S\u00e3o Paulo\u00bb hat einen lesenswerten spanischsprachigen Artikel \u00fcber den modernen Journalismus ver\u00f6ffentlicht: \u00abEl periodista como consumidor de informaci\u00f3n en la econom\u00eda de las representaci\u00f3nes digitales\u00bb (dt: Der Journalist als Informationskonsument in Zeiten digitaler Wissensressourcen). Dort hei\u00dft es\u2026","rel":"","context":"In &quot;Artikel&quot;","block_context":{"text":"Artikel","link":"https:\/\/textundblog.de\/?cat=5"},"img":{"alt_text":"Symbolbild digitale Ressourcen","src":"https:\/\/i0.wp.com\/www.textundblog.de\/wp-content\/platine.jpg?resize=350%2C200","width":350,"height":200},"classes":[]},{"id":1285,"url":"https:\/\/textundblog.de\/?p=1285","url_meta":{"origin":6512,"position":1},"title":"SamstagsRadio mal anders","author":"Markus","date":"11\/11\/2006","format":false,"excerpt":"Foto: photocase.com Mit Samstag und Radio verbinden viele die Bundesligakonferenzschaltung, die ich \u00fcbrigens auch sehr gerne h\u00f6re ;-). Aber heute gebe ich mal zwei etwas andere RadioProgrammTipps f\u00fcr den Samstagnachmittag: Tipp eins: Steffen B\u00fcffel weist auf sein Interview im Deutschlandfunk hin, in der Sendung \u00abMarkt & Medien\u00bb kann man ihn\u2026","rel":"","context":"In &quot;Radio&quot;","block_context":{"text":"Radio","link":"https:\/\/textundblog.de\/?cat=19"},"img":{"alt_text":"Symbolbild Radio","src":"https:\/\/i0.wp.com\/www.textundblog.de\/wp-content\/radiostileben.jpg?resize=350%2C200","width":350,"height":200},"classes":[]},{"id":1718,"url":"https:\/\/textundblog.de\/?p=1718","url_meta":{"origin":6512,"position":2},"title":"Journalismus 2.0 f\u00fcr Online-ABC-Sch\u00fctzen","author":"Markus","date":"26\/7\/2007","format":false,"excerpt":"Ein unter Creative Commons-Lizenz frei im Netz zur Verf\u00fcgung gestelltes Buch mit dem Titel \u00abJournalism 2.0 - How To Survive and Thrive\u00bb (zu dt. etwa: \u00abJournalismus 2.0 - \u00dcberleben und Erfolg haben\u00bb ;-) ) f\u00fchrt auf 132 Seiten Journalisten - und solche, die es werden wollen - in die Geheimnisse\u2026","rel":"","context":"In &quot;Internet&quot;","block_context":{"text":"Internet","link":"https:\/\/textundblog.de\/?cat=4"},"img":{"alt_text":"Journalism 2.0","src":"https:\/\/i0.wp.com\/textundblog.de\/wp-content\/journalism20.jpg?resize=350%2C200&ssl=1","width":350,"height":200},"classes":[]},{"id":2945,"url":"https:\/\/textundblog.de\/?p=2945","url_meta":{"origin":6512,"position":3},"title":"Herr Fiene fragt: wer kommuniziert was wo?","author":"Markus","date":"3\/5\/2009","format":false,"excerpt":"Es bleibt dabei, ich bin ein kategorischer St\u00f6ckchenverweigerer. Ausnahmen gibt es keine best\u00e4tigen jedoch die Regel. Herr Fiene hat im Vorfeld seiner Teilnahme am Podium \u00abVer\u00e4ndertes Verhalten - wer kommuniziert was wo?\u00bb recht interessante Fragen formuliert und einige Blogger zur Beantwortung derselben aufgerufen: fiene & future lab st\u00f6ckchen. Erst wollte\u2026","rel":"","context":"In &quot;Internet&quot;","block_context":{"text":"Internet","link":"https:\/\/textundblog.de\/?cat=4"},"img":{"alt_text":"","src":"","width":0,"height":0},"classes":[]},{"id":1882,"url":"https:\/\/textundblog.de\/?p=1882","url_meta":{"origin":6512,"position":4},"title":"Clar\u00edn gibt sechsmin\u00fctige Lektion in Onlinejournalismus","author":"Markus","date":"31\/10\/2007","format":false,"excerpt":"Ich sag ja immer: Leute, lernt Spanisch. Es ist eine faszinierende Sprache und sie erschlie\u00dft einem einen spannenden und st\u00e4ndig wachsenden Teil des Internets. Dieser Artikel richtet sich an jene, die bereits Spanisch k\u00f6nnen. In folgendem Video kann man praktisch in 6 Minuten lernen, wie guter Online-Journalismus funktioniert. Die Redaktion\u2026","rel":"","context":"In &quot;Informationskompetenz&quot;","block_context":{"text":"Informationskompetenz","link":"https:\/\/textundblog.de\/?cat=16"},"img":{"alt_text":"","src":"","width":0,"height":0},"classes":[]},{"id":6606,"url":"https:\/\/textundblog.de\/?p=6606","url_meta":{"origin":6512,"position":5},"title":"Katharine Viner \u00fcber Journalismus \u2013 und was Bibliotheken daraus lernen k\u00f6nnen","author":"Markus","date":"6\/4\/2015","format":false,"excerpt":"Wenn ich auf zum Nachdenken anregende Texte sto\u00dfe, bin ich begeistert. Wenn ich dann noch Ideen f\u00fcr meine Arbeit daraus ziehen kann, bin ich noch ein ganzes St\u00fcck mehr begeistert. So ist es mir \u00fcber Ostern gegangen, als ich einen Text von Katharine Viner, Chefredakteurin des Guardian, gelesen habe. In\u2026","rel":"","context":"In &quot;Artikel&quot;","block_context":{"text":"Artikel","link":"https:\/\/textundblog.de\/?cat=5"},"img":{"alt_text":"","src":"https:\/\/i0.wp.com\/textundblog.de\/wp-content\/bibleser-viner.jpg?resize=350%2C200&ssl=1","width":350,"height":200,"srcset":"https:\/\/i0.wp.com\/textundblog.de\/wp-content\/bibleser-viner.jpg?resize=350%2C200&ssl=1 1x, https:\/\/i0.wp.com\/textundblog.de\/wp-content\/bibleser-viner.jpg?resize=525%2C300&ssl=1 1.5x, https:\/\/i0.wp.com\/textundblog.de\/wp-content\/bibleser-viner.jpg?resize=700%2C400&ssl=1 2x"},"classes":[]}],"_links":{"self":[{"href":"https:\/\/textundblog.de\/index.php?rest_route=\/wp\/v2\/posts\/6512","targetHints":{"allow":["GET"]}}],"collection":[{"href":"https:\/\/textundblog.de\/index.php?rest_route=\/wp\/v2\/posts"}],"about":[{"href":"https:\/\/textundblog.de\/index.php?rest_route=\/wp\/v2\/types\/post"}],"author":[{"embeddable":true,"href":"https:\/\/textundblog.de\/index.php?rest_route=\/wp\/v2\/users\/1"}],"replies":[{"embeddable":true,"href":"https:\/\/textundblog.de\/index.php?rest_route=%2Fwp%2Fv2%2Fcomments&post=6512"}],"version-history":[{"count":0,"href":"https:\/\/textundblog.de\/index.php?rest_route=\/wp\/v2\/posts\/6512\/revisions"}],"wp:attachment":[{"href":"https:\/\/textundblog.de\/index.php?rest_route=%2Fwp%2Fv2%2Fmedia&parent=6512"}],"wp:term":[{"taxonomy":"category","embeddable":true,"href":"https:\/\/textundblog.de\/index.php?rest_route=%2Fwp%2Fv2%2Fcategories&post=6512"},{"taxonomy":"post_tag","embeddable":true,"href":"https:\/\/textundblog.de\/index.php?rest_route=%2Fwp%2Fv2%2Ftags&post=6512"}],"curies":[{"name":"wp","href":"https:\/\/api.w.org\/{rel}","templated":true}]}}