{"id":6439,"date":"2014-11-20T20:03:54","date_gmt":"2014-11-20T19:03:54","guid":{"rendered":"http:\/\/textundblog.de\/?p=6439"},"modified":"2014-11-21T00:15:33","modified_gmt":"2014-11-20T23:15:33","slug":"sesamstrasse-social-media","status":"publish","type":"post","link":"https:\/\/textundblog.de\/?p=6439","title":{"rendered":"Sesamstra\u00dfe Social Media"},"content":{"rendered":"<p><a href=\"http:\/\/blog.sub.uni-hamburg.de\/?p=16432\"><img data-recalc-dims=\"1\" loading=\"lazy\" decoding=\"async\" data-attachment-id=\"6440\" data-permalink=\"https:\/\/textundblog.de\/?attachment_id=6440\" data-orig-file=\"https:\/\/i0.wp.com\/textundblog.de\/wp-content\/stabiumbau-acht.jpg?fit=800%2C373&amp;ssl=1\" data-orig-size=\"800,373\" data-comments-opened=\"1\" data-image-meta=\"{&quot;aperture&quot;:&quot;0&quot;,&quot;credit&quot;:&quot;&quot;,&quot;camera&quot;:&quot;&quot;,&quot;caption&quot;:&quot;&quot;,&quot;created_timestamp&quot;:&quot;0&quot;,&quot;copyright&quot;:&quot;&quot;,&quot;focal_length&quot;:&quot;0&quot;,&quot;iso&quot;:&quot;0&quot;,&quot;shutter_speed&quot;:&quot;0&quot;,&quot;title&quot;:&quot;&quot;,&quot;orientation&quot;:&quot;0&quot;}\" data-image-title=\"stabiumbau-acht\" data-image-description=\"\" data-image-caption=\"\" data-large-file=\"https:\/\/i0.wp.com\/textundblog.de\/wp-content\/stabiumbau-acht.jpg?fit=800%2C373&amp;ssl=1\" title=\"stabiumbau-acht\" src=\"https:\/\/i0.wp.com\/textundblog.de\/wp-content\/stabiumbau-acht.jpg?resize=800%2C373&#038;ssl=1\" alt=\"stabiumbau-acht\" width=\"800\" height=\"373\" class=\"alignnone size-full wp-image-6440\" srcset=\"https:\/\/i0.wp.com\/textundblog.de\/wp-content\/stabiumbau-acht.jpg?w=800&amp;ssl=1 800w, https:\/\/i0.wp.com\/textundblog.de\/wp-content\/stabiumbau-acht.jpg?resize=300%2C139&amp;ssl=1 300w\" sizes=\"auto, (max-width: 800px) 100vw, 800px\" \/><\/a><\/p>\n<p>Ihr fragt euch, wie ich die Sesamstra\u00dfe mit Social Media zusammen bringe? Nun, das ist ganz einfach:<\/p>\n<p>In der Stabi bin ich ja f\u00fcr Social Media zust\u00e4ndig (ihr wisst, das habe ich mal ausf\u00fchrlich in Isa und Maxens wunderbarem Interview-Portal <a href=\"http:\/\/wasmachendieda.de\/2014-05-20\/markus-trapp-stabstelle-social-media\/\">Was machen die da?<\/a> erkl\u00e4rt). Momentan haben wir einen gr\u00f6\u00dferen Umbau in der Bibliothek, und zwar im sogenannten Gruppenarbeitsbereich in der 2. Etage der Stabi, also dort, wo die Leute zusammenarbeiten k\u00f6nnen und nicht \u2013 pssst! \u2013 leise sein m\u00fcssen, wie etwa in den Leses\u00e4len. Wir haben im Blog die <a href=\"http:\/\/blog.sub.uni-hamburg.de\/?p=16432\">Umbaupl\u00e4ne<\/a> vorgestellt, das wird alles super schick und es wird Arbeitskabinen mit Pr\u00e4sentationsmonitoren geben, wo die Leute ihre Tablets oder Notebooks anschlie\u00dfen k\u00f6nnen und gemeinsam an Pr\u00e4sentationen arbeiten k\u00f6nnen. Von der Baustelle berichten wir t\u00e4glich \u00fcber die Fortschritte des Umbaus. Und nun kommen wir auch vom Thema Social Media zur Sesamstra\u00dfe, denn gestern hab ich dieses Umbaufoto in den Social-Media-Accounts der Stabi (Instagram, Twitter und Facebook) ver\u00f6ffentlicht:<br \/>\n<!--more--><\/p>\n<blockquote class=\"instagram-media\" data-instgrm-captioned data-instgrm-version=\"4\" style=\" background:#FFF; border:0; border-radius:3px; box-shadow:0 0 1px 0 rgba(0,0,0,0.5),0 1px 10px 0 rgba(0,0,0,0.15); margin: 1px; max-width:658px; padding:0; width:99.375%; width:-webkit-calc(100% - 2px); width:calc(100% - 2px);\">\n<div style=\"padding:8px;\">\n<div style=\" background:#F8F8F8; line-height:0; margin-top:40px; padding:50% 0; text-align:center; width:100%;\">\n<div style=\" background:url(data:image\/png;base64,iVBORw0KGgoAAAANSUhEUgAAACwAAAAsCAMAAAApWqozAAAAGFBMVEUiIiI9PT0eHh4gIB4hIBkcHBwcHBwcHBydr+JQAAAACHRSTlMABA4YHyQsM5jtaMwAAADfSURBVDjL7ZVBEgMhCAQBAf\/\/42xcNbpAqakcM0ftUmFAAIBE81IqBJdS3lS6zs3bIpB9WED3YYXFPmHRfT8sgyrCP1x8uEUxLMzNWElFOYCV6mHWWwMzdPEKHlhLw7NWJqkHc4uIZphavDzA2JPzUDsBZziNae2S6owH8xPmX8G7zzgKEOPUoYHvGz1TBCxMkd3kwNVbU0gKHkx+iZILf77IofhrY1nYFnB\/lQPb79drWOyJVa\/DAvg9B\/rLB4cC+Nqgdz\/TvBbBnr6GBReqn\/nRmDgaQEej7WhonozjF+Y2I\/fZou\/qAAAAAElFTkSuQmCC); display:block; height:44px; margin:0 auto -44px; position:relative; top:-22px; width:44px;\"><\/div>\n<\/div>\n<p style=\" margin:8px 0 0 0; padding:0 4px;\"> <a href=\"https:\/\/instagram.com\/p\/vloNuPjd1l\/\" style=\" color:#000; font-family:Arial,sans-serif; font-size:14px; font-style:normal; font-weight:normal; line-height:17px; text-decoration:none; word-wrap:break-word;\" target=\"_top\">Braucht wer &#39;ne Acht? Die Kabel f\u00fcr den Umbau im Gruppenarbeitsbereich liegen bereit\u2026<\/a><\/p>\n<p style=\" color:#c9c8cd; font-family:Arial,sans-serif; font-size:14px; line-height:17px; margin-bottom:0; margin-top:8px; overflow:hidden; padding:8px 0 7px; text-align:center; text-overflow:ellipsis; white-space:nowrap;\">Ein von Staatsbibliothek Hamburg (@stabihh) gepostetes Foto am <time style=\" font-family:Arial,sans-serif; font-size:14px; line-height:17px;\" datetime=\"2014-11-19T16:25:51+00:00\">Nov 11, 2014 at 8:25 PST<\/time><\/p>\n<\/div>\n<\/blockquote>\n<p><script async defer src=\"\/\/platform.instagram.com\/en_US\/embeds.js\"><\/script><\/p>\n<p>Dabei hatte ich mich schon gefragt, ob den Spruch &#8222;Braucht wer &#8217;ne Acht?&#8220; \u00fcberhaupt irgendjemand einordnen kann. Doch der Kulturlotse hat mir auf <a href=\"https:\/\/www.facebook.com\/stabihh\/photos\/a.109213624271.95269.6028499271\/10152655414749272\/?type=1\">Facebook<\/a> den Zweifel genommen. \ud83d\ude09<\/p>\n<blockquote><p>Braucht wer &#8217;ne Acht? Wer da nicht gleich an Schlemihl aus der Sesamstra\u00dfe denkt &#8230;<\/p><\/blockquote>\n<p>F\u00fcr alle, die den geheimnisvollen Herrn Schlemihl und sein Angebot einer Acht nicht kennen, hier die Aufl\u00f6sung:<\/p>\n<p><span class=\"embed-youtube\" style=\"text-align:center; display: block;\"><iframe loading=\"lazy\" class=\"youtube-player\" width=\"640\" height=\"360\" src=\"https:\/\/www.youtube.com\/embed\/Y60LlHchdEI?version=3&#038;rel=1&#038;showsearch=0&#038;showinfo=1&#038;iv_load_policy=1&#038;fs=1&#038;hl=de-DE&#038;autohide=2&#038;wmode=transparent\" allowfullscreen=\"true\" style=\"border:0;\" sandbox=\"allow-scripts allow-same-origin allow-popups allow-presentation allow-popups-to-escape-sandbox\"><\/iframe><\/span><\/p>\n<p>Das war schon das zweite Mal, dass ich in dieser Woche im Bereich Social Media auf die Sesamstra\u00dfe gesto\u00dfen bin. Das erste Mal war bei dieser wunderbaren Nummer von Christoph Waltz bei Jimmy Kimmel, als er den Theme Song des US-Originals <em>Sesame Street<\/em> zum Besten gab. Zugegeben nicht spontan sondern inszeniert, aber alleine schon f\u00fcr die Einleitung von Waltz, warum er es praktisch fand, dass seine Kinder Sesmstra\u00dfe geschaut haben, lohnt der Blick ins Video:<\/p>\n<p><span class=\"embed-youtube\" style=\"text-align:center; display: block;\"><iframe loading=\"lazy\" class=\"youtube-player\" width=\"640\" height=\"360\" src=\"https:\/\/www.youtube.com\/embed\/nr5MXQGhft4?version=3&#038;rel=1&#038;showsearch=0&#038;showinfo=1&#038;iv_load_policy=1&#038;fs=1&#038;hl=de-DE&#038;autohide=2&#038;wmode=transparent\" allowfullscreen=\"true\" style=\"border:0;\" sandbox=\"allow-scripts allow-same-origin allow-popups allow-presentation allow-popups-to-escape-sandbox\"><\/iframe><\/span><\/p>\n","protected":false},"excerpt":{"rendered":"<p>Ihr fragt euch, wie ich die Sesamstra\u00dfe mit Social Media zusammen bringe? Nun, das ist ganz einfach: In der Stabi bin ich ja f\u00fcr Social Media zust\u00e4ndig (ihr wisst, das habe ich mal ausf\u00fchrlich in Isa und Maxens wunderbarem Interview-Portal Was machen die da? erkl\u00e4rt). Momentan haben wir einen gr\u00f6\u00dferen Umbau in der Bibliothek, und [&hellip;]<\/p>\n","protected":false},"author":1,"featured_media":0,"comment_status":"open","ping_status":"open","sticky":false,"template":"","format":"standard","meta":{"site-sidebar-layout":"default","site-content-layout":"","ast-site-content-layout":"default","site-content-style":"default","site-sidebar-style":"default","ast-global-header-display":"","ast-banner-title-visibility":"","ast-main-header-display":"","ast-hfb-above-header-display":"","ast-hfb-below-header-display":"","ast-hfb-mobile-header-display":"","site-post-title":"","ast-breadcrumbs-content":"","ast-featured-img":"","footer-sml-layout":"","theme-transparent-header-meta":"","adv-header-id-meta":"","stick-header-meta":"","header-above-stick-meta":"","header-main-stick-meta":"","header-below-stick-meta":"","astra-migrate-meta-layouts":"default","ast-page-background-enabled":"default","ast-page-background-meta":{"desktop":{"background-color":"var(--ast-global-color-4)","background-image":"","background-repeat":"repeat","background-position":"center center","background-size":"auto","background-attachment":"scroll","background-type":"","background-media":"","overlay-type":"","overlay-color":"","overlay-opacity":"","overlay-gradient":""},"tablet":{"background-color":"","background-image":"","background-repeat":"repeat","background-position":"center center","background-size":"auto","background-attachment":"scroll","background-type":"","background-media":"","overlay-type":"","overlay-color":"","overlay-opacity":"","overlay-gradient":""},"mobile":{"background-color":"","background-image":"","background-repeat":"repeat","background-position":"center center","background-size":"auto","background-attachment":"scroll","background-type":"","background-media":"","overlay-type":"","overlay-color":"","overlay-opacity":"","overlay-gradient":""}},"ast-content-background-meta":{"desktop":{"background-color":"var(--ast-global-color-5)","background-image":"","background-repeat":"repeat","background-position":"center center","background-size":"auto","background-attachment":"scroll","background-type":"","background-media":"","overlay-type":"","overlay-color":"","overlay-opacity":"","overlay-gradient":""},"tablet":{"background-color":"var(--ast-global-color-5)","background-image":"","background-repeat":"repeat","background-position":"center center","background-size":"auto","background-attachment":"scroll","background-type":"","background-media":"","overlay-type":"","overlay-color":"","overlay-opacity":"","overlay-gradient":""},"mobile":{"background-color":"var(--ast-global-color-5)","background-image":"","background-repeat":"repeat","background-position":"center center","background-size":"auto","background-attachment":"scroll","background-type":"","background-media":"","overlay-type":"","overlay-color":"","overlay-opacity":"","overlay-gradient":""}},"ngg_post_thumbnail":0,"jetpack_post_was_ever_published":false,"_jetpack_newsletter_access":"","_jetpack_dont_email_post_to_subs":false,"_jetpack_newsletter_tier_id":0,"_jetpack_memberships_contains_paywalled_content":false,"_jetpack_memberships_contains_paid_content":false,"footnotes":""},"categories":[15,4,11,3,18],"tags":[],"class_list":["post-6439","post","type-post","status-publish","format-standard","hentry","category-hamburg","category-internet","category-literatur","category-tv","category-video"],"jetpack_featured_media_url":"","jetpack_sharing_enabled":true,"jetpack_shortlink":"https:\/\/wp.me\/p4uzZ-1FR","jetpack-related-posts":[{"id":7490,"url":"https:\/\/textundblog.de\/?p=7490","url_meta":{"origin":6439,"position":0},"title":"7 Jahre B\u00fcrogemeinschaft in der Stabi","author":"Markus","date":"1\/12\/2016","format":false,"excerpt":"Meine Stabi-Kollegin Marlene Grau hat mich heute zu unserem 7-j\u00e4hrigen B\u00fcro-Jubil\u00e4um mit diesen beiden aus Papier gefalteten Fischen \u00fcberrascht. Danke, Marlene! Am 1. Dezember 2009 bin ich nach fast 5 Jahren in der IT-Abteilung der Stabi vom Altbau in den Neubau der Stabi gezogen, um ein Social-Media-Konzept f\u00fcr die Stabi\u2026","rel":"","context":"In &quot;Foto&quot;","block_context":{"text":"Foto","link":"https:\/\/textundblog.de\/?cat=10"},"img":{"alt_text":"","src":"https:\/\/i0.wp.com\/textundblog.de\/wp-content\/img_9466-kl.jpg?resize=350%2C200&ssl=1","width":350,"height":200},"classes":[]},{"id":9336,"url":"https:\/\/textundblog.de\/?p=9336","url_meta":{"origin":6439,"position":1},"title":"Zehn Jahre Social Media in der Stabi","author":"Markus","date":"10\/2\/2020","format":false,"excerpt":"Heute vor zehn Jahren habe ich - damals im Urlaub auf der Berlinale - erfahren, dass ich in der Stabi Hamburg nach 4,5 Jahren Projektmitarbeit einen unbefristeten Arbeitsvertrag bekommen und zum 1. M\u00e4rz 2010 eine Stabsstelle mit Aufgabengebiet Social Media antreten werde. Damals stolz im Blog verk\u00fcndet: \u00abFeste Stelle Social\u2026","rel":"","context":"In &quot;Hamburg&quot;","block_context":{"text":"Hamburg","link":"https:\/\/textundblog.de\/?cat=15"},"img":{"alt_text":"Bei der Arbeit im Lichthof der Stabi","src":"https:\/\/i0.wp.com\/textundblog.de\/wp-content\/DSC_0212_DxOFP-1200x798-1-1024x681.jpg?resize=350%2C200&ssl=1","width":350,"height":200,"srcset":"https:\/\/i0.wp.com\/textundblog.de\/wp-content\/DSC_0212_DxOFP-1200x798-1-1024x681.jpg?resize=350%2C200&ssl=1 1x, https:\/\/i0.wp.com\/textundblog.de\/wp-content\/DSC_0212_DxOFP-1200x798-1-1024x681.jpg?resize=525%2C300&ssl=1 1.5x, https:\/\/i0.wp.com\/textundblog.de\/wp-content\/DSC_0212_DxOFP-1200x798-1-1024x681.jpg?resize=700%2C400&ssl=1 2x"},"classes":[]},{"id":6007,"url":"https:\/\/textundblog.de\/?p=6007","url_meta":{"origin":6439,"position":2},"title":"\u00abWas machen die da?\u00bb &#8211; Gest\u00e4ndnisse einer Rampensau","author":"Markus","date":"20\/5\/2014","format":false,"excerpt":"Wer sich fragt, was ich eigentlich in der Stabi mache, sollte mal bei \u00abWas machen die da?\u00bb reinschauen. Dort ist nicht nur zu erfahren, dass ich eine Rampensau bin, sondern auch, worin meine (\u00dcberzeugungs-) Arbeit im Bereich Social Media besteht. Im Unterschied zur gerade im Endspurt von mir fertig geschriebenen\u2026","rel":"","context":"In &quot;Foto&quot;","block_context":{"text":"Foto","link":"https:\/\/textundblog.de\/?cat=10"},"img":{"alt_text":"","src":"https:\/\/i0.wp.com\/textundblog.de\/wp-content\/wmdd-socialmedia.jpg?resize=350%2C200&ssl=1","width":350,"height":200},"classes":[]},{"id":5218,"url":"https:\/\/textundblog.de\/?p=5218","url_meta":{"origin":6439,"position":3},"title":"Neben Social Media jetzt auch Fachreferent in der Stabi","author":"Markus","date":"13\/1\/2013","format":false,"excerpt":"Ich werde oft gefragt \u00abWas machst Du eigentlich genau in der Bibliothek?\u00bb. Ich nehme diese Frage und ein paar aktuelle Ver\u00e4nderungen in meinem Job mal zum Anlass, eine neu hinzugekommene Aufgabe kurz vorzustellen und \u2013 keine Angst: ebenfalls kurz \u2013 einen \u00dcberblick zu geben, was ich sonst noch so alles\u2026","rel":"","context":"In &quot;Hamburg&quot;","block_context":{"text":"Hamburg","link":"https:\/\/textundblog.de\/?cat=15"},"img":{"alt_text":"","src":"https:\/\/i0.wp.com\/textundblog.de\/wp-content\/fi-paedagogik.jpg?resize=350%2C200&ssl=1","width":350,"height":200},"classes":[]},{"id":4637,"url":"https:\/\/textundblog.de\/?p=4637","url_meta":{"origin":6439,"position":4},"title":"Vortrag an der Uni Hamburg: \u00abDas Social-Media-Konzept der Stabi\u00bb","author":"Markus","date":"12\/4\/2012","format":false,"excerpt":"Vor ein paar Wochen habe ich an der Uni Hamburg im Rahmen der Veranstaltungsreihe \u00abHochschulmarketing: Sind Facebook & Co f\u00fcr Hochschulen nutzbar?\u00bb f\u00fcr die Kollegen aus anderen Fachbereichen das \u00abSocial-Media-Konzept der Stabi\u00bb vorgestellt: Mein 21-min\u00fctiger Vortrag (mit kurzem Tonausfall von Minute 4-5) kann hier oder auf dem Uni-Portal Lecture2go nachgeschaut\u2026","rel":"","context":"In &quot;Hamburg&quot;","block_context":{"text":"Hamburg","link":"https:\/\/textundblog.de\/?cat=15"},"img":{"alt_text":"\u00abDas Social-Media-Konzept der Stabi\u00bb","src":"https:\/\/i0.wp.com\/textundblog.de\/wp-content\/socmedstabi-unihh.jpg?resize=350%2C200&ssl=1","width":350,"height":200},"classes":[]},{"id":11022,"url":"https:\/\/textundblog.de\/?p=11022","url_meta":{"origin":6439,"position":5},"title":"20 Jahre in der Stabi Hamburg","author":"Markus Trapp","date":"1\/5\/2025","format":false,"excerpt":"Der 1. Mai ist ein guter Tag, um \u00fcber die Arbeit zu schreiben. Erst recht, wenn sich damit ein Jubil\u00e4um verbindet: heute vor 20 Jahren habe ich meine Arbeit in der Stabi Hamburg aufgenommen. Genau genommen - wegen des Feiertages 1. Mai - nat\u00fcrlich morgen vor 20 Jahren, am Montag,\u2026","rel":"","context":"In &quot;Hamburg&quot;","block_context":{"text":"Hamburg","link":"https:\/\/textundblog.de\/?cat=15"},"img":{"alt_text":"Selfie im B\u00fcro, 2025","src":"https:\/\/i0.wp.com\/textundblog.de\/wp-content\/IMG_7105-225x300.jpeg?resize=350%2C200&ssl=1","width":350,"height":200},"classes":[]}],"_links":{"self":[{"href":"https:\/\/textundblog.de\/index.php?rest_route=\/wp\/v2\/posts\/6439","targetHints":{"allow":["GET"]}}],"collection":[{"href":"https:\/\/textundblog.de\/index.php?rest_route=\/wp\/v2\/posts"}],"about":[{"href":"https:\/\/textundblog.de\/index.php?rest_route=\/wp\/v2\/types\/post"}],"author":[{"embeddable":true,"href":"https:\/\/textundblog.de\/index.php?rest_route=\/wp\/v2\/users\/1"}],"replies":[{"embeddable":true,"href":"https:\/\/textundblog.de\/index.php?rest_route=%2Fwp%2Fv2%2Fcomments&post=6439"}],"version-history":[{"count":0,"href":"https:\/\/textundblog.de\/index.php?rest_route=\/wp\/v2\/posts\/6439\/revisions"}],"wp:attachment":[{"href":"https:\/\/textundblog.de\/index.php?rest_route=%2Fwp%2Fv2%2Fmedia&parent=6439"}],"wp:term":[{"taxonomy":"category","embeddable":true,"href":"https:\/\/textundblog.de\/index.php?rest_route=%2Fwp%2Fv2%2Fcategories&post=6439"},{"taxonomy":"post_tag","embeddable":true,"href":"https:\/\/textundblog.de\/index.php?rest_route=%2Fwp%2Fv2%2Ftags&post=6439"}],"curies":[{"name":"wp","href":"https:\/\/api.w.org\/{rel}","templated":true}]}}