{"id":6436,"date":"2014-11-19T19:31:42","date_gmt":"2014-11-19T18:31:42","guid":{"rendered":"http:\/\/textundblog.de\/?p=6436"},"modified":"2014-11-19T19:36:02","modified_gmt":"2014-11-19T18:36:02","slug":"anstalt-macht-die-tore-auf","status":"publish","type":"post","link":"https:\/\/textundblog.de\/?p=6436","title":{"rendered":"Anstalt: Macht die Tore auf!"},"content":{"rendered":"<p><span class=\"embed-youtube\" style=\"text-align:center; display: block;\"><iframe loading=\"lazy\" class=\"youtube-player\" width=\"640\" height=\"360\" src=\"https:\/\/www.youtube.com\/embed\/sD_5acDwOak?version=3&#038;rel=1&#038;showsearch=0&#038;showinfo=1&#038;iv_load_policy=1&#038;fs=1&#038;hl=de-DE&#038;autohide=2&#038;wmode=transparent\" allowfullscreen=\"true\" style=\"border:0;\" sandbox=\"allow-scripts allow-same-origin allow-popups allow-presentation allow-popups-to-escape-sandbox\"><\/iframe><\/span><\/p>\n<p>Wer gestern die \u00ab<a href=\"http:\/\/anstalt.zdf.de\/\">Anstalt<\/a>\u00bb im ZDF gesehen hat, konnte einen ganz besonderen Fernsehmoment erleben. Als am Ende der Sendung, die ganz im Zeichen von \u00abMacht die Tore auf!\u00bb stand, der syrische Fl\u00fcchtlingschor \u00abZuflucht\u00bb <a href=\"http:\/\/www.zdf.de\/ZDFmediathek\/beitrag\/video\/2286696\/Janna-Janna#\/beitrag\/video\/2286696\/Janna-Janna\">sang<\/a>, waren nicht nur die Live-Zuschauer im Studio bewegt.<\/p>\n<p><a href=\"http:\/\/www.zdf.de\/ZDFmediathek\/beitrag\/video\/2286696\/Janna-Janna#\/beitrag\/video\/2286696\/Janna-Janna\"><img data-recalc-dims=\"1\" loading=\"lazy\" decoding=\"async\" data-attachment-id=\"6437\" data-permalink=\"https:\/\/textundblog.de\/?attachment_id=6437\" data-orig-file=\"https:\/\/i0.wp.com\/textundblog.de\/wp-content\/zuflucht-anstalt.jpg?fit=800%2C454&amp;ssl=1\" data-orig-size=\"800,454\" data-comments-opened=\"1\" data-image-meta=\"{&quot;aperture&quot;:&quot;0&quot;,&quot;credit&quot;:&quot;&quot;,&quot;camera&quot;:&quot;&quot;,&quot;caption&quot;:&quot;&quot;,&quot;created_timestamp&quot;:&quot;0&quot;,&quot;copyright&quot;:&quot;&quot;,&quot;focal_length&quot;:&quot;0&quot;,&quot;iso&quot;:&quot;0&quot;,&quot;shutter_speed&quot;:&quot;0&quot;,&quot;title&quot;:&quot;&quot;,&quot;orientation&quot;:&quot;0&quot;}\" data-image-title=\"zuflucht-anstalt\" data-image-description=\"\" data-image-caption=\"\" data-large-file=\"https:\/\/i0.wp.com\/textundblog.de\/wp-content\/zuflucht-anstalt.jpg?fit=800%2C454&amp;ssl=1\" title=\"syrischer Fl\u00fcchtlingschor \u00abZuflucht\u00bb\"  src=\"https:\/\/i0.wp.com\/textundblog.de\/wp-content\/zuflucht-anstalt.jpg?resize=800%2C454&#038;ssl=1\" alt=\"syrischer Fl\u00fcchtlingschor \u00abZuflucht\u00bb\" width=\"800\" height=\"454\" class=\"alignnone size-full wp-image-6437\" srcset=\"https:\/\/i0.wp.com\/textundblog.de\/wp-content\/zuflucht-anstalt.jpg?w=800&amp;ssl=1 800w, https:\/\/i0.wp.com\/textundblog.de\/wp-content\/zuflucht-anstalt.jpg?resize=300%2C170&amp;ssl=1 300w\" sizes=\"auto, (max-width: 800px) 100vw, 800px\" \/><\/a><\/p>\n<p>Selten hab ich mal so viele Retweets und Favoriten f\u00fcr einen TV-Hinweis bekommen:<\/p>\n<blockquote class=\"twitter-tweet\" data-width=\"500\" data-dnt=\"true\">\n<p lang=\"de\" dir=\"ltr\">Die sensationell gute <a href=\"https:\/\/twitter.com\/hashtag\/Anstalt?src=hash&amp;ref_src=twsrc%5Etfw\">#Anstalt<\/a> vom 18.11.2014 zum Nachschauen in der <a href=\"https:\/\/twitter.com\/ZDF?ref_src=twsrc%5Etfw\">@ZDF<\/a>-Mediathek. Macht die Tore auf! <a href=\"http:\/\/t.co\/46xh3wHgop\">http:\/\/t.co\/46xh3wHgop<\/a><\/p>\n<p>&mdash; Markus Trapp (@textundblog) <a href=\"https:\/\/twitter.com\/textundblog\/status\/534965869978599424?ref_src=twsrc%5Etfw\">November 19, 2014<\/a><\/p><\/blockquote>\n<p><script async src=\"https:\/\/platform.twitter.com\/widgets.js\" charset=\"utf-8\"><\/script><\/p>\n<p>Ich finde, so etwas geh\u00f6rt auch ins Blog. Die Politsatire mit Max Uthoff und Claus von Wagner wird wirklich immer besser. Lange hat es kein so gut gemachtes politisches Kabarett mehr im deutschen Fernsehen gegeben. Bitte unbedingt nachschauen.<\/p>\n<p>Bemerkenswert fand ich auch die Begleitung des Interesses an der Sendung durch das wie immer clever agierende Social Media Team des ZDF. Alle warteten darauf, dass die Sendung in der Mediathek erscheinen w\u00fcrde, um dieses TV-Highlight zu teilen. Dies wurde im Twitteraccount des ZDF nicht nur <a href=\"https:\/\/twitter.com\/ZDF\/status\/534838057435160576\">ironisch reflektiert<\/a>, sondern dort wurde auch sehr zeitnah informiert, wie lange es noch dauern w\u00fcrde:<\/p>\n<blockquote class=\"twitter-tweet\" data-width=\"500\" data-dnt=\"true\">\n<p lang=\"de\" dir=\"ltr\">Unsere <a href=\"https:\/\/twitter.com\/hashtag\/Anstalt?src=hash&amp;ref_src=twsrc%5Etfw\">#Anstalt<\/a> wird nun f\u00fcr die Mediathek gestreamt. Wenn\u2019s alles gut l\u00e4uft, ab ca. Mitternacht in der Mediathek!<\/p>\n<p>&mdash; ZDF (@ZDF) <a href=\"https:\/\/twitter.com\/ZDF\/status\/534834324236161024?ref_src=twsrc%5Etfw\">November 18, 2014<\/a><\/p><\/blockquote>\n<p><script async src=\"https:\/\/platform.twitter.com\/widgets.js\" charset=\"utf-8\"><\/script><\/p>\n","protected":false},"excerpt":{"rendered":"<p>Wer gestern die \u00abAnstalt\u00bb im ZDF gesehen hat, konnte einen ganz besonderen Fernsehmoment erleben. Als am Ende der Sendung, die ganz im Zeichen von \u00abMacht die Tore auf!\u00bb stand, der syrische Fl\u00fcchtlingschor \u00abZuflucht\u00bb sang, waren nicht nur die Live-Zuschauer im Studio bewegt. Selten hab ich mal so viele Retweets und Favoriten f\u00fcr einen TV-Hinweis bekommen: [&hellip;]<\/p>\n","protected":false},"author":1,"featured_media":0,"comment_status":"open","ping_status":"open","sticky":false,"template":"","format":"standard","meta":{"site-sidebar-layout":"default","site-content-layout":"","ast-site-content-layout":"default","site-content-style":"default","site-sidebar-style":"default","ast-global-header-display":"","ast-banner-title-visibility":"","ast-main-header-display":"","ast-hfb-above-header-display":"","ast-hfb-below-header-display":"","ast-hfb-mobile-header-display":"","site-post-title":"","ast-breadcrumbs-content":"","ast-featured-img":"","footer-sml-layout":"","theme-transparent-header-meta":"","adv-header-id-meta":"","stick-header-meta":"","header-above-stick-meta":"","header-main-stick-meta":"","header-below-stick-meta":"","astra-migrate-meta-layouts":"default","ast-page-background-enabled":"default","ast-page-background-meta":{"desktop":{"background-color":"var(--ast-global-color-4)","background-image":"","background-repeat":"repeat","background-position":"center center","background-size":"auto","background-attachment":"scroll","background-type":"","background-media":"","overlay-type":"","overlay-color":"","overlay-opacity":"","overlay-gradient":""},"tablet":{"background-color":"","background-image":"","background-repeat":"repeat","background-position":"center center","background-size":"auto","background-attachment":"scroll","background-type":"","background-media":"","overlay-type":"","overlay-color":"","overlay-opacity":"","overlay-gradient":""},"mobile":{"background-color":"","background-image":"","background-repeat":"repeat","background-position":"center center","background-size":"auto","background-attachment":"scroll","background-type":"","background-media":"","overlay-type":"","overlay-color":"","overlay-opacity":"","overlay-gradient":""}},"ast-content-background-meta":{"desktop":{"background-color":"var(--ast-global-color-5)","background-image":"","background-repeat":"repeat","background-position":"center center","background-size":"auto","background-attachment":"scroll","background-type":"","background-media":"","overlay-type":"","overlay-color":"","overlay-opacity":"","overlay-gradient":""},"tablet":{"background-color":"var(--ast-global-color-5)","background-image":"","background-repeat":"repeat","background-position":"center center","background-size":"auto","background-attachment":"scroll","background-type":"","background-media":"","overlay-type":"","overlay-color":"","overlay-opacity":"","overlay-gradient":""},"mobile":{"background-color":"var(--ast-global-color-5)","background-image":"","background-repeat":"repeat","background-position":"center center","background-size":"auto","background-attachment":"scroll","background-type":"","background-media":"","overlay-type":"","overlay-color":"","overlay-opacity":"","overlay-gradient":""}},"ngg_post_thumbnail":0,"jetpack_post_was_ever_published":false,"_jetpack_newsletter_access":"","_jetpack_dont_email_post_to_subs":false,"_jetpack_newsletter_tier_id":0,"_jetpack_memberships_contains_paywalled_content":false,"_jetpack_memberships_contains_paid_content":false,"footnotes":""},"categories":[9,18],"tags":[],"class_list":["post-6436","post","type-post","status-publish","format-standard","hentry","category-politik","category-video"],"jetpack_featured_media_url":"","jetpack_sharing_enabled":true,"jetpack_shortlink":"https:\/\/wp.me\/p4uzZ-1FO","jetpack-related-posts":[{"id":6449,"url":"https:\/\/textundblog.de\/?p=6449","url_meta":{"origin":6436,"position":0},"title":"Videokonferenz an der Uni Hamburg zum &#8218;Verschwinden&#8216; der 43 Studierenden von Ayotzinapa","author":"Markus","date":"30\/11\/2014","format":false,"excerpt":"Nicht nur in Mexiko w\u00e4chst der Protest wegen des 'Verschwindens' und der mutma\u00dflichen T\u00f6tung der 43 Lehramtsstudierenden (siehe Artikel S\u00fcddeutsche Zeitung) der Hochschule Ayotzinapa in Guerrero (zur Hochschule siehe auch die Fotoreportage auf Vice News). Weltweit finden mittlerweile Gedenk- und Informationsveranstaltungen zu Ayotzinapa statt. In K\u00fcrze auch in Hamburg, was\u2026","rel":"","context":"In &quot;Hamburg&quot;","block_context":{"text":"Hamburg","link":"https:\/\/textundblog.de\/?cat=15"},"img":{"alt_text":"Videokonferenz an der Uni Hamburg","src":"https:\/\/i0.wp.com\/textundblog.de\/wp-content\/Verschwundene_Studierende_Mexiko.jpg?resize=350%2C200&ssl=1","width":350,"height":200},"classes":[]},{"id":5849,"url":"https:\/\/textundblog.de\/?p=5849","url_meta":{"origin":6436,"position":1},"title":"Die Anstalt \u2013 Nachfolge-Team macht seine Sache gut","author":"Markus","date":"13\/3\/2014","format":false,"excerpt":"http:\/\/youtu.be\/R-16AZmdtW0 Die 2. Ausgabe von \u00abDie Anstalt\u00bb war eine sehr gute Sendung vorgestern. War positiv \u00fcberrascht \u00fcber das Nachfolge-Team von \u00abNeues aus der Anstalt\u00bb. Nachschauen lohnt.","rel":"","context":"In &quot;Politik&quot;","block_context":{"text":"Politik","link":"https:\/\/textundblog.de\/?cat=9"},"img":{"alt_text":"","src":"https:\/\/i0.wp.com\/img.youtube.com\/vi\/R-16AZmdtW0\/0.jpg?resize=350%2C200","width":350,"height":200},"classes":[]},{"id":7052,"url":"https:\/\/textundblog.de\/?p=7052","url_meta":{"origin":6436,"position":2},"title":"Die Anstalt zur neoliberalen Politik unter Selbstaufgabe der Sozialdemokratie","author":"Markus","date":"6\/4\/2016","format":false,"excerpt":"https:\/\/youtu.be\/h1_aKmg-_3g Wir schreiben das Jahr 11 nach Merkel. Die Reichen wurden immer reicher und die Armen immer mehr. Die gestern ausgestrahlte Anstalt ist unbedingt sehenswert. Was als lustiger Robin-Hood-Klamauk daherkommt, ist in Wahrheit eine tiefgr\u00fcndige und bitter wahre Analyse der Politik der vergangen beiden Jahrzehnte. Oder wie ich auf Twitter\u2026","rel":"","context":"In &quot;Politik&quot;","block_context":{"text":"Politik","link":"https:\/\/textundblog.de\/?cat=9"},"img":{"alt_text":"","src":"https:\/\/i0.wp.com\/textundblog.de\/wp-content\/dieanstalt-042016.jpg?resize=350%2C200&ssl=1","width":350,"height":200,"srcset":"https:\/\/i0.wp.com\/textundblog.de\/wp-content\/dieanstalt-042016.jpg?resize=350%2C200&ssl=1 1x, https:\/\/i0.wp.com\/textundblog.de\/wp-content\/dieanstalt-042016.jpg?resize=525%2C300&ssl=1 1.5x, https:\/\/i0.wp.com\/textundblog.de\/wp-content\/dieanstalt-042016.jpg?resize=700%2C400&ssl=1 2x"},"classes":[]},{"id":3832,"url":"https:\/\/textundblog.de\/?p=3832","url_meta":{"origin":6436,"position":3},"title":"Castor-Protest geht weit \u00fcber das Wendland hinaus","author":"Markus","date":"10\/11\/2010","format":false,"excerpt":"Der ZEIT ONLINE-Reporter Carsten Li\u00dfmann hat die Castor-Proteste begleitet. Sein lesenswertes Fazit ist auf ZEIT ONLINE nachzulesen: Drei N\u00e4chte harrten die Demonstranten im Wendland aus \u2013 ohne Aussicht, den Castor-Transport zu verhindern. Warum das alles? Weil es um mehr geht. [\u2026] Wenn jener Protest nach den Laufzeitverl\u00e4ngerungen durch die schwarz-gelbe\u2026","rel":"","context":"In &quot;Artikel&quot;","block_context":{"text":"Artikel","link":"https:\/\/textundblog.de\/?cat=5"},"img":{"alt_text":"Atom-Protest im Wendland. Foto: InAMillionYears.com","src":"https:\/\/i0.wp.com\/textundblog.de\/wp-content\/inamillionyears-tag-4.jpg?resize=350%2C200&ssl=1","width":350,"height":200},"classes":[]},{"id":6594,"url":"https:\/\/textundblog.de\/?p=6594","url_meta":{"origin":6436,"position":4},"title":"Die Anstalt: Griechenland und deutsche Reparationszahlungen","author":"Markus","date":"30\/3\/2015","format":false,"excerpt":"https:\/\/youtu.be\/hU9JirvxtX4 Wieder mal ein starker, ans Herz gehender Schluss der Anstalt: Sollte sich jede\/r anschauen. M\u00f6glichst auch die ganze Sendung \u00abDie Anstalt\u00bb, entweder morgen Abend, 31. M\u00e4rz, um 22:15 Uhr im ZDF oder jetzt schon in der Mediathek oder auf YouTube.","rel":"","context":"In &quot;Politik&quot;","block_context":{"text":"Politik","link":"https:\/\/textundblog.de\/?cat=9"},"img":{"alt_text":"","src":"https:\/\/i0.wp.com\/textundblog.de\/wp-content\/anstalt31032015.jpg?resize=350%2C200&ssl=1","width":350,"height":200,"srcset":"https:\/\/i0.wp.com\/textundblog.de\/wp-content\/anstalt31032015.jpg?resize=350%2C200&ssl=1 1x, https:\/\/i0.wp.com\/textundblog.de\/wp-content\/anstalt31032015.jpg?resize=525%2C300&ssl=1 1.5x"},"classes":[]},{"id":5313,"url":"https:\/\/textundblog.de\/?p=5313","url_meta":{"origin":6436,"position":5},"title":"Netzpolitik in &#8218;Neues aus der Anstalt&#8216;","author":"Markus","date":"27\/3\/2013","format":false,"excerpt":"http:\/\/youtu.be\/7HCl_eFa4Vs Ein bisschen zotig vielleicht, wie der Kabarettist Tobias Mann gestern Abend in \u00abNeues aus der Anstalt\u00bb \u00fcber Netzpolitik referiert hat, aber (leider) sehr treffend. Diejenigen, die zur Zeit \u00fcber Netzpolitik entscheiden, haben zum gr\u00f6\u00dften Teil nicht nur keine Ahnung davon, sondern treffen realit\u00e4tsferne und gef\u00e4hrliche Entscheidungen (wie etwa bei\u2026","rel":"","context":"In &quot;Politik&quot;","block_context":{"text":"Politik","link":"https:\/\/textundblog.de\/?cat=9"},"img":{"alt_text":"","src":"https:\/\/i0.wp.com\/img.youtube.com\/vi\/7HCl_eFa4Vs\/0.jpg?resize=350%2C200","width":350,"height":200},"classes":[]}],"_links":{"self":[{"href":"https:\/\/textundblog.de\/index.php?rest_route=\/wp\/v2\/posts\/6436","targetHints":{"allow":["GET"]}}],"collection":[{"href":"https:\/\/textundblog.de\/index.php?rest_route=\/wp\/v2\/posts"}],"about":[{"href":"https:\/\/textundblog.de\/index.php?rest_route=\/wp\/v2\/types\/post"}],"author":[{"embeddable":true,"href":"https:\/\/textundblog.de\/index.php?rest_route=\/wp\/v2\/users\/1"}],"replies":[{"embeddable":true,"href":"https:\/\/textundblog.de\/index.php?rest_route=%2Fwp%2Fv2%2Fcomments&post=6436"}],"version-history":[{"count":0,"href":"https:\/\/textundblog.de\/index.php?rest_route=\/wp\/v2\/posts\/6436\/revisions"}],"wp:attachment":[{"href":"https:\/\/textundblog.de\/index.php?rest_route=%2Fwp%2Fv2%2Fmedia&parent=6436"}],"wp:term":[{"taxonomy":"category","embeddable":true,"href":"https:\/\/textundblog.de\/index.php?rest_route=%2Fwp%2Fv2%2Fcategories&post=6436"},{"taxonomy":"post_tag","embeddable":true,"href":"https:\/\/textundblog.de\/index.php?rest_route=%2Fwp%2Fv2%2Ftags&post=6436"}],"curies":[{"name":"wp","href":"https:\/\/api.w.org\/{rel}","templated":true}]}}