{"id":6395,"date":"2014-11-12T17:02:36","date_gmt":"2014-11-12T16:02:36","guid":{"rendered":"http:\/\/textundblog.de\/?p=6395"},"modified":"2017-03-22T11:45:45","modified_gmt":"2017-03-22T10:45:45","slug":"netflix-und-house-of-cards-von-epischer-brechung-im-neuen-tv-zugang","status":"publish","type":"post","link":"https:\/\/textundblog.de\/?p=6395","title":{"rendered":"Netflix und House of Cards \u2013 Von Epischer Brechung im neuen TV-Zugang"},"content":{"rendered":"<p><a href=\"https:\/\/i0.wp.com\/textundblog.de\/wp-content\/netflix-mac-gr.jpg?ssl=1\"><img data-recalc-dims=\"1\" loading=\"lazy\" decoding=\"async\" data-attachment-id=\"6400\" data-permalink=\"https:\/\/textundblog.de\/?attachment_id=6400\" data-orig-file=\"https:\/\/i0.wp.com\/textundblog.de\/wp-content\/netflix-mac.jpg?fit=800%2C600&amp;ssl=1\" data-orig-size=\"800,600\" data-comments-opened=\"1\" data-image-meta=\"{&quot;aperture&quot;:&quot;0&quot;,&quot;credit&quot;:&quot;&quot;,&quot;camera&quot;:&quot;&quot;,&quot;caption&quot;:&quot;&quot;,&quot;created_timestamp&quot;:&quot;0&quot;,&quot;copyright&quot;:&quot;&quot;,&quot;focal_length&quot;:&quot;0&quot;,&quot;iso&quot;:&quot;0&quot;,&quot;shutter_speed&quot;:&quot;0&quot;,&quot;title&quot;:&quot;&quot;,&quot;orientation&quot;:&quot;0&quot;}\" data-image-title=\"netflix-mac\" data-image-description=\"\" data-image-caption=\"\" data-large-file=\"https:\/\/i0.wp.com\/textundblog.de\/wp-content\/netflix-mac.jpg?fit=800%2C600&amp;ssl=1\" src=\"https:\/\/i0.wp.com\/textundblog.de\/wp-content\/netflix-mac.jpg?resize=800%2C600&#038;ssl=1\" alt=\"Netflix: House of Cards auf dem MacBook Pro\" title=\"Netflix: House of Cards auf dem MacBook Pro\" width=\"800\" height=\"600\" class=\"alignnone size-full wp-image-6400\" srcset=\"https:\/\/i0.wp.com\/textundblog.de\/wp-content\/netflix-mac.jpg?w=800&amp;ssl=1 800w, https:\/\/i0.wp.com\/textundblog.de\/wp-content\/netflix-mac.jpg?resize=300%2C225&amp;ssl=1 300w\" sizes=\"auto, (max-width: 800px) 100vw, 800px\" \/><\/a><\/p>\n<p>Sorry, der Artikel wird etwas l\u00e4nger, aber ich bin gerade sehr begeistert von <a href=\"http:\/\/www.netflix.com\/de\">Netflix<\/a>. Und das nicht nur wegen der gro\u00dfartigen Netflix-Produktion <a href=\"http:\/\/www.netflix.com\/WiMovie\/70178217?mqso=81743207\">House of Cards<\/a>. Warum ich Netflix aber erst jetzt teste, und was mich an dem neuen &#8222;Fernseh&#8220;-Zugang und an der Serie so fasziniert, m\u00f6chte ich in ein paar Worten und Bildern mitteilen.<\/p>\n<p>Erstmal die profanen Gr\u00fcnde, warum ich Netflix erst relativ sp\u00e4t teste: in Deutschland gibt es den TV-Streamingdienst erst seit dem 16. September zu abonnieren und zu sehen (viele haben Netflix hier auch schon fr\u00fcher gesehen, das ging aber nur \u00fcber den Umweg eines US-Abos von Netflix). Der 16. September war auch f\u00fcr mich ein wichtiger Starttermin, denn da habe ich mein <a href=\"https:\/\/textundblog.de\/?p=6320\">Masterstudium beendet<\/a> und h\u00e4tte die neu gewonnene Zeit nutzen und mich mit einem Netflix-Abo belohnen k\u00f6nnen. Doch ich brach da gerade zum Filmfestival in San Sebasti\u00e1n und zu einer daran anschlie\u00dfenden Dienstreisewoche auf. Kein guter Zeitpunkt, einen neuen TV-Kanal zu testen. Danach hatte ich bis Ende Oktober die M\u00f6glichkeit auf einem Online-Portal des Festivals die Filme zu schauen, die ich in San Sebasti\u00e1n nicht geschafft hatte. Doch vergangenen Samstag war es dann endlich soweit, ich konnte meinen Netflix-Test starten. Den ersten Monat gibt&#8217;s gratis. Danach zahlt man je nach Modell 7,99 \u20ac, 8,99 \u20ac oder 11,99 \u20ac im Monat. Ich kann nach wenigen Tagen Test schon sagen, dass ich Netflix auf jeden Fall abonnieren werde. In der mittleren Variante zu 8,99 \u20ac (in HD-Aufl\u00f6sung, f\u00fcr 2 Ger\u00e4te).<br \/>\n<!--more--><\/p>\n<p><a href=\"https:\/\/i0.wp.com\/textundblog.de\/wp-content\/netflix-tv-gr.jpg?ssl=1\"><img data-recalc-dims=\"1\" loading=\"lazy\" decoding=\"async\" title=\"Netflix auf dem TV\" src=\"https:\/\/i0.wp.com\/textundblog.de\/wp-content\/netflix-tv.jpg?resize=350%2C467&#038;ssl=1\" alt=\"Netflix auf dem TV\" width=\"350\" height=\"467\" class=\"bildrechts\" \/><\/a> Die Auswahl an Filmen und Serien ist ganz ordentlich. Was ich klasse finde: Man w\u00e4hlt zum Start 3 Filme oder Serien aus, die einem gut gefallen und darauf hin macht Netflix Vorschl\u00e4ge, was einem aus dem Angebot zusagen k\u00f6nnte. Ich habe Sherlock (BBC), Dexter (siehe dazu meinen Artikel, in dem ich mich als Seriensp\u00e4tstarter geoutet hatte: <a href=\"https:\/\/textundblog.de\/?p=4473\">Dexter \u2013 Tiefgang und Spannung auf hohem Niveau<\/a>) und den Film Fargo ausgew\u00e4hlt. Damit wei\u00df Netflix dann schon mal ganz gut, in welche Richtung sich meine Sehgewohnheiten bewegen. Scharf war ich nat\u00fcrlich auf <em>House of Cards<\/em>, was es ja &#8211; neben dem Pay-TV-Sender Sky &#8211; nur bei Netflix zu sehen gibt. Dazu sp\u00e4ter mehr. Und was ich noch so sch\u00e4tze: man kann ausw\u00e4hlen, ob man die Serien und Filme im Original, in deutscher Synchronisation oder als Original mit deutschen Untertiteln sehen will. Ich schaue <em>House of Cards<\/em> als OmU. <\/p>\n<p>Was auch klasse ist: Man kann Netflix auf dem Fernseher sehen. Ich habe T-Entertain von der Telekom, da ist Netflix seit 14. Oktober mit empfangbar (siehe <a href=\"http:\/\/www.golem.de\/news\/deutsche-telekom-entertain-ab-morgen-mit-netflix-1410-109815.html\">Golem-Meldung<\/a>). Allerdings funzen da die Untertitel noch nicht (siehe <a href=\"https:\/\/telekomhilft.telekom.de\/t5\/Videothek-TV-Mediatheken\/Videoload-OHNE-Untertitel\/m-p\/1149388#M315\">Telekom-Forum<\/a>). Ich hoffe, dass sie das mit dem n\u00e4chsten Update der Netflix-App auf T-Entertain fixen. Solange schaue ich halt auf dem Notebook oder (noch lieber) auf dem iPad:<\/p>\n<p><a href=\"https:\/\/i0.wp.com\/textundblog.de\/wp-content\/netflix-ipad-gr.jpg?ssl=1\"><img data-recalc-dims=\"1\" loading=\"lazy\" decoding=\"async\" data-attachment-id=\"6396\" data-permalink=\"https:\/\/textundblog.de\/?attachment_id=6396\" data-orig-file=\"https:\/\/i0.wp.com\/textundblog.de\/wp-content\/netflix-ipad.jpg?fit=800%2C600&amp;ssl=1\" data-orig-size=\"800,600\" data-comments-opened=\"1\" data-image-meta=\"{&quot;aperture&quot;:&quot;0&quot;,&quot;credit&quot;:&quot;&quot;,&quot;camera&quot;:&quot;&quot;,&quot;caption&quot;:&quot;&quot;,&quot;created_timestamp&quot;:&quot;0&quot;,&quot;copyright&quot;:&quot;&quot;,&quot;focal_length&quot;:&quot;0&quot;,&quot;iso&quot;:&quot;0&quot;,&quot;shutter_speed&quot;:&quot;0&quot;,&quot;title&quot;:&quot;&quot;,&quot;orientation&quot;:&quot;0&quot;}\" data-image-title=\"netflix-ipad\" data-image-description=\"\" data-image-caption=\"\" data-large-file=\"https:\/\/i0.wp.com\/textundblog.de\/wp-content\/netflix-ipad.jpg?fit=800%2C600&amp;ssl=1\" title=\"Netflix auf dem iPad\" src=\"https:\/\/i0.wp.com\/textundblog.de\/wp-content\/netflix-ipad.jpg?resize=800%2C600&#038;ssl=1\" alt=\"Netflix auf dem iPad\" width=\"800\" height=\"600\" class=\"alignnone size-full wp-image-6396\" srcset=\"https:\/\/i0.wp.com\/textundblog.de\/wp-content\/netflix-ipad.jpg?w=800&amp;ssl=1 800w, https:\/\/i0.wp.com\/textundblog.de\/wp-content\/netflix-ipad.jpg?resize=300%2C225&amp;ssl=1 300w\" sizes=\"auto, (max-width: 800px) 100vw, 800px\" \/><\/a><\/p>\n<p>Hier kommen wir zum n\u00e4chsten sehr praktischen Vorteil: egal auf welchen Empfangsger\u00e4ten man seine Serien schaut, Netflix merkt sich immer, wo man aufgeh\u00f6rt hat zu sehen (auch mitten in den Folgen) und spielt bei der n\u00e4chsten Session das Programm genau an der Stelle weiter, wo man zuletzt aufgeh\u00f6rt hat zu sehen.<\/p>\n<p><a href=\"https:\/\/i0.wp.com\/textundblog.de\/wp-content\/netflix-mac2.jpg?ssl=1\"><img data-recalc-dims=\"1\" loading=\"lazy\" decoding=\"async\" data-attachment-id=\"6398\" data-permalink=\"https:\/\/textundblog.de\/?attachment_id=6398\" data-orig-file=\"https:\/\/i0.wp.com\/textundblog.de\/wp-content\/netflix-mac2.jpg?fit=800%2C600&amp;ssl=1\" data-orig-size=\"800,600\" data-comments-opened=\"1\" data-image-meta=\"{&quot;aperture&quot;:&quot;0&quot;,&quot;credit&quot;:&quot;&quot;,&quot;camera&quot;:&quot;&quot;,&quot;caption&quot;:&quot;&quot;,&quot;created_timestamp&quot;:&quot;0&quot;,&quot;copyright&quot;:&quot;&quot;,&quot;focal_length&quot;:&quot;0&quot;,&quot;iso&quot;:&quot;0&quot;,&quot;shutter_speed&quot;:&quot;0&quot;,&quot;title&quot;:&quot;&quot;,&quot;orientation&quot;:&quot;0&quot;}\" data-image-title=\"netflix-mac2\" data-image-description=\"\" data-image-caption=\"\" data-large-file=\"https:\/\/i0.wp.com\/textundblog.de\/wp-content\/netflix-mac2.jpg?fit=800%2C600&amp;ssl=1\" src=\"https:\/\/i0.wp.com\/textundblog.de\/wp-content\/netflix-mac2.jpg?resize=800%2C600&#038;ssl=1\" alt=\"Netflix: House of Cards auf dem MacBook Pro\" title=\"Netflix: House of Cards auf dem MacBook Pro\" width=\"800\" height=\"600\" class=\"alignnone size-full wp-image-6398\" srcset=\"https:\/\/i0.wp.com\/textundblog.de\/wp-content\/netflix-mac2.jpg?w=800&amp;ssl=1 800w, https:\/\/i0.wp.com\/textundblog.de\/wp-content\/netflix-mac2.jpg?resize=300%2C225&amp;ssl=1 300w\" sizes=\"auto, (max-width: 800px) 100vw, 800px\" \/><\/a><\/p>\n<p>Zu <em>House of Cards<\/em> k\u00f6nnte ich jetzt seitenlang schreiben, wieso die Serie so gro\u00dfartig ist, doch m\u00f6chte ich eure zeit nicht \u00fcber Geb\u00fchr beanspruchen und fasse mich lieber kurz. Erstmal der Trailer, der schon einen guten Endruck von der visuellen Qualit\u00e4t, den guten Schauspielern und der Brecht&#8217;schen Epischen Brechung \u2013 dazu gleich mehr \u2013 gibt, die mich so fasziniert:<\/p>\n<p><span class=\"embed-youtube\" style=\"text-align:center; display: block;\"><iframe loading=\"lazy\" class=\"youtube-player\" width=\"640\" height=\"360\" src=\"https:\/\/www.youtube.com\/embed\/ULwUzF1q5w4?version=3&#038;rel=1&#038;showsearch=0&#038;showinfo=1&#038;iv_load_policy=1&#038;fs=1&#038;hl=de-DE&#038;autohide=2&#038;wmode=transparent\" allowfullscreen=\"true\" style=\"border:0;\" sandbox=\"allow-scripts allow-same-origin allow-popups allow-presentation allow-popups-to-escape-sandbox\"><\/iframe><\/span><\/p>\n<p><a href=\"https:\/\/de.wikipedia.org\/wiki\/Kevin_Spacey\">Kevin Spacey<\/a> spielt hier die Rolle seines Lebens. Er verk\u00f6rpert den Politiker Frank Underwood so echt, dass man eigentlich nur durch die bereits angesprochene Epische Brechung von Brecht aus der Illusion gerissen wird und einem klar wird, dass man keine Dokumentation, sondern eben Fiktion sieht. Der von Brecht in dessen Epischem Theater eingef\u00fchrte <a href=\"https:\/\/de.wikipedia.org\/wiki\/Verfremdungseffekt\">Verfremdungseffekt<\/a> f\u00fchrt dazu, dass der Zuschauer eine kritische Distanz zum Dargestellten einnimmt, da er immer wieder durch eine oder mehrere Personen mitten aus der Handlung heraus direkt angesprochen wird, sehr sch\u00f6n im obigen Trailer zu sehen, wenn Kevin Spacey pl\u00f6tzlich zum Zuschauer redet. Aber es ist nicht nur Kevin Spacey, der hier brilliert, bis in die Supporting Acts und die weiteren Nebenrollen ist <em>House of Cards<\/em> brilliant besetzt.<\/p>\n<p>Auch wenn das f\u00fcr Serienjunkies sicher wenig beeindruckend ist, habe ich gleich am ersten Netflix-Tag meinen pers\u00f6nlichen Rekord aufgestellt, indem ich am Samstag-Abend vier (!) Folgen in Folge gesehen habe. Das selbstbestimmte Sehen ist auch ein gro\u00dfer Vorteil gegen\u00fcber festen Sendezeiten vom Fernsehen der alten Schule: Filme und Serien dann sehen, wenn man selbst Zeit und Lust dazu hat und nicht, weil die Programmplaner zu einer bestimmten Stunde und zu einem bestimmten Rhythmus vorgesehen haben, wann wir etwas sehen d\u00fcrfen.<\/p>\n","protected":false},"excerpt":{"rendered":"<p>Sorry, der Artikel wird etwas l\u00e4nger, aber ich bin gerade sehr begeistert von Netflix. Und das nicht nur wegen der gro\u00dfartigen Netflix-Produktion House of Cards. Warum ich Netflix aber erst jetzt teste, und was mich an dem neuen &#8222;Fernseh&#8220;-Zugang und an der Serie so fasziniert, m\u00f6chte ich in ein paar Worten und Bildern mitteilen. Erstmal [&hellip;]<\/p>\n","protected":false},"author":1,"featured_media":0,"comment_status":"open","ping_status":"open","sticky":false,"template":"","format":"standard","meta":{"site-sidebar-layout":"default","site-content-layout":"","ast-site-content-layout":"default","site-content-style":"default","site-sidebar-style":"default","ast-global-header-display":"","ast-banner-title-visibility":"","ast-main-header-display":"","ast-hfb-above-header-display":"","ast-hfb-below-header-display":"","ast-hfb-mobile-header-display":"","site-post-title":"","ast-breadcrumbs-content":"","ast-featured-img":"","footer-sml-layout":"","theme-transparent-header-meta":"","adv-header-id-meta":"","stick-header-meta":"","header-above-stick-meta":"","header-main-stick-meta":"","header-below-stick-meta":"","astra-migrate-meta-layouts":"default","ast-page-background-enabled":"default","ast-page-background-meta":{"desktop":{"background-color":"var(--ast-global-color-4)","background-image":"","background-repeat":"repeat","background-position":"center center","background-size":"auto","background-attachment":"scroll","background-type":"","background-media":"","overlay-type":"","overlay-color":"","overlay-opacity":"","overlay-gradient":""},"tablet":{"background-color":"","background-image":"","background-repeat":"repeat","background-position":"center center","background-size":"auto","background-attachment":"scroll","background-type":"","background-media":"","overlay-type":"","overlay-color":"","overlay-opacity":"","overlay-gradient":""},"mobile":{"background-color":"","background-image":"","background-repeat":"repeat","background-position":"center center","background-size":"auto","background-attachment":"scroll","background-type":"","background-media":"","overlay-type":"","overlay-color":"","overlay-opacity":"","overlay-gradient":""}},"ast-content-background-meta":{"desktop":{"background-color":"var(--ast-global-color-5)","background-image":"","background-repeat":"repeat","background-position":"center center","background-size":"auto","background-attachment":"scroll","background-type":"","background-media":"","overlay-type":"","overlay-color":"","overlay-opacity":"","overlay-gradient":""},"tablet":{"background-color":"var(--ast-global-color-5)","background-image":"","background-repeat":"repeat","background-position":"center center","background-size":"auto","background-attachment":"scroll","background-type":"","background-media":"","overlay-type":"","overlay-color":"","overlay-opacity":"","overlay-gradient":""},"mobile":{"background-color":"var(--ast-global-color-5)","background-image":"","background-repeat":"repeat","background-position":"center center","background-size":"auto","background-attachment":"scroll","background-type":"","background-media":"","overlay-type":"","overlay-color":"","overlay-opacity":"","overlay-gradient":""}},"ngg_post_thumbnail":0,"jetpack_post_was_ever_published":false,"_jetpack_newsletter_access":"","_jetpack_dont_email_post_to_subs":true,"_jetpack_newsletter_tier_id":0,"_jetpack_memberships_contains_paywalled_content":false,"_jetpack_memberships_contains_paid_content":false,"footnotes":""},"categories":[4,2,3,18],"tags":[],"class_list":["post-6395","post","type-post","status-publish","format-standard","hentry","category-internet","category-kino","category-tv","category-video"],"jetpack_featured_media_url":"","jetpack_sharing_enabled":true,"jetpack_shortlink":"https:\/\/wp.me\/p4uzZ-1F9","jetpack-related-posts":[{"id":6798,"url":"https:\/\/textundblog.de\/?p=6798","url_meta":{"origin":6395,"position":0},"title":"Black Mirror &#8211; Netflix-Empfehlung","author":"Markus","date":"5\/11\/2015","format":false,"excerpt":"https:\/\/youtu.be\/jROLrhQkK78 M\u00f6ge die Zukunft nicht so werden wie das, was wir in \u00abBlack Mirror\u00bb zu sehen bekommen. Die britische Serie von Charlie Brooker (Start 2011) ist jetzt auf Netflix zu sehen. The Atlantic dazu: Black Mirror Is the Perfect Show for Netflix). Ich danke @mirnein f\u00fcr den Tipp, die \u2013\u2026","rel":"","context":"In &quot;TV&quot;","block_context":{"text":"TV","link":"https:\/\/textundblog.de\/?cat=3"},"img":{"alt_text":"","src":"https:\/\/i0.wp.com\/textundblog.de\/wp-content\/blackmirror.jpg?resize=350%2C200&ssl=1","width":350,"height":200,"srcset":"https:\/\/i0.wp.com\/textundblog.de\/wp-content\/blackmirror.jpg?resize=350%2C200&ssl=1 1x, https:\/\/i0.wp.com\/textundblog.de\/wp-content\/blackmirror.jpg?resize=525%2C300&ssl=1 1.5x"},"classes":[]},{"id":6778,"url":"https:\/\/textundblog.de\/?p=6778","url_meta":{"origin":6395,"position":1},"title":"Fargo \u2013 Spirit des Kinofilms aufs Serienformat \u00fcbertragen","author":"Markus","date":"21\/10\/2015","format":false,"excerpt":"https:\/\/youtu.be\/gKs8DzjPDMU Fargo stand, seit ich Netflix nutze, dort auf meiner To-Watch-Liste Kein Wunder, dass Netflix mir die Serie von Anfang an zum Anschauen empfohlen hatte, denn der gleichnamige Film geh\u00f6rte zu den f\u00fcnf Lieblingsfilmen, die ich zu meinem hier im Blog beschriebenen Start auf Netflix angegeben hatte: Netflix und House\u2026","rel":"","context":"In &quot;Kino&quot;","block_context":{"text":"Kino","link":"https:\/\/textundblog.de\/?cat=2"},"img":{"alt_text":"","src":"https:\/\/i0.wp.com\/textundblog.de\/wp-content\/fargo-serie.jpg?resize=350%2C200&ssl=1","width":350,"height":200},"classes":[]},{"id":6885,"url":"https:\/\/textundblog.de\/?p=6885","url_meta":{"origin":6395,"position":2},"title":"Eine kleine Fernsehgeschichte der Serien in Deutschland und USA","author":"Markus","date":"6\/12\/2015","format":false,"excerpt":"Der Germanist und Medienwissenschaftler Dietrich Leder hat einen langen und h\u00f6chst lesenswerten Text zur Bedeutung von Serien im deutschen und us-amerikanischen Fernsehen geschrieben, den ich zur Lekt\u00fcre empfehlen m\u00f6chte. Selten wurde deutsche Fernsehgeschichte mit all ihren Einfl\u00fcssen, Kopier- und gleichzeitig auch Abgrenzungsversuchen gegen\u00fcber den us-amerikanischen Vorbildern so kundig und versiert\u2026","rel":"","context":"In &quot;Artikel&quot;","block_context":{"text":"Artikel","link":"https:\/\/textundblog.de\/?cat=5"},"img":{"alt_text":"","src":"https:\/\/i0.wp.com\/textundblog.de\/wp-content\/serien.jpg?resize=350%2C200&ssl=1","width":350,"height":200,"srcset":"https:\/\/i0.wp.com\/textundblog.de\/wp-content\/serien.jpg?resize=350%2C200&ssl=1 1x, https:\/\/i0.wp.com\/textundblog.de\/wp-content\/serien.jpg?resize=525%2C300&ssl=1 1.5x"},"classes":[]},{"id":7123,"url":"https:\/\/textundblog.de\/?p=7123","url_meta":{"origin":6395,"position":3},"title":"Medienkritik","author":"Markus","date":"10\/6\/2016","format":false,"excerpt":"Wie so viele von uns, bin auch ich begeistert von Netflix. Wie so viele von uns, mag ich die epische Breite des Erz\u00e4hlens im Serienformat. Wie so viele von uns, freue ich mich, dass bald die 4. Staffel von Orange is the New Black ausgestrahlt wird. Man kann und muss\u2026","rel":"","context":"In &quot;Kino&quot;","block_context":{"text":"Kino","link":"https:\/\/textundblog.de\/?cat=2"},"img":{"alt_text":"Tweet der Woche","src":"wp-images\/tweetderwoche2-200x96.jpg","width":350,"height":200},"classes":[]},{"id":6663,"url":"https:\/\/textundblog.de\/?p=6663","url_meta":{"origin":6395,"position":4},"title":"Extrem gut gemachte Unterhaltung: Unbreakable Kimmy Schmidt","author":"Markus","date":"9\/6\/2015","format":false,"excerpt":"Warum ich froh bin, dass es Netflix gibt? Aktuell wegen \u00abUnbreakable Kimmy Schmidt\u00bb. F\u00fcr mich eine der besten Comedy-Serien seit Langem. Nichts Anspruchsvolles, zugegeben. Aber sehr gut gemachte Unterhaltung, und ich finde, das ist eine besondere Erw\u00e4hnung wert: https:\/\/youtu.be\/mNKEKlXY3Z4 Die SZ schreibt vollkommen zurecht: Kimmy Schmidt rettet gerade ziemlich vielen\u2026","rel":"","context":"In &quot;TV&quot;","block_context":{"text":"TV","link":"https:\/\/textundblog.de\/?cat=3"},"img":{"alt_text":"Unbreakable Kimmy Schmidt","src":"https:\/\/i0.wp.com\/textundblog.de\/wp-content\/kimmyschmidt.jpg?resize=350%2C200&ssl=1","width":350,"height":200,"srcset":"https:\/\/i0.wp.com\/textundblog.de\/wp-content\/kimmyschmidt.jpg?resize=350%2C200&ssl=1 1x, https:\/\/i0.wp.com\/textundblog.de\/wp-content\/kimmyschmidt.jpg?resize=525%2C300&ssl=1 1.5x, https:\/\/i0.wp.com\/textundblog.de\/wp-content\/kimmyschmidt.jpg?resize=700%2C400&ssl=1 2x"},"classes":[]},{"id":8527,"url":"https:\/\/textundblog.de\/?p=8527","url_meta":{"origin":6395,"position":5},"title":"Zeit f\u00fcr den Crosstrainer","author":"Markus","date":"29\/1\/2018","format":false,"excerpt":"Jetzt hat mein #Crosstrainer auch \u2019ne #Bodenmatte darunter. Der Holzboden und die Nachbarn unter mir werden\u2018s mir danken. Ein Beitrag geteilt von Markus Trapp (@textundblog) am Jan 25, 2018 um 1:56 PST Das ist mein neuer Crosstrainer. Seit 3 Wochen trainiere ich auf ihm. 3 x die Woche je 30\u2026","rel":"","context":"In &quot;Allgemeines&quot;","block_context":{"text":"Allgemeines","link":"https:\/\/textundblog.de\/?cat=1"},"img":{"alt_text":"","src":"https:\/\/i0.wp.com\/textundblog.de\/wp-content\/C677FBBA-D769-4812-BC8C-144F5049AF2F-1024x768.jpeg?resize=350%2C200&ssl=1","width":350,"height":200,"srcset":"https:\/\/i0.wp.com\/textundblog.de\/wp-content\/C677FBBA-D769-4812-BC8C-144F5049AF2F-1024x768.jpeg?resize=350%2C200&ssl=1 1x, https:\/\/i0.wp.com\/textundblog.de\/wp-content\/C677FBBA-D769-4812-BC8C-144F5049AF2F-1024x768.jpeg?resize=525%2C300&ssl=1 1.5x, https:\/\/i0.wp.com\/textundblog.de\/wp-content\/C677FBBA-D769-4812-BC8C-144F5049AF2F-1024x768.jpeg?resize=700%2C400&ssl=1 2x"},"classes":[]}],"_links":{"self":[{"href":"https:\/\/textundblog.de\/index.php?rest_route=\/wp\/v2\/posts\/6395","targetHints":{"allow":["GET"]}}],"collection":[{"href":"https:\/\/textundblog.de\/index.php?rest_route=\/wp\/v2\/posts"}],"about":[{"href":"https:\/\/textundblog.de\/index.php?rest_route=\/wp\/v2\/types\/post"}],"author":[{"embeddable":true,"href":"https:\/\/textundblog.de\/index.php?rest_route=\/wp\/v2\/users\/1"}],"replies":[{"embeddable":true,"href":"https:\/\/textundblog.de\/index.php?rest_route=%2Fwp%2Fv2%2Fcomments&post=6395"}],"version-history":[{"count":0,"href":"https:\/\/textundblog.de\/index.php?rest_route=\/wp\/v2\/posts\/6395\/revisions"}],"wp:attachment":[{"href":"https:\/\/textundblog.de\/index.php?rest_route=%2Fwp%2Fv2%2Fmedia&parent=6395"}],"wp:term":[{"taxonomy":"category","embeddable":true,"href":"https:\/\/textundblog.de\/index.php?rest_route=%2Fwp%2Fv2%2Fcategories&post=6395"},{"taxonomy":"post_tag","embeddable":true,"href":"https:\/\/textundblog.de\/index.php?rest_route=%2Fwp%2Fv2%2Ftags&post=6395"}],"curies":[{"name":"wp","href":"https:\/\/api.w.org\/{rel}","templated":true}]}}