{"id":6276,"date":"2014-08-23T18:56:56","date_gmt":"2014-08-23T16:56:56","guid":{"rendered":"http:\/\/textundblog.de\/?p=6276"},"modified":"2025-09-30T09:11:52","modified_gmt":"2025-09-30T07:11:52","slug":"you-are-so-beautiful-to-me-eine-ode-an-die-tomate","status":"publish","type":"post","link":"https:\/\/textundblog.de\/?p=6276","title":{"rendered":"You are so beautiful to me &#8211; Eine Ode an die Tomate"},"content":{"rendered":"<p><a href=\"http:\/\/www.arte.tv\/guide\/de\/047959-000\/triumph-der-tomate\/?vid=047959-000_PLUS7-D\"><img data-recalc-dims=\"1\" loading=\"lazy\" decoding=\"async\" data-attachment-id=\"6278\" data-permalink=\"https:\/\/textundblog.de\/?attachment_id=6278\" data-orig-file=\"https:\/\/i0.wp.com\/textundblog.de\/wp-content\/tomaten-doku-arte.jpg?fit=800%2C451&amp;ssl=1\" data-orig-size=\"800,451\" data-comments-opened=\"1\" data-image-meta=\"{&quot;aperture&quot;:&quot;0&quot;,&quot;credit&quot;:&quot;&quot;,&quot;camera&quot;:&quot;&quot;,&quot;caption&quot;:&quot;&quot;,&quot;created_timestamp&quot;:&quot;0&quot;,&quot;copyright&quot;:&quot;&quot;,&quot;focal_length&quot;:&quot;0&quot;,&quot;iso&quot;:&quot;0&quot;,&quot;shutter_speed&quot;:&quot;0&quot;,&quot;title&quot;:&quot;&quot;}\" data-image-title=\"Tomaten-Doku auf Arte\" data-image-description=\"&lt;p&gt;Tomaten-Doku auf Arte&lt;\/p&gt;\n\" data-image-caption=\"\" data-large-file=\"https:\/\/i0.wp.com\/textundblog.de\/wp-content\/tomaten-doku-arte.jpg?fit=800%2C451&amp;ssl=1\" title=\"Tomaten-Doku auf Arte\"  src=\"https:\/\/i0.wp.com\/textundblog.de\/wp-content\/tomaten-doku-arte.jpg?resize=800%2C451&#038;ssl=1\" alt=\"Tomaten-Doku auf Arte\" width=\"800\" height=\"451\" class=\"alignnone size-full wp-image-6278\" srcset=\"https:\/\/i0.wp.com\/textundblog.de\/wp-content\/tomaten-doku-arte.jpg?w=800&amp;ssl=1 800w, https:\/\/i0.wp.com\/textundblog.de\/wp-content\/tomaten-doku-arte.jpg?resize=300%2C169&amp;ssl=1 300w\" sizes=\"auto, (max-width: 800px) 100vw, 800px\" \/><\/a><\/p>\n<p>Nach dem Betrachten der Doku \u00ab<a href=\"http:\/\/www.arte.tv\/guide\/de\/047959-000\/triumph-der-tomate\/?vid=047959-000_PLUS7-D\">Triumph der Tomate<\/a>\u00bb werdet ihr vielleicht darauf verzichten, industriell hergestellte Tomaten aus dem Discounter zu kaufen und auf Tomaten vom Wochenmarkt zur\u00fcckgreifen (es gibt ja zum Beispiel kaum etwas Leckereres als <a href=\"https:\/\/textundblog.de\/?p=3540\">Tomaten mit Fleur de sel<\/a>):<br \/>\n<!--more--><\/p>\n<p><script type=\"text\/javascript\" src=\"https:\/\/www-secure.arte.tv\/arte_vp\/embed.php?json_url=http%3A%2F%2Farte.tv%2Fpapi%2Ftvguide%2Fvideos%2Fstream%2Fplayer%2FD%2F047959-000_PLUS7-D%2FALL%2FALL.json&#038;lang=de_DE&#038;config=arte_tvguide&#038;width=720&#038;height=406\"><\/script><\/p>\n<blockquote><p>\nVor rund 500 Jahren begann die Tomate, sich in Europa zu etablieren. Heute werden j\u00e4hrlich weltweit etwa 120 Tonnen der roten Frucht verzehrt. Doch dieser Boom brachte auch Nachteile mit sich\u2026 Maria Magdalena Koller erz\u00e4hlt in ihrem Dokumentarfilm vom Siegeszug des Paradiesapfels und zeigt die neuesten Entwicklungen und Forschungen zum Thema.<\/p><\/blockquote>\n<p>Etwas arg strapaziert wird das Bild der Tomate als Verf\u00fchrerin. Man mag es der Doku nachsehen, zeigt sie doch ansonsten sehr sch\u00f6n, was die Tomate so besonders macht. Dabei gibt es einige \u00dcberraschungen. Etwa einen Tomatenz\u00fcchter der Tomatensamen in Damenstr\u00fcmpfen aufbewahrt (zu den Bildern, wenn er auf dem Dachboden an den aufgeh\u00e4ngten Netzstr\u00fcmpfen schn\u00fcffelt, sag ich nur <em>Honi soit qui mal y pense<\/em>). Und einen Tomatenz\u00fcchter, dem man so etwas gar nicht zugetraut h\u00e4tte: Joe Cocker. In der Doku bekommt sein geschickt in wundersch\u00f6ne Bilder seiner Tomaten eingespieltes \u00ab<a href=\"http:\/\/youtu.be\/wlDmslyGmGI\">You are so beautiful to me<\/a>\u00bb eine ganz eigene Bedeutung.<\/p>\n<p><a href=\"http:\/\/www.arte.tv\/guide\/de\/047959-000\/triumph-der-tomate\/?vid=047959-000_PLUS7-D\"><img data-recalc-dims=\"1\" loading=\"lazy\" decoding=\"async\" data-attachment-id=\"6277\" data-permalink=\"https:\/\/textundblog.de\/?attachment_id=6277\" data-orig-file=\"https:\/\/i0.wp.com\/textundblog.de\/wp-content\/tomaten-cocker.jpg?fit=800%2C500&amp;ssl=1\" data-orig-size=\"800,500\" data-comments-opened=\"1\" data-image-meta=\"{&quot;aperture&quot;:&quot;0&quot;,&quot;credit&quot;:&quot;&quot;,&quot;camera&quot;:&quot;&quot;,&quot;caption&quot;:&quot;&quot;,&quot;created_timestamp&quot;:&quot;0&quot;,&quot;copyright&quot;:&quot;&quot;,&quot;focal_length&quot;:&quot;0&quot;,&quot;iso&quot;:&quot;0&quot;,&quot;shutter_speed&quot;:&quot;0&quot;,&quot;title&quot;:&quot;&quot;}\" data-image-title=\"Tomatenz\u00fcchter Joe Cocker\" data-image-description=\"&lt;p&gt;Tomatenz\u00fcchter Joe Cocker&lt;\/p&gt;\n\" data-image-caption=\"\" data-large-file=\"https:\/\/i0.wp.com\/textundblog.de\/wp-content\/tomaten-cocker.jpg?fit=800%2C500&amp;ssl=1\" title=\"Tomatenz\u00fcchter Joe Cocker\"  src=\"https:\/\/i0.wp.com\/textundblog.de\/wp-content\/tomaten-cocker.jpg?resize=800%2C500&#038;ssl=1\" alt=\"Tomatenz\u00fcchter Joe Cocker\" width=\"800\" height=\"500\" class=\"alignnone size-full wp-image-6277\" srcset=\"https:\/\/i0.wp.com\/textundblog.de\/wp-content\/tomaten-cocker.jpg?w=800&amp;ssl=1 800w, https:\/\/i0.wp.com\/textundblog.de\/wp-content\/tomaten-cocker.jpg?resize=300%2C187&amp;ssl=1 300w\" sizes=\"auto, (max-width: 800px) 100vw, 800px\" \/><\/a><\/p>\n<p>In der <a href=\"http:\/\/www.arte.tv\/guide\/de\/047959-000\/triumph-der-tomate\/?vid=047959-000_PLUS7-D\">Arte-Mediathek<\/a> ist die Dokumentation von Maria Magdalena Koller noch sechs Tage nachschaubar. Wiederholungen im TV: Sa, 30.08. um 18:00 Uhr und Fr, 05.09. um 18:30 Uhr.<\/p>\n","protected":false},"excerpt":{"rendered":"<p>Nach dem Betrachten der Doku \u00abTriumph der Tomate\u00bb werdet ihr vielleicht darauf verzichten, industriell hergestellte Tomaten aus dem Discounter zu kaufen und auf Tomaten vom Wochenmarkt zur\u00fcckgreifen (es gibt ja zum Beispiel kaum etwas Leckereres als Tomaten mit Fleur de sel):<\/p>\n","protected":false},"author":1,"featured_media":0,"comment_status":"open","ping_status":"closed","sticky":false,"template":"","format":"standard","meta":{"site-sidebar-layout":"default","site-content-layout":"","ast-site-content-layout":"default","site-content-style":"default","site-sidebar-style":"default","ast-global-header-display":"","ast-banner-title-visibility":"","ast-main-header-display":"","ast-hfb-above-header-display":"","ast-hfb-below-header-display":"","ast-hfb-mobile-header-display":"","site-post-title":"","ast-breadcrumbs-content":"","ast-featured-img":"","footer-sml-layout":"","theme-transparent-header-meta":"default","adv-header-id-meta":"","stick-header-meta":"","header-above-stick-meta":"","header-main-stick-meta":"","header-below-stick-meta":"","astra-migrate-meta-layouts":"set","ast-page-background-enabled":"default","ast-page-background-meta":{"desktop":{"background-color":"var(--ast-global-color-4)","background-image":"","background-repeat":"repeat","background-position":"center center","background-size":"auto","background-attachment":"scroll","background-type":"","background-media":"","overlay-type":"","overlay-color":"","overlay-opacity":"","overlay-gradient":""},"tablet":{"background-color":"","background-image":"","background-repeat":"repeat","background-position":"center center","background-size":"auto","background-attachment":"scroll","background-type":"","background-media":"","overlay-type":"","overlay-color":"","overlay-opacity":"","overlay-gradient":""},"mobile":{"background-color":"","background-image":"","background-repeat":"repeat","background-position":"center center","background-size":"auto","background-attachment":"scroll","background-type":"","background-media":"","overlay-type":"","overlay-color":"","overlay-opacity":"","overlay-gradient":""}},"ast-content-background-meta":{"desktop":{"background-color":"var(--ast-global-color-5)","background-image":"","background-repeat":"repeat","background-position":"center center","background-size":"auto","background-attachment":"scroll","background-type":"","background-media":"","overlay-type":"","overlay-color":"","overlay-opacity":"","overlay-gradient":""},"tablet":{"background-color":"var(--ast-global-color-5)","background-image":"","background-repeat":"repeat","background-position":"center center","background-size":"auto","background-attachment":"scroll","background-type":"","background-media":"","overlay-type":"","overlay-color":"","overlay-opacity":"","overlay-gradient":""},"mobile":{"background-color":"var(--ast-global-color-5)","background-image":"","background-repeat":"repeat","background-position":"center center","background-size":"auto","background-attachment":"scroll","background-type":"","background-media":"","overlay-type":"","overlay-color":"","overlay-opacity":"","overlay-gradient":""}},"ngg_post_thumbnail":0,"jetpack_post_was_ever_published":false,"_jetpack_newsletter_access":"","_jetpack_dont_email_post_to_subs":false,"_jetpack_newsletter_tier_id":0,"_jetpack_memberships_contains_paywalled_content":false,"_jetpack_memberships_contains_paid_content":false,"footnotes":""},"categories":[4],"tags":[],"class_list":["post-6276","post","type-post","status-publish","format-standard","hentry","category-internet"],"jetpack_featured_media_url":"","jetpack_sharing_enabled":true,"jetpack_shortlink":"https:\/\/wp.me\/p4uzZ-1De","jetpack-related-posts":[{"id":8559,"url":"https:\/\/textundblog.de\/?p=8559","url_meta":{"origin":6276,"position":0},"title":"Sauce Bolognese mit Pasta Pappardelle Pomodoro","author":"Markus","date":"11\/2\/2018","format":false,"excerpt":"Ehe ich dieses extrem leckere Bolognese-Rezept vorstelle, noch ein paar Worte zu den Nudeln: Dass ich durch meinen k\u00fcrzlich vorgestellten Pastamaker zur Zeit auf dem Nudeltrip bin, ist sicher verst\u00e4ndlich. Nach Tagliatelle mit Shi Take und Fettuccine Gorgonzola hatte ich die Nudelmaschine gestern innerhalb einer Woche schon zum dritten Mal\u2026","rel":"","context":"In &quot;Rezepte&quot;","block_context":{"text":"Rezepte","link":"https:\/\/textundblog.de\/?cat=85"},"img":{"alt_text":"Sauce Bolognese mit Pasta Pappardelle Pomodoro","src":"https:\/\/i0.wp.com\/textundblog.de\/wp-content\/415A4C6E-CC4A-4C25-8C87-269A4BA38EB5-e1518348950262-300x300.jpeg?resize=350%2C200&ssl=1","width":350,"height":200},"classes":[]},{"id":7876,"url":"https:\/\/textundblog.de\/?p=7876","url_meta":{"origin":6276,"position":1},"title":"Blumenkohl auf indische Art mit Chorizo-Ingwer-Tomaten-So\u00dfe","author":"Markus","date":"7\/5\/2017","format":false,"excerpt":"Manchmal koche ich nach Rezept, und manchmal koche ich je nach gerade vorhandenen Zutaten. Letztes Wochenende habe ich beides irgendwie kombiniert. Herausgekommen ist Blumenkohl auf indische Art mit einer Chorizo-Tomatenso\u00dfe. Wie es kam und wie es geht, beschreibe ich im Folgenden. Um ein weiteres Rezept aus meinem neulich hier vorgestellten\u2026","rel":"","context":"In &quot;Rezepte&quot;","block_context":{"text":"Rezepte","link":"https:\/\/textundblog.de\/?cat=85"},"img":{"alt_text":"Blumenkohl auf indische Art mit Chorizo","src":"https:\/\/i0.wp.com\/textundblog.de\/wp-content\/IMG_1448-1024x1024.jpg?resize=350%2C200&ssl=1","width":350,"height":200,"srcset":"https:\/\/i0.wp.com\/textundblog.de\/wp-content\/IMG_1448-1024x1024.jpg?resize=350%2C200&ssl=1 1x, https:\/\/i0.wp.com\/textundblog.de\/wp-content\/IMG_1448-1024x1024.jpg?resize=525%2C300&ssl=1 1.5x, https:\/\/i0.wp.com\/textundblog.de\/wp-content\/IMG_1448-1024x1024.jpg?resize=700%2C400&ssl=1 2x"},"classes":[]},{"id":11135,"url":"https:\/\/textundblog.de\/?p=11135","url_meta":{"origin":6276,"position":2},"title":"Indisches Traumpaar: Rote Linsen mit Kreuzk\u00fcmmelschalotten und Tomatenreis mit Cashewkernen, Ingwer und Chili","author":"Markus Trapp","date":"31\/8\/2025","format":false,"excerpt":"Ich liebe die indische K\u00fcche. Heute stelle ich zwei vegetarische Gerichte vor, die prima zusammenpassen, die aber nat\u00fcrlich auch einzeln oder mit weiteren Gerichten kombiniert zubereitet werden k\u00f6nnen: Rote Linsen mit Kreuzk\u00fcmmelschalotten und indischer Tomatenreis mit Cashewkernen, Ingwer und Chili. Beide Gerichte sind Variationen aus dem hier im Blog schon\u2026","rel":"","context":"In &quot;Rezepte&quot;","block_context":{"text":"Rezepte","link":"https:\/\/textundblog.de\/?cat=85"},"img":{"alt_text":"Rote Linsen mit Kreuzk\u00fcmmelschalotten und Tomatenreis mit Cashewkernen, Ingwer und Chili","src":"https:\/\/i0.wp.com\/textundblog.de\/wp-content\/22BED145-731B-4A6F-8BAD-350D103BBB6B-300x300.jpeg?resize=350%2C200&ssl=1","width":350,"height":200},"classes":[]},{"id":9740,"url":"https:\/\/textundblog.de\/?p=9740","url_meta":{"origin":6276,"position":3},"title":"Brokkoli-Hackfleisch-Auflauf","author":"Markus","date":"7\/3\/2021","format":false,"excerpt":"Eines vorneweg, dies ist kein Essen f\u00fcr die kalorienbewu\u00dfte Ern\u00e4hrung, ich w\u00fcrde es eher als Wohlf\u00fchlessen bezeichnen. Es ist auch nicht dazu geeignet, den Cholesterinspiegel zu senken, aber sehr wohl das pers\u00f6nliche Wohlbefinden zu steigern. Um diesen Traum auf die Teller zu zaubern, nehme man f\u00fcr 4 Personen folgende Zutaten:\u2026","rel":"","context":"In &quot;Rezepte&quot;","block_context":{"text":"Rezepte","link":"https:\/\/textundblog.de\/?cat=85"},"img":{"alt_text":"","src":"https:\/\/i0.wp.com\/textundblog.de\/wp-content\/02290003-4142-43A1-9057-A77BAAA48CED-1024x768.jpeg?resize=350%2C200&ssl=1","width":350,"height":200,"srcset":"https:\/\/i0.wp.com\/textundblog.de\/wp-content\/02290003-4142-43A1-9057-A77BAAA48CED-1024x768.jpeg?resize=350%2C200&ssl=1 1x, https:\/\/i0.wp.com\/textundblog.de\/wp-content\/02290003-4142-43A1-9057-A77BAAA48CED-1024x768.jpeg?resize=525%2C300&ssl=1 1.5x, https:\/\/i0.wp.com\/textundblog.de\/wp-content\/02290003-4142-43A1-9057-A77BAAA48CED-1024x768.jpeg?resize=700%2C400&ssl=1 2x"},"classes":[]},{"id":10947,"url":"https:\/\/textundblog.de\/?p=10947","url_meta":{"origin":6276,"position":4},"title":"Spitzpaprika mit Kr\u00e4uterfrischk\u00e4se-F\u00fcllung im Bacon-Mantel","author":"Markus Trapp","date":"2\/2\/2025","format":false,"excerpt":"Das war vielleicht das leckerste Gericht, das ich bisher mit der Hei\u00dfluftfritteuse zubereitet habe: Spitzpaprika mit Kr\u00e4uterfrischk\u00e4se-F\u00fcllung, ummantelt mit Bacon. Dazu Basmati, eine leicht scharfe Tomaten-Sahne-Zwiebelsauce und ein Rauke-Salat an Balsamico. Denkbar einfach zuzubereiten, hier das Rezept: Ausgehend von diesem Rezept habe ich wie folgt variiert: Zutaten f\u00fcr 2 Personen:\u2026","rel":"","context":"In &quot;Rezepte&quot;","block_context":{"text":"Rezepte","link":"https:\/\/textundblog.de\/?cat=85"},"img":{"alt_text":"Spitzpaprika mit Kr\u00e4uterfrischk\u00e4se-F\u00fcllung im Bacon-Mantel","src":"https:\/\/i0.wp.com\/textundblog.de\/wp-content\/IMG_6376-1024x768.jpeg?resize=350%2C200&ssl=1","width":350,"height":200,"srcset":"https:\/\/i0.wp.com\/textundblog.de\/wp-content\/IMG_6376-1024x768.jpeg?resize=350%2C200&ssl=1 1x, https:\/\/i0.wp.com\/textundblog.de\/wp-content\/IMG_6376-1024x768.jpeg?resize=525%2C300&ssl=1 1.5x, https:\/\/i0.wp.com\/textundblog.de\/wp-content\/IMG_6376-1024x768.jpeg?resize=700%2C400&ssl=1 2x"},"classes":[]},{"id":3540,"url":"https:\/\/textundblog.de\/?p=3540","url_meta":{"origin":6276,"position":5},"title":"Salzprojekt macht Fleur de Sel erschwinglich","author":"Markus","date":"31\/5\/2010","format":false,"excerpt":"Dass ich Fleur de Sel liebe, hab ich in den letzten beiden Jahren schon des \u00f6fteren auf Text & Blog erw\u00e4hnt. Wo ich es in Wandsbek kaufen kann, hab ich - siehe das erste Posting zum Thema - von meiner Nachbarin Frau Fool for Food erfahren. Wie gro\u00dfartig so ein\u2026","rel":"","context":"In &quot;Allgemeines&quot;","block_context":{"text":"Allgemeines","link":"https:\/\/textundblog.de\/?cat=1"},"img":{"alt_text":"Fleur de Sel - auf Tomaten, ein Traum!","src":"https:\/\/i0.wp.com\/textundblog.de\/wp-content\/fleurdesel-tomaten-nah.jpg?resize=350%2C200&ssl=1","width":350,"height":200},"classes":[]}],"_links":{"self":[{"href":"https:\/\/textundblog.de\/index.php?rest_route=\/wp\/v2\/posts\/6276","targetHints":{"allow":["GET"]}}],"collection":[{"href":"https:\/\/textundblog.de\/index.php?rest_route=\/wp\/v2\/posts"}],"about":[{"href":"https:\/\/textundblog.de\/index.php?rest_route=\/wp\/v2\/types\/post"}],"author":[{"embeddable":true,"href":"https:\/\/textundblog.de\/index.php?rest_route=\/wp\/v2\/users\/1"}],"replies":[{"embeddable":true,"href":"https:\/\/textundblog.de\/index.php?rest_route=%2Fwp%2Fv2%2Fcomments&post=6276"}],"version-history":[{"count":0,"href":"https:\/\/textundblog.de\/index.php?rest_route=\/wp\/v2\/posts\/6276\/revisions"}],"wp:attachment":[{"href":"https:\/\/textundblog.de\/index.php?rest_route=%2Fwp%2Fv2%2Fmedia&parent=6276"}],"wp:term":[{"taxonomy":"category","embeddable":true,"href":"https:\/\/textundblog.de\/index.php?rest_route=%2Fwp%2Fv2%2Fcategories&post=6276"},{"taxonomy":"post_tag","embeddable":true,"href":"https:\/\/textundblog.de\/index.php?rest_route=%2Fwp%2Fv2%2Ftags&post=6276"}],"curies":[{"name":"wp","href":"https:\/\/api.w.org\/{rel}","templated":true}]}}