{"id":6272,"date":"2014-08-23T14:35:25","date_gmt":"2014-08-23T12:35:25","guid":{"rendered":"http:\/\/textundblog.de\/?p=6272"},"modified":"2014-08-27T19:27:34","modified_gmt":"2014-08-27T17:27:34","slug":"nein-zur-seilbahn","status":"publish","type":"post","link":"https:\/\/textundblog.de\/?p=6272","title":{"rendered":"Nein zur Seilbahn"},"content":{"rendered":"<p><a href=\"https:\/\/i0.wp.com\/textundblog.de\/wp-content\/neinzurseilbahn.jpg?ssl=1\"><img data-recalc-dims=\"1\" loading=\"lazy\" decoding=\"async\" data-attachment-id=\"6273\" data-permalink=\"https:\/\/textundblog.de\/?attachment_id=6273\" data-orig-file=\"https:\/\/i0.wp.com\/textundblog.de\/wp-content\/neinzurseilbahn-kl.jpg?fit=800%2C155&amp;ssl=1\" data-orig-size=\"800,155\" data-comments-opened=\"1\" data-image-meta=\"{&quot;aperture&quot;:&quot;0&quot;,&quot;credit&quot;:&quot;&quot;,&quot;camera&quot;:&quot;&quot;,&quot;caption&quot;:&quot;&quot;,&quot;created_timestamp&quot;:&quot;0&quot;,&quot;copyright&quot;:&quot;&quot;,&quot;focal_length&quot;:&quot;0&quot;,&quot;iso&quot;:&quot;0&quot;,&quot;shutter_speed&quot;:&quot;0&quot;,&quot;title&quot;:&quot;&quot;}\" data-image-title=\"Nein zur Seilbahn\" data-image-description=\"&lt;p&gt;Nein zur Seilbahn&lt;\/p&gt;\n\" data-image-caption=\"\" data-large-file=\"https:\/\/i0.wp.com\/textundblog.de\/wp-content\/neinzurseilbahn-kl.jpg?fit=800%2C155&amp;ssl=1\" title=\"Nein zur Seilbahn\"  src=\"https:\/\/i0.wp.com\/textundblog.de\/wp-content\/neinzurseilbahn-kl.jpg?resize=800%2C155&#038;ssl=1\" alt=\"Nein zur Seilbahn\" width=\"800\" height=\"155\" class=\"alignnone size-full wp-image-6273\" srcset=\"https:\/\/i0.wp.com\/textundblog.de\/wp-content\/neinzurseilbahn-kl.jpg?w=800&amp;ssl=1 800w, https:\/\/i0.wp.com\/textundblog.de\/wp-content\/neinzurseilbahn-kl.jpg?resize=300%2C58&amp;ssl=1 300w\" sizes=\"auto, (max-width: 800px) 100vw, 800px\" \/><\/a><\/p>\n<p><strong>Update 27.8.2014:<\/strong> Erleichterung \u00fcber die kluge Entscheidung in HH-Mitte: <a href=\"http:\/\/www.sueddeutsche.de\/panorama\/buergerentscheid-keine-seilbahn-fuer-hamburg-1.2105534\">Keine Seilbahn f\u00fcr Hamburg<\/a>.<\/p>\n<p>Sollte jemand in Hamburg-Mitte noch gar nicht mitbekommen haben, dass er dem Musicalbetreiber, der Hamburg eine Seilbahn spendieren will, auf den Leim geht, wenn er morgen mit Ja stimmt, empfehle ich die Lekt\u00fcre dieses Stern-Artikels: <\/p>\n<blockquote><p>Das ist kein Geschenk an die Stadt, sondern eiskaltes Business. Ein Lehrst\u00fcck dar\u00fcber, wie Investoren sich Stadtentwicklung kaufen.<\/p>\n<p>[\u2026]<\/p>\n<p>Schlimm, wenn die Seilbahn kommt. Fatal, wenn sich das Modell des eingekauften B\u00fcrgerentscheids durchsetzt. Firmen mit unsinnigen Ver\u00e4nderungsw\u00fcnschen oder Gesch\u00e4ftsideen k\u00f6nnten sich k\u00fcnftig mit ihrem gro\u00dfen Werbebudget schlichtweg den Stimmenr\u00fcckhalt aus der Bev\u00f6lkerung kaufen. Nicht die Meinung des Volkes oder betroffener B\u00fcrger w\u00e4re entscheidend, sondern die gr\u00f6\u00dftm\u00f6gliche Mobilisierung der Schwarmintelligenz. Dann w\u00e4re ein Mechanismus wie der B\u00fcrgerentscheid, der Menschen eine Mitbestimmung einr\u00e4umt, zu einem Profit-Vehikel verkommen, um wirtschaftliche Interessen durchzudr\u00fccken.<\/p>\n<p>In Hamburg scheint das System erfolgreich zu sein: Gut informierte Kreise gehen inzwischen stark von einem Sieg der Seilbahnbauer aus. Der B\u00fcrgerentscheid endet am 24. August.<\/p><\/blockquote>\n<p>Weiter im Stern: \u00ab<a href=\"http:\/\/www.stern.de\/wirtschaft\/news\/seilbahn-in-hamburg-geschenkt-ist-noch-zu-teuer-2132333.html\">Seilbahn in Hamburg Geschenkt ist noch zu teuer<\/a>\u00bb.<\/p>\n<p>Als liebe Hamburgerinnen und Hamburger in Mitte, die ihr noch nicht abgestimmt habt: morgen bitte nein sagen. Danke.<br \/>\n<cite><br \/>\nFoto: &#8222;Port hamburg panorama&#8220; von <a href=\"http:\/\/de.wikipedia.org\/wiki\/Hamburger_Hafen#mediaviewer\/Datei:Port_hamburg_panorama.jpg\">Alexander Blum<\/a> (<a href=\"http:\/\/creativecommons.org\/licenses\/by\/3.0\/\">CC BY 3.0<\/a>)<\/cite><\/p>\n","protected":false},"excerpt":{"rendered":"<p>Update 27.8.2014: Erleichterung \u00fcber die kluge Entscheidung in HH-Mitte: Keine Seilbahn f\u00fcr Hamburg. Sollte jemand in Hamburg-Mitte noch gar nicht mitbekommen haben, dass er dem Musicalbetreiber, der Hamburg eine Seilbahn spendieren will, auf den Leim geht, wenn er morgen mit Ja stimmt, empfehle ich die Lekt\u00fcre dieses Stern-Artikels: Das ist kein Geschenk an die Stadt, [&hellip;]<\/p>\n","protected":false},"author":1,"featured_media":0,"comment_status":"open","ping_status":"open","sticky":false,"template":"","format":"standard","meta":{"site-sidebar-layout":"default","site-content-layout":"","ast-site-content-layout":"default","site-content-style":"default","site-sidebar-style":"default","ast-global-header-display":"","ast-banner-title-visibility":"","ast-main-header-display":"","ast-hfb-above-header-display":"","ast-hfb-below-header-display":"","ast-hfb-mobile-header-display":"","site-post-title":"","ast-breadcrumbs-content":"","ast-featured-img":"","footer-sml-layout":"","theme-transparent-header-meta":"","adv-header-id-meta":"","stick-header-meta":"","header-above-stick-meta":"","header-main-stick-meta":"","header-below-stick-meta":"","astra-migrate-meta-layouts":"default","ast-page-background-enabled":"default","ast-page-background-meta":{"desktop":{"background-color":"var(--ast-global-color-4)","background-image":"","background-repeat":"repeat","background-position":"center center","background-size":"auto","background-attachment":"scroll","background-type":"","background-media":"","overlay-type":"","overlay-color":"","overlay-opacity":"","overlay-gradient":""},"tablet":{"background-color":"","background-image":"","background-repeat":"repeat","background-position":"center center","background-size":"auto","background-attachment":"scroll","background-type":"","background-media":"","overlay-type":"","overlay-color":"","overlay-opacity":"","overlay-gradient":""},"mobile":{"background-color":"","background-image":"","background-repeat":"repeat","background-position":"center center","background-size":"auto","background-attachment":"scroll","background-type":"","background-media":"","overlay-type":"","overlay-color":"","overlay-opacity":"","overlay-gradient":""}},"ast-content-background-meta":{"desktop":{"background-color":"var(--ast-global-color-5)","background-image":"","background-repeat":"repeat","background-position":"center center","background-size":"auto","background-attachment":"scroll","background-type":"","background-media":"","overlay-type":"","overlay-color":"","overlay-opacity":"","overlay-gradient":""},"tablet":{"background-color":"var(--ast-global-color-5)","background-image":"","background-repeat":"repeat","background-position":"center center","background-size":"auto","background-attachment":"scroll","background-type":"","background-media":"","overlay-type":"","overlay-color":"","overlay-opacity":"","overlay-gradient":""},"mobile":{"background-color":"var(--ast-global-color-5)","background-image":"","background-repeat":"repeat","background-position":"center center","background-size":"auto","background-attachment":"scroll","background-type":"","background-media":"","overlay-type":"","overlay-color":"","overlay-opacity":"","overlay-gradient":""}},"ngg_post_thumbnail":0,"jetpack_post_was_ever_published":false,"_jetpack_newsletter_access":"","_jetpack_dont_email_post_to_subs":false,"_jetpack_newsletter_tier_id":0,"_jetpack_memberships_contains_paywalled_content":false,"_jetpack_memberships_contains_paid_content":false,"footnotes":""},"categories":[15,9],"tags":[],"class_list":["post-6272","post","type-post","status-publish","format-standard","hentry","category-hamburg","category-politik"],"jetpack_featured_media_url":"","jetpack_sharing_enabled":true,"jetpack_shortlink":"https:\/\/wp.me\/p4uzZ-1Da","jetpack-related-posts":[{"id":5411,"url":"https:\/\/textundblog.de\/?p=5411","url_meta":{"origin":6272,"position":0},"title":"ZDFreportage \u00fcber die U3 und den Hamburger Hafen","author":"Markus","date":"30\/5\/2013","format":false,"excerpt":"In Hamburg ist sie legend\u00e4r - die Linie U3 der Hamburger Hochbahn. Zwischen den Stationen Baumwall und St. Pauli gleiten die Z\u00fcge auf einem \u00e4ltesten Viadukte Deutschlands an der Elbe entlang, bieten spektakul\u00e4re Blicke auf den Hafen - zweifellos eine der sch\u00f6nsten innerst\u00e4dtischen Bahnstrecken der Welt. Dann taucht die U3\u2026","rel":"","context":"In &quot;Hamburg&quot;","block_context":{"text":"Hamburg","link":"https:\/\/textundblog.de\/?cat=15"},"img":{"alt_text":"","src":"https:\/\/i0.wp.com\/textundblog.de\/wp-content\/zdfreportage-u3.jpg?resize=350%2C200&ssl=1","width":350,"height":200},"classes":[]},{"id":384,"url":"https:\/\/textundblog.de\/?p=384","url_meta":{"origin":6272,"position":1},"title":"Hamburger Blogplan","author":"Markus","date":"13\/6\/2005","format":false,"excerpt":"Sch\u00f6ne Idee: Blogkarte auf U-Bahn-Plan. Hab mich gerade auf meiner U-Bahn-Station Wandsbek Markt eingetragen. Gibt's auch f\u00fcr andere deutsche St\u00e4dte. [via plasticThinking]","rel":"","context":"In &quot;Hamburg&quot;","block_context":{"text":"Hamburg","link":"https:\/\/textundblog.de\/?cat=15"},"img":{"alt_text":"Blogplan Hamburg","src":".\/wp-content\/blogplan.jpg","width":350,"height":200},"classes":[]},{"id":1052,"url":"https:\/\/textundblog.de\/?p=1052","url_meta":{"origin":6272,"position":2},"title":"WELT-Artikel \u00fcber Hamburger Blogosph\u00e4re","author":"Markus","date":"6\/7\/2006","format":false,"excerpt":"\u00abDIE WELT\u00bb stellt Hamburger Blogs vor: \u00abEin Ausflug in die Blogosph\u00e4re\u00bb. Das b\u00f6se Tagebuch-Wort f\u00e4llt, ansonsten ganz ordentlich, was Bj\u00f6rn Siebke schreibt, wenn er kurz die Blogs \u00abR\u00fcckseite der Reeperbahn\u00bb, \u00abRingfahndung\u00bb und das mir bisher unbekannte und momentan nicht mehr aktualisierte \u00abAbgrund Hamburg\u00bb vorstellt. Wer Blogs anhand des Hamburger U-\u2026","rel":"","context":"In &quot;Artikel&quot;","block_context":{"text":"Artikel","link":"https:\/\/textundblog.de\/?cat=5"},"img":{"alt_text":"Hamburg Blogplan","src":"https:\/\/i0.wp.com\/www.textundblog.de\/wp-content\/hamburgblogplan.jpg?resize=350%2C200","width":350,"height":200},"classes":[]},{"id":1184,"url":"https:\/\/textundblog.de\/?p=1184","url_meta":{"origin":6272,"position":3},"title":"Hamburg Dammtor: Bahnhof des Jahres","author":"Markus","date":"10\/9\/2006","format":false,"excerpt":"Foto: herrner (Flickr) Mir gef\u00e4llt er ja auch sehr gut, ich komme auch fast t\u00e4glich an ihm vorbei, gehe sogar auf dem Weg von der U-Bahn-Station Stephansplatz zur Stabi durch ihn durch. Doch dass er jetzt zum \u00abBahnhof des Jahres\u00bb ausgezeichnet wurde, hat mich schon ein wenig erstaunt. N\u00e4heres zum\u2026","rel":"","context":"In &quot;Foto&quot;","block_context":{"text":"Foto","link":"https:\/\/textundblog.de\/?cat=10"},"img":{"alt_text":"Bahnhof Dammtor Hamburg ","src":"https:\/\/i0.wp.com\/www.textundblog.de\/wp-content\/dammtor.jpg?resize=350%2C200","width":350,"height":200},"classes":[]},{"id":3938,"url":"https:\/\/textundblog.de\/?p=3938","url_meta":{"origin":6272,"position":4},"title":"Extra 3 zur Umwelthauptstadt Hamburg","author":"Markus","date":"17\/1\/2011","format":false,"excerpt":"So viel zur Umwelthauptstadt Hamburg. Die ganze Extra 3-Sendung vom gestrigen 16. Januar 2010 gibt es hier zu sehen. Die weiteren Themen: Johannes Schl\u00fcter \u2013 Jahreszeitenbeauftragter der Bahn; NNN \u2013 Kriminelle Ausl\u00e4nder in der NPD; Die Hartz IV Hitparade; Die Ostfriesen: Die Kommunisten; Classic: Radiergummis f\u00fcr 32.000 Euro. [via Schiffsmeldungen]","rel":"","context":"In &quot;Hamburg&quot;","block_context":{"text":"Hamburg","link":"https:\/\/textundblog.de\/?cat=15"},"img":{"alt_text":"","src":"","width":0,"height":0},"classes":[]},{"id":1169,"url":"https:\/\/textundblog.de\/?p=1169","url_meta":{"origin":6272,"position":5},"title":"Hamburg ohne Worte auf NDR Radio","author":"Markus","date":"31\/8\/2006","format":false,"excerpt":"Gestern war die hier bereits vorgestellte Aktion \u00abHamburg ohne Worte\u00bb zum ersten Mal auch durch die Plakate in der Stadt pr\u00e4sent. Dieses Foto (hier in gro\u00df) habe ich morgens auf dem Weg in die Stabi gegen\u00fcber dem Dammtor-Bahnhof geschossen. Das Kulturmagazin von NDR 90,3 hat gestern \u00fcber \u00abHamburg ohne Worte\u00bb\u2026","rel":"","context":"In &quot;Hamburg&quot;","block_context":{"text":"Hamburg","link":"https:\/\/textundblog.de\/?cat=15"},"img":{"alt_text":"Hamburg ohne Worte","src":"https:\/\/i0.wp.com\/www.textundblog.de\/wp-content\/hhohnewortelitfass.jpg?resize=350%2C200","width":350,"height":200},"classes":[]}],"_links":{"self":[{"href":"https:\/\/textundblog.de\/index.php?rest_route=\/wp\/v2\/posts\/6272","targetHints":{"allow":["GET"]}}],"collection":[{"href":"https:\/\/textundblog.de\/index.php?rest_route=\/wp\/v2\/posts"}],"about":[{"href":"https:\/\/textundblog.de\/index.php?rest_route=\/wp\/v2\/types\/post"}],"author":[{"embeddable":true,"href":"https:\/\/textundblog.de\/index.php?rest_route=\/wp\/v2\/users\/1"}],"replies":[{"embeddable":true,"href":"https:\/\/textundblog.de\/index.php?rest_route=%2Fwp%2Fv2%2Fcomments&post=6272"}],"version-history":[{"count":0,"href":"https:\/\/textundblog.de\/index.php?rest_route=\/wp\/v2\/posts\/6272\/revisions"}],"wp:attachment":[{"href":"https:\/\/textundblog.de\/index.php?rest_route=%2Fwp%2Fv2%2Fmedia&parent=6272"}],"wp:term":[{"taxonomy":"category","embeddable":true,"href":"https:\/\/textundblog.de\/index.php?rest_route=%2Fwp%2Fv2%2Fcategories&post=6272"},{"taxonomy":"post_tag","embeddable":true,"href":"https:\/\/textundblog.de\/index.php?rest_route=%2Fwp%2Fv2%2Ftags&post=6272"}],"curies":[{"name":"wp","href":"https:\/\/api.w.org\/{rel}","templated":true}]}}