{"id":6267,"date":"2014-08-20T19:43:57","date_gmt":"2014-08-20T17:43:57","guid":{"rendered":"http:\/\/textundblog.de\/?p=6267"},"modified":"2014-08-20T20:10:40","modified_gmt":"2014-08-20T18:10:40","slug":"ferdinand-von-schirach-der-anwalt-und-die-sprache","status":"publish","type":"post","link":"https:\/\/textundblog.de\/?p=6267","title":{"rendered":"Ferdinand von Schirach: Der Anwalt und die Sprache"},"content":{"rendered":"<p><img data-recalc-dims=\"1\" loading=\"lazy\" decoding=\"async\" data-attachment-id=\"6268\" data-permalink=\"https:\/\/textundblog.de\/?attachment_id=6268\" data-orig-file=\"https:\/\/i0.wp.com\/textundblog.de\/wp-content\/ferdinandvonschirach.jpg?fit=800%2C1156&amp;ssl=1\" data-orig-size=\"800,1156\" data-comments-opened=\"1\" data-image-meta=\"{&quot;aperture&quot;:&quot;0&quot;,&quot;credit&quot;:&quot;&quot;,&quot;camera&quot;:&quot;&quot;,&quot;caption&quot;:&quot;&quot;,&quot;created_timestamp&quot;:&quot;0&quot;,&quot;copyright&quot;:&quot;&quot;,&quot;focal_length&quot;:&quot;0&quot;,&quot;iso&quot;:&quot;0&quot;,&quot;shutter_speed&quot;:&quot;0&quot;,&quot;title&quot;:&quot;&quot;}\" data-image-title=\"Ferdinand von Schirach\" data-image-description=\"&lt;p&gt;Ferdinand von Schirach&lt;\/p&gt;\n\" data-image-caption=\"\" data-large-file=\"https:\/\/i0.wp.com\/textundblog.de\/wp-content\/ferdinandvonschirach.jpg?fit=708%2C1024&amp;ssl=1\" title=\"Ferdinand von Schirach, Foto: Paulus Ponizak\" src=\"https:\/\/i0.wp.com\/textundblog.de\/wp-content\/ferdinandvonschirach.jpg?resize=800%2C1156&#038;ssl=1\" alt=\"Ferdinand von Schirach\" width=\"800\" height=\"1156\" class=\"alignnone size-full wp-image-6268\" srcset=\"https:\/\/i0.wp.com\/textundblog.de\/wp-content\/ferdinandvonschirach.jpg?w=800&amp;ssl=1 800w, https:\/\/i0.wp.com\/textundblog.de\/wp-content\/ferdinandvonschirach.jpg?resize=207%2C300&amp;ssl=1 207w, https:\/\/i0.wp.com\/textundblog.de\/wp-content\/ferdinandvonschirach.jpg?resize=708%2C1024&amp;ssl=1 708w\" sizes=\"auto, (max-width: 800px) 100vw, 800px\" \/><\/p>\n<p>Am Sonntag-Morgen hab ich wieder mal meine Lieblingssendung im Radio geh\u00f6rt: <a href=\"http:\/\/www.fluxfm.de\/improgramm\/spreeblick\/\">Spreeblick<\/a> auf Flux.fm (die kommt immer sonntags von 10 bis 12 Uhr). Dieses Mal hatte <a href=\"http:\/\/de.wikipedia.org\/wiki\/Johnny_Haeusler\">Johnny Haeusler<\/a>, der morgen \u00fcbrigens 50 wird, in seiner Interview-Sendung den Anwalt und Schriftsteller Ferdinand von Schirach zu Gast:<\/p>\n<blockquote><p>Mit seinen Erz\u00e4hlb\u00e4nden \u2013 neben \u201cVerbrechen\u201d auch \u201cSchuld\u201d \u2013 hat Ferdinand von Schirach es geschafft, zu einem der erfolgreichsten deutschen Schriftsteller zu werden. Auch international werden seine B\u00fccher zu Bestsellern. Von der britische Tageszeitung Independent bis zur New York Times gibt es positive Kritiken und Preise. Die ersten Geschichten werden verfilmt. Von Schirach schreibt weiter sowohl B\u00fccher, als auch Essays f\u00fcr den Spiegel. Ferdinand von Schirach lebt und arbeitet als Strafverteidiger und Schriftsteller in Berlin.<\/p><\/blockquote>\n<p>Ich hatte zwar zuvor schon viel von ihm geh\u00f6rt (\u00ab<a href=\"http:\/\/www.faz.net\/aktuell\/feuilleton\/buecher\/autoren\/im-gespraech-ferdinand-von-schirach-verbrechen-und-andere-kleinigkeiten-1843367.html\">Verbrechen und andere Kleinigkeiten<\/a>\u00bb), hatte von Schirach aber noch nie sprechen geh\u00f6rt. Und von Anfang an zog mich diese Stimme und das, was sie sagte, in ihren Bann. Und ich dachte mir, wenn der Mensch so schreibt wie er spricht, muss es in der Tat eine wahre Freude sein, ihn zu lesen. Gleich am Montag Morgen hab ich mir in der Stabi \u00abVerbrechen\u00bb ausgeliehen, und ich wurde nicht entt\u00e4uscht. <\/p>\n<p>Die Sendung von Sonntag kann, wie immer ohne Musik, nachgeh\u00f6rt werden:<br \/>\n<!--more--><\/p>\n<p><iframe loading=\"lazy\" width=\"100%\" height=\"166\" scrolling=\"no\" frameborder=\"no\" src=\"https:\/\/w.soundcloud.com\/player\/?url=https%3A\/\/api.soundcloud.com\/tracks\/163783532&#038;color=ff5500\"><\/iframe><\/p>\n<p>Eine ausf\u00fchrliche Leseprobe aus \u00ab<a href=\"http:\/\/www.piper.de\/buecher\/leseprobe\/verbrechen-isbn-978-3-492-25966-8\/extract\">Verbrechen<\/a>\u00bb steht auch auf der Website von Ferdinand von Schirach bereit. Hier ein Auszug aus der ersten Geschichte \u00abF\u00e4hner\u00bb:<\/p>\n<blockquote><p>Unter der Woche blieb er lange in der Praxis. Als Arzt war F\u00e4hner gr\u00fcndlich und mitf\u00fchlend. Seine Patienten sch\u00e4tzten ihn, seine Diagnosen waren Ma\u00dfstab in Rottweil. Er verlie\u00df das Haus, bevor Ingrid aufwachte, und kehrte erst nach neun zur\u00fcck. Die Abendessen voller Vorw\u00fcrfe nahm er schweigend hin. Die metallische Stimme Ingrids reihte modulationslos Satz um Satz Anfeindungen aneinander. Sie war fett geworden, ihre blasse Haut hatte sich mit den Jahren rosa gef\u00e4rbt. Ihr wulstiger Hals war nicht mehr fest, vor ihrer Kehle hatte sich ein Hautlappen gebildet, der im Takt ihrer Beschimpfungen hin und her waberte. Sie litt unter Atemnot und Bluthochdruck. F\u00e4hner wurde immer d\u00fcnner. Als er eines Abends mit vielen Worten vorschlug, Ingrid m\u00f6ge Hilfe bei einem befreun\u00addeten Nervenarzt suchen, warf sie eine Pfanne nach ihm und br\u00fcllte, er sei eine undankbare Sau.<\/p><\/blockquote>\n<p>Gerade neu erschienen, und nat\u00fcrlich auch Thema im sonnt\u00e4glichen Interview bei Spreeblick auf Flux.fm sind zuvor im Spiegel ver\u00f6ffentlichte Essays von Ferdinand von Schirach \u2013 \u00ab<a href=\"http:\/\/www.ndr.de\/kultur\/buch\/Essays-von-Ferdinand-von-Schirach,schirach116.html\">Die W\u00fcrde ist antastbar<\/a>\u00bb:<\/p>\n<blockquote><p>Unser Grundgesetz beginnt mit dem Satz: &#8218;Die W\u00fcrde des Menschen ist unantastbar.&#8216; Das ist nat\u00fcrlich falsch, denn die W\u00fcrde wird andauernd angetastet.<\/p><\/blockquote>\n<p>Schirach sagt im Interview bei Johnny, die Sprache sei ein wichtiges Werkzeug eines Anwaltes. Er muss gut mit Sprache umgehen. Von Schirach muss zweifellos auch ein guter Anwalt sein.<\/p>\n<p><cite>Foto: <a href=\"http:\/\/de.wikipedia.org\/wiki\/Ferdinand_von_Schirach#mediaviewer\/Datei:Ferdinand_von_Schirach.jpg\">Paulus Ponizak &#8211; Piper Verlag<\/a>: Ferdinand von Schirach, <a href=\"http:\/\/creativecommons.org\/licenses\/by-sa\/3.0\/\">CC BY-SA 3.0H<\/a>.<\/cite><\/p>\n","protected":false},"excerpt":{"rendered":"<p>Am Sonntag-Morgen hab ich wieder mal meine Lieblingssendung im Radio geh\u00f6rt: Spreeblick auf Flux.fm (die kommt immer sonntags von 10 bis 12 Uhr). Dieses Mal hatte Johnny Haeusler, der morgen \u00fcbrigens 50 wird, in seiner Interview-Sendung den Anwalt und Schriftsteller Ferdinand von Schirach zu Gast: Mit seinen Erz\u00e4hlb\u00e4nden \u2013 neben \u201cVerbrechen\u201d auch \u201cSchuld\u201d \u2013 hat [&hellip;]<\/p>\n","protected":false},"author":1,"featured_media":0,"comment_status":"open","ping_status":"open","sticky":false,"template":"","format":"standard","meta":{"site-sidebar-layout":"default","site-content-layout":"","ast-site-content-layout":"default","site-content-style":"default","site-sidebar-style":"default","ast-global-header-display":"","ast-banner-title-visibility":"","ast-main-header-display":"","ast-hfb-above-header-display":"","ast-hfb-below-header-display":"","ast-hfb-mobile-header-display":"","site-post-title":"","ast-breadcrumbs-content":"","ast-featured-img":"","footer-sml-layout":"","theme-transparent-header-meta":"","adv-header-id-meta":"","stick-header-meta":"","header-above-stick-meta":"","header-main-stick-meta":"","header-below-stick-meta":"","astra-migrate-meta-layouts":"default","ast-page-background-enabled":"default","ast-page-background-meta":{"desktop":{"background-color":"var(--ast-global-color-4)","background-image":"","background-repeat":"repeat","background-position":"center center","background-size":"auto","background-attachment":"scroll","background-type":"","background-media":"","overlay-type":"","overlay-color":"","overlay-opacity":"","overlay-gradient":""},"tablet":{"background-color":"","background-image":"","background-repeat":"repeat","background-position":"center center","background-size":"auto","background-attachment":"scroll","background-type":"","background-media":"","overlay-type":"","overlay-color":"","overlay-opacity":"","overlay-gradient":""},"mobile":{"background-color":"","background-image":"","background-repeat":"repeat","background-position":"center center","background-size":"auto","background-attachment":"scroll","background-type":"","background-media":"","overlay-type":"","overlay-color":"","overlay-opacity":"","overlay-gradient":""}},"ast-content-background-meta":{"desktop":{"background-color":"var(--ast-global-color-5)","background-image":"","background-repeat":"repeat","background-position":"center center","background-size":"auto","background-attachment":"scroll","background-type":"","background-media":"","overlay-type":"","overlay-color":"","overlay-opacity":"","overlay-gradient":""},"tablet":{"background-color":"var(--ast-global-color-5)","background-image":"","background-repeat":"repeat","background-position":"center center","background-size":"auto","background-attachment":"scroll","background-type":"","background-media":"","overlay-type":"","overlay-color":"","overlay-opacity":"","overlay-gradient":""},"mobile":{"background-color":"var(--ast-global-color-5)","background-image":"","background-repeat":"repeat","background-position":"center center","background-size":"auto","background-attachment":"scroll","background-type":"","background-media":"","overlay-type":"","overlay-color":"","overlay-opacity":"","overlay-gradient":""}},"ngg_post_thumbnail":0,"jetpack_post_was_ever_published":false,"_jetpack_newsletter_access":"","_jetpack_dont_email_post_to_subs":false,"_jetpack_newsletter_tier_id":0,"_jetpack_memberships_contains_paywalled_content":false,"_jetpack_memberships_contains_paid_content":false,"footnotes":""},"categories":[11,19],"tags":[],"class_list":["post-6267","post","type-post","status-publish","format-standard","hentry","category-literatur","category-radio"],"jetpack_featured_media_url":"","jetpack_sharing_enabled":true,"jetpack_shortlink":"https:\/\/wp.me\/p4uzZ-1D5","jetpack-related-posts":[{"id":6105,"url":"https:\/\/textundblog.de\/?p=6105","url_meta":{"origin":6267,"position":0},"title":"Nationalbibliothek in Sarajevo &#8211; DKultur-Feature zu Geschichte, Politik und Literatur","author":"Markus","date":"30\/6\/2014","format":false,"excerpt":"Wer hier schon etwas l\u00e4nger mitliest, wird sich vielleicht erinnern, dass ich vor knapp f\u00fcnf Jahren von einer Dienstreise nach Sarajevo erz\u00e4hlt habe und von der von den Serben im Krieg mit Phosphorbomben beschossenen Bosnischen Nationalbibliothek berichtet habe: Aufs \u00c4u\u00dferste bewegt war ich, als ich die Bosnische Nationalbibliothek (siehe Foto\u2026","rel":"","context":"In &quot;Literatur&quot;","block_context":{"text":"Literatur","link":"https:\/\/textundblog.de\/?cat=11"},"img":{"alt_text":"","src":"https:\/\/i0.wp.com\/textundblog.de\/wp-content\/sarajevo-dkultur.jpg?resize=350%2C200&ssl=1","width":350,"height":200},"classes":[]},{"id":5302,"url":"https:\/\/textundblog.de\/?p=5302","url_meta":{"origin":6267,"position":1},"title":"Bibliotheken sind spannende Orte der Wissensvermittlung","author":"Markus","date":"18\/3\/2013","format":false,"excerpt":"700.000 Menschen nutzen pro Tag in Deutschland eine Bibliothek. Von einer Krise der Bibliotheken kann \u2013 was die Nachfrage betrifft \u2013 nicht die Rede sein. Von einer Herausforderung dagegen schon. Die Anforderungen an Bibliotheken wachsen durch den Umbruch von einer analogen zu einer hybriden Wissensgesellschaft (d.h. zu einer Gesellschaft, die\u2026","rel":"","context":"In &quot;Internet&quot;","block_context":{"text":"Internet","link":"https:\/\/textundblog.de\/?cat=4"},"img":{"alt_text":"","src":"https:\/\/i0.wp.com\/textundblog.de\/wp-content\/Informationszentrum-stabi.jpg?resize=350%2C200&ssl=1","width":350,"height":200},"classes":[]},{"id":1641,"url":"https:\/\/textundblog.de\/?p=1641","url_meta":{"origin":6267,"position":2},"title":"Tilbert Stegmann: Wer geh\u00f6rt zur katalanischen Kultur?","author":"Markus","date":"18\/6\/2007","format":false,"excerpt":"Der Katalanist Prof. Tilbert Stegmann (Uni Frankfurt), den ich letztes Jahr auf dem Katalanistentag in T\u00fcbingen als netten und gut informierten Menschen kennengelernt habe, \u00e4u\u00dfert sich heute im Interview auf Deutschlandradio Kultur zur Buchmesse-Absage der Spanisch schreibenden Schriftsteller. Die Frankfurter Buchmesse widmet sich in diesem Jahr der katalanischen Kultur. Stegmann\u2026","rel":"","context":"In &quot;Literatur&quot;","block_context":{"text":"Literatur","link":"https:\/\/textundblog.de\/?cat=11"},"img":{"alt_text":"","src":"","width":0,"height":0},"classes":[]},{"id":903,"url":"https:\/\/textundblog.de\/?p=903","url_meta":{"origin":6267,"position":3},"title":"hr2 lobt Becketts Schweigen","author":"Markus","date":"12\/4\/2006","format":false,"excerpt":"Every word is like an unnecessary stain on silence dt.:Jedes Wort ist wie ein unn\u00f6tiger Fleck auf dem Schweigen Dieser Satz stammt von Samuel Beckett (1906 - 1989) und der w\u00e4re morgen, am 13. April, 100 Jahre alt geworden. Aus diesem Anla\u00df widmet sich die Radiosendung \u00abhr2 Der Tag\u00bb bereits\u2026","rel":"","context":"In &quot;Literatur&quot;","block_context":{"text":"Literatur","link":"https:\/\/textundblog.de\/?cat=11"},"img":{"alt_text":"Samuel Beckett","src":"https:\/\/i0.wp.com\/www.textundblog.de\/wp-content\/beckett.jpg?resize=350%2C200","width":350,"height":200},"classes":[]},{"id":5401,"url":"https:\/\/textundblog.de\/?p=5401","url_meta":{"origin":6267,"position":4},"title":"Typoeten: Portr\u00e4ts geschaffen aus Typographie","author":"Markus","date":"30\/5\/2013","format":false,"excerpt":"Am Mittwoch, den 12. Juni er\u00f6ffnen wir in der Stabi eine ganz besondere Ausstellung, die bis zum 26. Juli im Durchgang zum Lichthof im Altbau zu sehen sein wird. Gezeigt werden Schriftsteller-Portr\u00e4ts, die komplett aus Zeichens\u00e4tzen geschaffen wurden. Typoeten. Typographische Dichterportr\u00e4ts von Ralf Mauer. Auf diese gro\u00dfartige Idee ist \u2013\u2026","rel":"","context":"In &quot;Hamburg&quot;","block_context":{"text":"Hamburg","link":"https:\/\/textundblog.de\/?cat=15"},"img":{"alt_text":"","src":"https:\/\/i0.wp.com\/textundblog.de\/wp-content\/typoeten.jpg?resize=350%2C200&ssl=1","width":350,"height":200},"classes":[]},{"id":1709,"url":"https:\/\/textundblog.de\/?p=1709","url_meta":{"origin":6267,"position":5},"title":"Stephan Eicher: D\u00e9jeuner en paix","author":"Markus","date":"21\/7\/2007","format":false,"excerpt":"Direktlink Originalvideo von 1989 \u00a0 \u00a0 \u00a0 \u00a0 | \u00a0 \u00a0 Direktlink Live-Version von 2006 Sch\u00f6ner Zufallsfund eines wunderbaren Titels. Ich mag die alten Sachen des Schweizers Stephan Eicher - und vor allem D\u00e9jeuner en paix - sehr. Damals hat die Texte zu Eichers Musik sein Freund, der franz\u00f6sische Schriftsteller\u2026","rel":"","context":"In &quot;Kino&quot;","block_context":{"text":"Kino","link":"https:\/\/textundblog.de\/?cat=2"},"img":{"alt_text":"","src":"","width":0,"height":0},"classes":[]}],"_links":{"self":[{"href":"https:\/\/textundblog.de\/index.php?rest_route=\/wp\/v2\/posts\/6267","targetHints":{"allow":["GET"]}}],"collection":[{"href":"https:\/\/textundblog.de\/index.php?rest_route=\/wp\/v2\/posts"}],"about":[{"href":"https:\/\/textundblog.de\/index.php?rest_route=\/wp\/v2\/types\/post"}],"author":[{"embeddable":true,"href":"https:\/\/textundblog.de\/index.php?rest_route=\/wp\/v2\/users\/1"}],"replies":[{"embeddable":true,"href":"https:\/\/textundblog.de\/index.php?rest_route=%2Fwp%2Fv2%2Fcomments&post=6267"}],"version-history":[{"count":0,"href":"https:\/\/textundblog.de\/index.php?rest_route=\/wp\/v2\/posts\/6267\/revisions"}],"wp:attachment":[{"href":"https:\/\/textundblog.de\/index.php?rest_route=%2Fwp%2Fv2%2Fmedia&parent=6267"}],"wp:term":[{"taxonomy":"category","embeddable":true,"href":"https:\/\/textundblog.de\/index.php?rest_route=%2Fwp%2Fv2%2Fcategories&post=6267"},{"taxonomy":"post_tag","embeddable":true,"href":"https:\/\/textundblog.de\/index.php?rest_route=%2Fwp%2Fv2%2Ftags&post=6267"}],"curies":[{"name":"wp","href":"https:\/\/api.w.org\/{rel}","templated":true}]}}