{"id":6264,"date":"2014-08-17T17:58:29","date_gmt":"2014-08-17T15:58:29","guid":{"rendered":"http:\/\/textundblog.de\/?p=6264"},"modified":"2014-08-17T19:22:39","modified_gmt":"2014-08-17T17:22:39","slug":"breaking-bad-co-tv-serien-philosophisch-betrachtet","status":"publish","type":"post","link":"https:\/\/textundblog.de\/?p=6264","title":{"rendered":"Breaking Bad &#038; Co: TV-Serien philosophisch betrachtet"},"content":{"rendered":"<p><a href=\"https:\/\/i0.wp.com\/textundblog.de\/wp-content\/breakingbad-illustrated.jpg?ssl=1\"><img data-recalc-dims=\"1\" loading=\"lazy\" decoding=\"async\" data-attachment-id=\"6265\" data-permalink=\"https:\/\/textundblog.de\/?attachment_id=6265\" data-orig-file=\"https:\/\/i0.wp.com\/textundblog.de\/wp-content\/breakingbad-illustrated.jpg?fit=800%2C486&amp;ssl=1\" data-orig-size=\"800,486\" data-comments-opened=\"1\" data-image-meta=\"{&quot;aperture&quot;:&quot;0&quot;,&quot;credit&quot;:&quot;&quot;,&quot;camera&quot;:&quot;&quot;,&quot;caption&quot;:&quot;&quot;,&quot;created_timestamp&quot;:&quot;0&quot;,&quot;copyright&quot;:&quot;&quot;,&quot;focal_length&quot;:&quot;0&quot;,&quot;iso&quot;:&quot;0&quot;,&quot;shutter_speed&quot;:&quot;0&quot;,&quot;title&quot;:&quot;&quot;}\" data-image-title=\"breakingbad-illustrated\" data-image-description=\"\" data-image-caption=\"\" data-large-file=\"https:\/\/i0.wp.com\/textundblog.de\/wp-content\/breakingbad-illustrated.jpg?fit=800%2C486&amp;ssl=1\" title=\"breakingbad-illustrated\"  src=\"https:\/\/i0.wp.com\/textundblog.de\/wp-content\/breakingbad-illustrated.jpg?resize=800%2C486&#038;ssl=1\" alt=\"breakingbad-illustrated\" width=\"800\" height=\"486\" class=\"alignnone size-full wp-image-6265\" srcset=\"https:\/\/i0.wp.com\/textundblog.de\/wp-content\/breakingbad-illustrated.jpg?w=800&amp;ssl=1 800w, https:\/\/i0.wp.com\/textundblog.de\/wp-content\/breakingbad-illustrated.jpg?resize=300%2C182&amp;ssl=1 300w\" sizes=\"auto, (max-width: 800px) 100vw, 800px\" \/><\/a><\/p>\n<p>Gut gemachte, qualit\u00e4tsvolle TV-Serien erreichen mittlerweile eine beeindruckende mediale und wissenschaftliche Aufmerksamkeit. Mit gro\u00dfem Interesse habe ich in den vergangenen Wochen die Beitr\u00e4ge auf Deutschlandradio Kultur zum Thema TV-Serien verfolgt, die sonntags von 13:05 &#8211; 14:00 Uhr im Philosophiemagazin \u00ab<a href=\"http:\/\/www.deutschlandradiokultur.de\/sein-und-streit.2161.de.html\">Sein und Streit<\/a>\u00bb gesendet wurden. Die heutige Folge m\u00f6chte ich euch zum nachh\u00f6ren empfehlen, weil quasi Bilanz gezogen wird. In einem 30-minutigen Interview mit der Medienphilosophin <a href=\"http:\/\/www.uni-weimar.de\/de\/universitaet\/struktur\/gremien\/universitaetsrat\/biographien\/prof-dr-christiane-voss\/\">Prof. Dr. Christiane Voss<\/a> (Bauhaus-Universit\u00e4t Weimar) werden drei Serien nochmals kurz vorgestellt und es wird versucht, den Erfolg der Serien philosophisch einzuordnen:<\/p>\n<p><!--more--><\/p>\n<blockquote><p>In den Helden Tony Soprano (&#8222;The Sopranos\u201c), Don Draper (&#8222;Mad Men\u201c), Walter White (&#8222;Breaking Bad\u201c) erkennt Christiane Voss nichts, womit wir uns identifizieren k\u00f6nnten. Im Gegenteil: &#8222;Das sind Des-Identifikationsangebote.&#8220; Entfalten die Qualit\u00e4tsserien gerade dadurch ihren Sog?<\/p><\/blockquote>\n<p>Beeindruckend sind \u00fcbrigens nicht nur die pr\u00e4zisen Analysen von Voss, sondern auch ihr extrem hohes Sprechtempo. \ud83d\ude09<\/p>\n<p>Der Beitrag kann hier oder auf der <a href=\"http:\/\/www.deutschlandradiokultur.de\/die-ganze-sendung-vom-17-08-14-keine-helden-sondern.2162.de.html?dram%3Aarticle_id=294740\">Website von DKultur<\/a> nachgeh\u00f6rt werden (Start etwa ab Minute 7:00):<\/p>\n<p><flash>http:\/\/ondemand-mp3.dradio.de\/file\/dradio\/2014\/08\/17\/drk_20140817_1310_b1b5b770.mp3<\/flash><\/p>\n<p>Praktisch auch die drei Lesetipps und unbedingt beachtenswert die sehr guten Tipps zum Nachlesen und -h\u00f6ren am Ende der Website (&#8222;Mehr zum Thema&#8220;) mit Hinweisen auf zuvor ausgestrahlte Radio-Beir\u00e4ge auf DKultur zum Thema TV-Serien.<\/p>\n<p><cite>Obige Grafik hab ich aus zwei Stills des Videos \u00ab<a href=\"https:\/\/textundblog.de\/?p=4942\">Breaking Bad \u2013 Illustrated<\/a>\u00bb erstellt.<\/cite><\/p>\n","protected":false},"excerpt":{"rendered":"<p>Gut gemachte, qualit\u00e4tsvolle TV-Serien erreichen mittlerweile eine beeindruckende mediale und wissenschaftliche Aufmerksamkeit. Mit gro\u00dfem Interesse habe ich in den vergangenen Wochen die Beitr\u00e4ge auf Deutschlandradio Kultur zum Thema TV-Serien verfolgt, die sonntags von 13:05 &#8211; 14:00 Uhr im Philosophiemagazin \u00abSein und Streit\u00bb gesendet wurden. Die heutige Folge m\u00f6chte ich euch zum nachh\u00f6ren empfehlen, weil quasi [&hellip;]<\/p>\n","protected":false},"author":1,"featured_media":0,"comment_status":"open","ping_status":"open","sticky":false,"template":"","format":"standard","meta":{"site-sidebar-layout":"default","site-content-layout":"","ast-site-content-layout":"default","site-content-style":"default","site-sidebar-style":"default","ast-global-header-display":"","ast-banner-title-visibility":"","ast-main-header-display":"","ast-hfb-above-header-display":"","ast-hfb-below-header-display":"","ast-hfb-mobile-header-display":"","site-post-title":"","ast-breadcrumbs-content":"","ast-featured-img":"","footer-sml-layout":"","theme-transparent-header-meta":"","adv-header-id-meta":"","stick-header-meta":"","header-above-stick-meta":"","header-main-stick-meta":"","header-below-stick-meta":"","astra-migrate-meta-layouts":"default","ast-page-background-enabled":"default","ast-page-background-meta":{"desktop":{"background-color":"var(--ast-global-color-4)","background-image":"","background-repeat":"repeat","background-position":"center center","background-size":"auto","background-attachment":"scroll","background-type":"","background-media":"","overlay-type":"","overlay-color":"","overlay-opacity":"","overlay-gradient":""},"tablet":{"background-color":"","background-image":"","background-repeat":"repeat","background-position":"center center","background-size":"auto","background-attachment":"scroll","background-type":"","background-media":"","overlay-type":"","overlay-color":"","overlay-opacity":"","overlay-gradient":""},"mobile":{"background-color":"","background-image":"","background-repeat":"repeat","background-position":"center center","background-size":"auto","background-attachment":"scroll","background-type":"","background-media":"","overlay-type":"","overlay-color":"","overlay-opacity":"","overlay-gradient":""}},"ast-content-background-meta":{"desktop":{"background-color":"var(--ast-global-color-5)","background-image":"","background-repeat":"repeat","background-position":"center center","background-size":"auto","background-attachment":"scroll","background-type":"","background-media":"","overlay-type":"","overlay-color":"","overlay-opacity":"","overlay-gradient":""},"tablet":{"background-color":"var(--ast-global-color-5)","background-image":"","background-repeat":"repeat","background-position":"center center","background-size":"auto","background-attachment":"scroll","background-type":"","background-media":"","overlay-type":"","overlay-color":"","overlay-opacity":"","overlay-gradient":""},"mobile":{"background-color":"var(--ast-global-color-5)","background-image":"","background-repeat":"repeat","background-position":"center center","background-size":"auto","background-attachment":"scroll","background-type":"","background-media":"","overlay-type":"","overlay-color":"","overlay-opacity":"","overlay-gradient":""}},"ngg_post_thumbnail":0,"jetpack_post_was_ever_published":false,"_jetpack_newsletter_access":"","_jetpack_dont_email_post_to_subs":false,"_jetpack_newsletter_tier_id":0,"_jetpack_memberships_contains_paywalled_content":false,"_jetpack_memberships_contains_paid_content":false,"footnotes":""},"categories":[11,19,3],"tags":[],"class_list":["post-6264","post","type-post","status-publish","format-standard","hentry","category-literatur","category-radio","category-tv"],"jetpack_featured_media_url":"","jetpack_sharing_enabled":true,"jetpack_shortlink":"https:\/\/wp.me\/p4uzZ-1D2","jetpack-related-posts":[{"id":5284,"url":"https:\/\/textundblog.de\/?p=5284","url_meta":{"origin":6264,"position":0},"title":"Fernsehen ist ein wertvolles Medium \u2013 Die Auswahl macht&#8217;s","author":"Markus","date":"2\/3\/2013","format":false,"excerpt":"Dass manche Menschen wahllos Fernsehen schauen oder es im anderen Extrem komplett ablehnen, erstaunt mich immer wieder. Jene, die TV kategorisch ablehnen, weil da angeblich nur \"Mist\" gesendet werden w\u00fcrde, bewegen sich f\u00fcr mich auf dem argumentativen Niveau von jemandem, der keine B\u00fccher mehr liest, weil er jedes Mal, wenn\u2026","rel":"","context":"In &quot;Bluesky&quot;","block_context":{"text":"Bluesky","link":"https:\/\/textundblog.de\/?cat=33"},"img":{"alt_text":"","src":"https:\/\/i0.wp.com\/textundblog.de\/wp-content\/tv-auswahl-collage.jpg?resize=350%2C200&ssl=1","width":350,"height":200},"classes":[]},{"id":6663,"url":"https:\/\/textundblog.de\/?p=6663","url_meta":{"origin":6264,"position":1},"title":"Extrem gut gemachte Unterhaltung: Unbreakable Kimmy Schmidt","author":"Markus","date":"9\/6\/2015","format":false,"excerpt":"Warum ich froh bin, dass es Netflix gibt? Aktuell wegen \u00abUnbreakable Kimmy Schmidt\u00bb. F\u00fcr mich eine der besten Comedy-Serien seit Langem. Nichts Anspruchsvolles, zugegeben. Aber sehr gut gemachte Unterhaltung, und ich finde, das ist eine besondere Erw\u00e4hnung wert: https:\/\/youtu.be\/mNKEKlXY3Z4 Die SZ schreibt vollkommen zurecht: Kimmy Schmidt rettet gerade ziemlich vielen\u2026","rel":"","context":"In &quot;TV&quot;","block_context":{"text":"TV","link":"https:\/\/textundblog.de\/?cat=3"},"img":{"alt_text":"Unbreakable Kimmy Schmidt","src":"https:\/\/i0.wp.com\/textundblog.de\/wp-content\/kimmyschmidt.jpg?resize=350%2C200&ssl=1","width":350,"height":200,"srcset":"https:\/\/i0.wp.com\/textundblog.de\/wp-content\/kimmyschmidt.jpg?resize=350%2C200&ssl=1 1x, https:\/\/i0.wp.com\/textundblog.de\/wp-content\/kimmyschmidt.jpg?resize=525%2C300&ssl=1 1.5x, https:\/\/i0.wp.com\/textundblog.de\/wp-content\/kimmyschmidt.jpg?resize=700%2C400&ssl=1 2x"},"classes":[]},{"id":4720,"url":"https:\/\/textundblog.de\/?p=4720","url_meta":{"origin":6264,"position":2},"title":"Soundtrack von Dexter macht mich zu Pawlowschem Hund","author":"Markus","date":"29\/5\/2012","format":false,"excerpt":"http:\/\/youtu.be\/e2xxizpHuoo Wenn ich zu Beginn einer jeden Folge diese Musik h\u00f6re, reagiere ich wie ein Pawlowscher Hund. Ich erwarte Serienqualit\u00e4t auf h\u00f6chstem Niveau, und so kommt es dann immer. Selten hat mich eine TV-Serie so in ihren Bann gezogen wie Dexter. Ich berichtete ja zu Jahresbeginn, warum mich Dexter so\u2026","rel":"","context":"In &quot;Musik&quot;","block_context":{"text":"Musik","link":"https:\/\/textundblog.de\/?cat=7"},"img":{"alt_text":"","src":"https:\/\/i0.wp.com\/img.youtube.com\/vi\/e2xxizpHuoo\/0.jpg?resize=350%2C200","width":350,"height":200},"classes":[]},{"id":6885,"url":"https:\/\/textundblog.de\/?p=6885","url_meta":{"origin":6264,"position":3},"title":"Eine kleine Fernsehgeschichte der Serien in Deutschland und USA","author":"Markus","date":"6\/12\/2015","format":false,"excerpt":"Der Germanist und Medienwissenschaftler Dietrich Leder hat einen langen und h\u00f6chst lesenswerten Text zur Bedeutung von Serien im deutschen und us-amerikanischen Fernsehen geschrieben, den ich zur Lekt\u00fcre empfehlen m\u00f6chte. Selten wurde deutsche Fernsehgeschichte mit all ihren Einfl\u00fcssen, Kopier- und gleichzeitig auch Abgrenzungsversuchen gegen\u00fcber den us-amerikanischen Vorbildern so kundig und versiert\u2026","rel":"","context":"In &quot;Artikel&quot;","block_context":{"text":"Artikel","link":"https:\/\/textundblog.de\/?cat=5"},"img":{"alt_text":"","src":"https:\/\/i0.wp.com\/textundblog.de\/wp-content\/serien.jpg?resize=350%2C200&ssl=1","width":350,"height":200,"srcset":"https:\/\/i0.wp.com\/textundblog.de\/wp-content\/serien.jpg?resize=350%2C200&ssl=1 1x, https:\/\/i0.wp.com\/textundblog.de\/wp-content\/serien.jpg?resize=525%2C300&ssl=1 1.5x"},"classes":[]},{"id":4081,"url":"https:\/\/textundblog.de\/?p=4081","url_meta":{"origin":6264,"position":4},"title":"Nach 20 Jahren wieder im TV: arte zeigt Twin Peaks","author":"Markus","date":"19\/4\/2011","format":false,"excerpt":"Direktlink YouTube Eine seltsam hohl klingende Musik, ein Vogel auf einem Ast, \u201eWillkommen in Twin Peaks\u201c, der amerikanischen Kleinstadt in den Rocky Mountains: eine zeitlose Welt, in der die Vernunft ins Wanken ger\u00e4t, Komik und Horror verschmelzen, und das B\u00f6se lauert hinterm Sofa. Angesichts der gegenw\u00e4rtigen Lobges\u00e4nge auf das kreative\u2026","rel":"","context":"In &quot;TV&quot;","block_context":{"text":"TV","link":"https:\/\/textundblog.de\/?cat=3"},"img":{"alt_text":"Twin Peaks","src":"https:\/\/i0.wp.com\/textundblog.de\/wp-content\/twinpeaks.jpg?resize=350%2C200&ssl=1","width":350,"height":200},"classes":[]},{"id":4473,"url":"https:\/\/textundblog.de\/?p=4473","url_meta":{"origin":6264,"position":5},"title":"Dexter &#8211; Tiefgang und Spannung auf hohem Niveau","author":"Markus","date":"6\/1\/2012","format":false,"excerpt":"Ich h\u00e4tte mir ja denken k\u00f6nnen, dass mir die Serie Dexter ausgesprochen gut gefallen wird. So oft, wie sie mir schon empfohlen wurde. Bin ja Seriensp\u00e4tstarter und kenne kaum TV-Serien, weil ich bisher zu wenig Zeit daf\u00fcr hatte und auch nicht glauben konnte, dass es Serien von so hoher Qualit\u00e4t\u2026","rel":"","context":"In &quot;TV&quot;","block_context":{"text":"TV","link":"https:\/\/textundblog.de\/?cat=3"},"img":{"alt_text":"","src":"https:\/\/i0.wp.com\/textundblog.de\/wp-content\/dexter-poster.jpg?resize=350%2C200&ssl=1","width":350,"height":200},"classes":[]}],"_links":{"self":[{"href":"https:\/\/textundblog.de\/index.php?rest_route=\/wp\/v2\/posts\/6264","targetHints":{"allow":["GET"]}}],"collection":[{"href":"https:\/\/textundblog.de\/index.php?rest_route=\/wp\/v2\/posts"}],"about":[{"href":"https:\/\/textundblog.de\/index.php?rest_route=\/wp\/v2\/types\/post"}],"author":[{"embeddable":true,"href":"https:\/\/textundblog.de\/index.php?rest_route=\/wp\/v2\/users\/1"}],"replies":[{"embeddable":true,"href":"https:\/\/textundblog.de\/index.php?rest_route=%2Fwp%2Fv2%2Fcomments&post=6264"}],"version-history":[{"count":0,"href":"https:\/\/textundblog.de\/index.php?rest_route=\/wp\/v2\/posts\/6264\/revisions"}],"wp:attachment":[{"href":"https:\/\/textundblog.de\/index.php?rest_route=%2Fwp%2Fv2%2Fmedia&parent=6264"}],"wp:term":[{"taxonomy":"category","embeddable":true,"href":"https:\/\/textundblog.de\/index.php?rest_route=%2Fwp%2Fv2%2Fcategories&post=6264"},{"taxonomy":"post_tag","embeddable":true,"href":"https:\/\/textundblog.de\/index.php?rest_route=%2Fwp%2Fv2%2Ftags&post=6264"}],"curies":[{"name":"wp","href":"https:\/\/api.w.org\/{rel}","templated":true}]}}