{"id":6262,"date":"2014-08-15T15:32:18","date_gmt":"2014-08-15T13:32:18","guid":{"rendered":"http:\/\/textundblog.de\/?p=6262"},"modified":"2014-08-15T20:38:23","modified_gmt":"2014-08-15T18:38:23","slug":"pareidolia-eine-eigene-welt-auf-twitter","status":"publish","type":"post","link":"https:\/\/textundblog.de\/?p=6262","title":{"rendered":"Pareidolia \u2013 eine eigene Welt auf Twitter"},"content":{"rendered":"<p><a href=\"https:\/\/textundblog.de\/?tag=tweetderwoche\"> <img loading=\"lazy\" decoding=\"async\" src=\"wp-images\/tweetderwoche2-200x96.jpg\" alt=\"Tweet der Woche\" title=\"Tweet der Woche\" height=\"96\" width=\"200\" class=\"bildrechts\" \/><\/a> Wisst ihr, was <em>Pareidolie<\/em> ist? Nein? Ich wusste es bis gestern auch nicht. Darauf gesto\u00dfen bin ich bei der Recherche nach dem Hashtag <em>#pareidoliaproject<\/em>. In der <a href=\"http:\/\/de.wikipedia.org\/wiki\/Pareidolie\">Wikipedia<\/a> lernen wir:<\/p>\n<blockquote><p>Pareidolie \u2026 bezeichnet das Ph\u00e4nomen, in Dingen und Mustern vermeintliche Gesichter und vertraute Wesen oder Gegenst\u00e4nde zu erkennen.<\/p><\/blockquote>\n<p>Statt <em>Tweet der Woche<\/em> m\u00fcsste es in dieser Woche eigentlich hei\u00dfen <em>Hashtag der Woche<\/em>, denn durch den Tweet von <a href=\"https:\/\/twitter.com\/HerrGruenkocht\/\">@HerrGruenkocht<\/a>, den ich hier vorstelle, hat sich mir ein Hashtag \u2013 und damit wieder mal eine ganz eigene Welt auf Twitter \u2013 erschlossen, aus deren Betrachtung ich mich kaum noch l\u00f6sen kann, so tolle Entdeckungen sind da zu machen:<\/p>\n<blockquote class=\"twitter-tweet\" data-width=\"500\" data-dnt=\"true\">\n<p lang=\"de\" dir=\"ltr\">Entdeckung: Liebe Timeline &#8211; schaut euch unbedingt dieses Projekt an. Herrlich verr\u00fcckt. <a href=\"https:\/\/twitter.com\/hashtag\/pareidoliaproject?src=hash&amp;ref_src=twsrc%5Etfw\">#pareidoliaproject<\/a><\/p>\n<p>&mdash; HerrGruenkocht (@HerrGruenkocht) <a href=\"https:\/\/twitter.com\/HerrGruenkocht\/status\/499980177930473475?ref_src=twsrc%5Etfw\">August 14, 2014<\/a><\/p><\/blockquote>\n<p><script async src=\"https:\/\/platform.twitter.com\/widgets.js\" charset=\"utf-8\"><\/script><\/p>\n<p>Da Herr Gr\u00fcn nicht nur <em>twittert<\/em> sondern <em>kocht<\/em>, wie der Name schon sagt, hat er mit seinem pfiffigen Gericht \u00abKleine Semmelkn\u00f6del mit Orangen-Pfeffersauce\u00bb gleich mal eine 1A-Vorlage f\u00fcr die Twittergattung <a href=\"https:\/\/twitter.com\/hashtag\/pareidoliaproject?src=hash\">#pareidoliaproject<\/a> geliefert:<\/p>\n<blockquote class=\"twitter-tweet\" data-width=\"500\" data-dnt=\"true\">\n<p lang=\"de\" dir=\"ltr\">Entdeckung: <a href=\"https:\/\/twitter.com\/HerrGruenkocht?ref_src=twsrc%5Etfw\">@HerrGruenkocht<\/a> hat tolle Rezepte UND Steilvorlagen f <a href=\"https:\/\/twitter.com\/hashtag\/pareidoliaproject?src=hash&amp;ref_src=twsrc%5Etfw\">#pareidoliaproject<\/a> z.B. <a href=\"http:\/\/t.co\/j8U7UHw5vU\">http:\/\/t.co\/j8U7UHw5vU<\/a> <a href=\"http:\/\/t.co\/BAirSVoF6I\">pic.twitter.com\/BAirSVoF6I<\/a><\/p>\n<p>&mdash; TOLLA ? bea beste (@TOLLABEA) <a href=\"https:\/\/twitter.com\/TOLLABEA\/status\/499977363569274880?ref_src=twsrc%5Etfw\">August 14, 2014<\/a><\/p><\/blockquote>\n<p><script async src=\"https:\/\/platform.twitter.com\/widgets.js\" charset=\"utf-8\"><\/script><\/p>\n<p>Hier geht&#8217;s zu den vergangenen <a href=\"https:\/\/textundblog.de\/?tag=tweetderwoche\">Tweets der Woche<\/a>.<\/p>\n","protected":false},"excerpt":{"rendered":"<p>Wisst ihr, was Pareidolie ist? Nein? Ich wusste es bis gestern auch nicht. Darauf gesto\u00dfen bin ich bei der Recherche nach dem Hashtag #pareidoliaproject. In der Wikipedia lernen wir: Pareidolie \u2026 bezeichnet das Ph\u00e4nomen, in Dingen und Mustern vermeintliche Gesichter und vertraute Wesen oder Gegenst\u00e4nde zu erkennen. Statt Tweet der Woche m\u00fcsste es in dieser [&hellip;]<\/p>\n","protected":false},"author":1,"featured_media":0,"comment_status":"open","ping_status":"open","sticky":false,"template":"","format":"standard","meta":{"site-sidebar-layout":"default","site-content-layout":"","ast-site-content-layout":"default","site-content-style":"default","site-sidebar-style":"default","ast-global-header-display":"","ast-banner-title-visibility":"","ast-main-header-display":"","ast-hfb-above-header-display":"","ast-hfb-below-header-display":"","ast-hfb-mobile-header-display":"","site-post-title":"","ast-breadcrumbs-content":"","ast-featured-img":"","footer-sml-layout":"","theme-transparent-header-meta":"","adv-header-id-meta":"","stick-header-meta":"","header-above-stick-meta":"","header-main-stick-meta":"","header-below-stick-meta":"","astra-migrate-meta-layouts":"default","ast-page-background-enabled":"default","ast-page-background-meta":{"desktop":{"background-color":"var(--ast-global-color-4)","background-image":"","background-repeat":"repeat","background-position":"center center","background-size":"auto","background-attachment":"scroll","background-type":"","background-media":"","overlay-type":"","overlay-color":"","overlay-opacity":"","overlay-gradient":""},"tablet":{"background-color":"","background-image":"","background-repeat":"repeat","background-position":"center center","background-size":"auto","background-attachment":"scroll","background-type":"","background-media":"","overlay-type":"","overlay-color":"","overlay-opacity":"","overlay-gradient":""},"mobile":{"background-color":"","background-image":"","background-repeat":"repeat","background-position":"center center","background-size":"auto","background-attachment":"scroll","background-type":"","background-media":"","overlay-type":"","overlay-color":"","overlay-opacity":"","overlay-gradient":""}},"ast-content-background-meta":{"desktop":{"background-color":"var(--ast-global-color-5)","background-image":"","background-repeat":"repeat","background-position":"center center","background-size":"auto","background-attachment":"scroll","background-type":"","background-media":"","overlay-type":"","overlay-color":"","overlay-opacity":"","overlay-gradient":""},"tablet":{"background-color":"var(--ast-global-color-5)","background-image":"","background-repeat":"repeat","background-position":"center center","background-size":"auto","background-attachment":"scroll","background-type":"","background-media":"","overlay-type":"","overlay-color":"","overlay-opacity":"","overlay-gradient":""},"mobile":{"background-color":"var(--ast-global-color-5)","background-image":"","background-repeat":"repeat","background-position":"center center","background-size":"auto","background-attachment":"scroll","background-type":"","background-media":"","overlay-type":"","overlay-color":"","overlay-opacity":"","overlay-gradient":""}},"ngg_post_thumbnail":0,"jetpack_post_was_ever_published":false,"_jetpack_newsletter_access":"","_jetpack_dont_email_post_to_subs":false,"_jetpack_newsletter_tier_id":0,"_jetpack_memberships_contains_paywalled_content":false,"_jetpack_memberships_contains_paid_content":false,"footnotes":""},"categories":[33,11],"tags":[77],"class_list":["post-6262","post","type-post","status-publish","format-standard","hentry","category-twitter","category-literatur","tag-tweetderwoche"],"jetpack_featured_media_url":"","jetpack_sharing_enabled":true,"jetpack_shortlink":"https:\/\/wp.me\/p4uzZ-1D0","jetpack-related-posts":[{"id":6338,"url":"https:\/\/textundblog.de\/?p=6338","url_meta":{"origin":6262,"position":0},"title":"Vernetzung durch Veranstaltungs-Hashtags","author":"Markus","date":"4\/10\/2014","format":false,"excerpt":"Jeder Twitter-Nutzende, der schon einmal auf einer Veranstaltung (egal ob Konferenz, Tagung, Versammlung oder Workshop etc.) war, auf der mit einem zuvor vereinbarten Hashtag getwittert wurde, wei\u00df dieses Vorgehen zu sch\u00e4tzen. Und erst recht die Daheimgebliebenen, die zwar verhindert, aber durchaus sehr an der Veranstaltung interessiert sind, k\u00f6nnen sich so\u2026","rel":"","context":"In &quot;Bluesky&quot;","block_context":{"text":"Bluesky","link":"https:\/\/textundblog.de\/?cat=33"},"img":{"alt_text":"Tweet der Woche","src":"wp-images\/tweetderwoche2-200x96.jpg","width":350,"height":200},"classes":[]},{"id":6719,"url":"https:\/\/textundblog.de\/?p=6719","url_meta":{"origin":6262,"position":1},"title":"Twitterhochzeit","author":"Markus","date":"22\/8\/2015","format":false,"excerpt":"Der Tweet der Woche steht dieses Mal f\u00fcr den Hashtag der Woche. Wann gibt's das schon mal, dass eine Hochzeit einen eigenen Hashtag (#DocAstie) hat und dann auch noch in den Trending Topics landet. Kein Wunder, wenn zwei twitternde Menschen sich das Ja-Wort geben und \u00fcber die H\u00e4lfte der G\u00e4ste\u2026","rel":"","context":"In &quot;Bluesky&quot;","block_context":{"text":"Bluesky","link":"https:\/\/textundblog.de\/?cat=33"},"img":{"alt_text":"Tweet der Woche","src":"wp-images\/tweetderwoche2-200x96.jpg","width":350,"height":200},"classes":[]},{"id":6893,"url":"https:\/\/textundblog.de\/?p=6893","url_meta":{"origin":6262,"position":2},"title":"Verfassungsschutzchef Maa\u00dfen verspricht Job in Straffreiheit","author":"Markus","date":"11\/12\/2015","format":false,"excerpt":"Der Tweet der Woche ist mal wieder ein Hashtag der Woche. Was @KatharinaKoenig angesto\u00dfen und gemeinsam mit anderen unter dem Hashtag #machwasduimmerwolltest fortgef\u00fchrt hat, ist so kreativ und gleichsam traurig, wie das Werben von Verfassungsschutzpr\u00e4sident Maa\u00dfen f\u00fcr einen Job in Straffreiheit unglaublich ist: https:\/\/twitter.com\/KatharinaKoenig\/status\/675274005419569152 Erst den O-Ton Maa\u00dfen anh\u00f6ren \u2013\u2026","rel":"","context":"In &quot;Bluesky&quot;","block_context":{"text":"Bluesky","link":"https:\/\/textundblog.de\/?cat=33"},"img":{"alt_text":"Tweet der Woche","src":"wp-images\/tweetderwoche2-200x96.jpg","width":350,"height":200},"classes":[]},{"id":8866,"url":"https:\/\/textundblog.de\/?p=8866","url_meta":{"origin":6262,"position":3},"title":"Das L\u00e4cheln des Mats M\u00f8ller D\u00e6hli: #1910SmilesofMats","author":"Markus","date":"22\/12\/2018","format":false,"excerpt":"Der Tweet der Woche ist praktisch ein Hashtag der Woche. Der FC St. Pauli hat entdeckt, dass die Bilder meines Lieblingsspielers Mats M\u00f8ller D\u00e6hli, der meist ein L\u00e4cheln auf den Lippen tr\u00e4gt, im Netz sehr gut ankommen und teilt sie unter dem Hashtag #1910SmilesofMats: https:\/\/twitter.com\/fcstpauli\/status\/1075815619805790208 Es lohnt sich die Bilder\u2026","rel":"","context":"In &quot;Bluesky&quot;","block_context":{"text":"Bluesky","link":"https:\/\/textundblog.de\/?cat=33"},"img":{"alt_text":"Tweet der Woche","src":"wp-images\/tweetderwoche2-200x96.jpg","width":350,"height":200},"classes":[]},{"id":6500,"url":"https:\/\/textundblog.de\/?p=6500","url_meta":{"origin":6262,"position":4},"title":"Tweet der Woche: #JeSuisCharlie","author":"Markus","date":"9\/1\/2015","format":false,"excerpt":"Selbstverst\u00e4ndlich kann es in dieser Woche nur einen Tweet der Woche geben, stellvertretend f\u00fcr all die Millionen Tweets, die mit dem in der Geschichte von Twitter bisher mit am h\u00e4ufigsten gebrauchten Hashtag #JeSuisCharlie (Quelle) geschrieben wurden. Verfasst wurde der Tweet der Woche von @joachimroncin. Die Geschichte dahinter erkl\u00e4rt die SZ\u2026","rel":"","context":"In &quot;Bluesky&quot;","block_context":{"text":"Bluesky","link":"https:\/\/textundblog.de\/?cat=33"},"img":{"alt_text":"Tweet der Woche","src":"wp-images\/tweetderwoche2-200x96.jpg","width":350,"height":200},"classes":[]},{"id":7270,"url":"https:\/\/textundblog.de\/?p=7270","url_meta":{"origin":6262,"position":5},"title":"Wo das Leben brummt: #PartyhauptstadtBerlin","author":"Markus","date":"19\/8\/2016","format":false,"excerpt":"Ich mag die feine Ironie der Hashtag-Fotoserie #PartyhauptstadtBerlin. Als pars pro toto ein Tweet von @FJ_Murau, einer, der kontinuierlich gute Beitr\u00e4ge zum ausschweifenden Leben in der deutschen Kapitale liefert: https:\/\/twitter.com\/FJ_Murau\/status\/764705616308895744 Hier geht's zu den vergangenen Tweets der Woche.","rel":"","context":"In &quot;Bluesky&quot;","block_context":{"text":"Bluesky","link":"https:\/\/textundblog.de\/?cat=33"},"img":{"alt_text":"Tweet der Woche","src":"wp-images\/tweetderwoche2-200x96.jpg","width":350,"height":200},"classes":[]}],"_links":{"self":[{"href":"https:\/\/textundblog.de\/index.php?rest_route=\/wp\/v2\/posts\/6262","targetHints":{"allow":["GET"]}}],"collection":[{"href":"https:\/\/textundblog.de\/index.php?rest_route=\/wp\/v2\/posts"}],"about":[{"href":"https:\/\/textundblog.de\/index.php?rest_route=\/wp\/v2\/types\/post"}],"author":[{"embeddable":true,"href":"https:\/\/textundblog.de\/index.php?rest_route=\/wp\/v2\/users\/1"}],"replies":[{"embeddable":true,"href":"https:\/\/textundblog.de\/index.php?rest_route=%2Fwp%2Fv2%2Fcomments&post=6262"}],"version-history":[{"count":0,"href":"https:\/\/textundblog.de\/index.php?rest_route=\/wp\/v2\/posts\/6262\/revisions"}],"wp:attachment":[{"href":"https:\/\/textundblog.de\/index.php?rest_route=%2Fwp%2Fv2%2Fmedia&parent=6262"}],"wp:term":[{"taxonomy":"category","embeddable":true,"href":"https:\/\/textundblog.de\/index.php?rest_route=%2Fwp%2Fv2%2Fcategories&post=6262"},{"taxonomy":"post_tag","embeddable":true,"href":"https:\/\/textundblog.de\/index.php?rest_route=%2Fwp%2Fv2%2Ftags&post=6262"}],"curies":[{"name":"wp","href":"https:\/\/api.w.org\/{rel}","templated":true}]}}