{"id":6022,"date":"2014-06-01T15:13:15","date_gmt":"2014-06-01T13:13:15","guid":{"rendered":"http:\/\/textundblog.de\/?p=6022"},"modified":"2014-06-01T17:30:00","modified_gmt":"2014-06-01T15:30:00","slug":"sr-doku-ueber-die-saarlaendische-nationalmannschaft","status":"publish","type":"post","link":"https:\/\/textundblog.de\/?p=6022","title":{"rendered":"SR-Doku \u00fcber die Saarl\u00e4ndische Nationalmannschaft"},"content":{"rendered":"<p><a href=\"http:\/\/sr-mediathek.sr-online.de\/index.php?seite=7&#038;id=25596\"><img data-recalc-dims=\"1\" loading=\"lazy\" decoding=\"async\" data-attachment-id=\"6024\" data-permalink=\"https:\/\/textundblog.de\/?attachment_id=6024\" data-orig-file=\"https:\/\/i0.wp.com\/textundblog.de\/wp-content\/saarlandfifa1.jpg?fit=500%2C283&amp;ssl=1\" data-orig-size=\"500,283\" data-comments-opened=\"1\" data-image-meta=\"{&quot;aperture&quot;:&quot;0&quot;,&quot;credit&quot;:&quot;&quot;,&quot;camera&quot;:&quot;&quot;,&quot;caption&quot;:&quot;&quot;,&quot;created_timestamp&quot;:&quot;0&quot;,&quot;copyright&quot;:&quot;&quot;,&quot;focal_length&quot;:&quot;0&quot;,&quot;iso&quot;:&quot;0&quot;,&quot;shutter_speed&quot;:&quot;0&quot;,&quot;title&quot;:&quot;&quot;}\" data-image-title=\"SR-Doku \u00fcber die Saarl\u00e4ndische Nationalmannschaft\" data-image-description=\"\" data-image-caption=\"\" data-large-file=\"https:\/\/i0.wp.com\/textundblog.de\/wp-content\/saarlandfifa1.jpg?fit=500%2C283&amp;ssl=1\" title=\"SR-Doku \u00fcber die Saarl\u00e4ndische Nationalmannschaft\"  src=\"https:\/\/i0.wp.com\/textundblog.de\/wp-content\/saarlandfifa1.jpg?resize=500%2C283&#038;ssl=1\" alt=\"SR-Doku \u00fcber die Saarl\u00e4ndische Nationalmannschaft\" width=\"500\" height=\"283\" class=\"alignnone size-full wp-image-6024\" srcset=\"https:\/\/i0.wp.com\/textundblog.de\/wp-content\/saarlandfifa1.jpg?w=500&amp;ssl=1 500w, https:\/\/i0.wp.com\/textundblog.de\/wp-content\/saarlandfifa1.jpg?resize=300%2C169&amp;ssl=1 300w\" sizes=\"auto, (max-width: 500px) 100vw, 500px\" \/><\/a><\/p>\n<p>Wenn man vom Saarland und vom gro\u00dfen Fu\u00dfball redet, muss man schon lange in die Vergangenheit zur\u00fcckgehen. Manche wissen gar nicht, dass das Saarland \u2013 vor seinem Beitritt zur BRD \u2013 mal eine eigene Nationalmannschaft hatte und damals sogar in einer Qualifikationsgruppe mit Deutschland um die Teilnahme an der WM 1954 in der Schweiz spielte. <\/p>\n<p><del datetime=\"2014-06-01T15:11:51+00:00\">Michael<\/del> Thomas Wollscheid aus der Redaktion der Sport Arena zeigt im Rahmen der Reihe \u00abKleines Land, gro\u00dfer Fu\u00dfball\u00ab in seiner knapp halbst\u00fcndigen Doku \u00ab<a href=\"http:\/\/www.sr-online.de\/sronline\/sr_fernsehen\/sendungen_a_-_z\/arena_am_samstag\/index.html\">Das Saarland in der FIFA<\/a>\u00bb wie es dazu kam und wie im Hintergrund immer wieder die Politik in den Fu\u00dfball hineinwirkte.<\/p>\n<p><a href=\"http:\/\/sr-mediathek.sr-online.de\/index.php?seite=7&#038;id=25596\"><img data-recalc-dims=\"1\" loading=\"lazy\" decoding=\"async\" data-attachment-id=\"6023\" data-permalink=\"https:\/\/textundblog.de\/?attachment_id=6023\" data-orig-file=\"https:\/\/i0.wp.com\/textundblog.de\/wp-content\/saarlandfifa2.jpg?fit=500%2C282&amp;ssl=1\" data-orig-size=\"500,282\" data-comments-opened=\"1\" data-image-meta=\"{&quot;aperture&quot;:&quot;0&quot;,&quot;credit&quot;:&quot;&quot;,&quot;camera&quot;:&quot;&quot;,&quot;caption&quot;:&quot;&quot;,&quot;created_timestamp&quot;:&quot;0&quot;,&quot;copyright&quot;:&quot;&quot;,&quot;focal_length&quot;:&quot;0&quot;,&quot;iso&quot;:&quot;0&quot;,&quot;shutter_speed&quot;:&quot;0&quot;,&quot;title&quot;:&quot;&quot;}\" data-image-title=\"SR-Doku \u00fcber die Saarl\u00e4ndische Nationalmannschaft\" data-image-description=\"\" data-image-caption=\"\" data-large-file=\"https:\/\/i0.wp.com\/textundblog.de\/wp-content\/saarlandfifa2.jpg?fit=500%2C282&amp;ssl=1\" title=\"SR-Doku \u00fcber die Saarl\u00e4ndische Nationalmannschaft\"  src=\"https:\/\/i0.wp.com\/textundblog.de\/wp-content\/saarlandfifa2.jpg?resize=500%2C282&#038;ssl=1\" alt=\"SR-Doku \u00fcber die Saarl\u00e4ndische Nationalmannschaft\" width=\"500\" height=\"282\" class=\"alignnone size-full wp-image-6023\" srcset=\"https:\/\/i0.wp.com\/textundblog.de\/wp-content\/saarlandfifa2.jpg?w=500&amp;ssl=1 500w, https:\/\/i0.wp.com\/textundblog.de\/wp-content\/saarlandfifa2.jpg?resize=300%2C169&amp;ssl=1 300w\" sizes=\"auto, (max-width: 500px) 100vw, 500px\" \/><\/a><\/p>\n","protected":false},"excerpt":{"rendered":"<p>Wenn man vom Saarland und vom gro\u00dfen Fu\u00dfball redet, muss man schon lange in die Vergangenheit zur\u00fcckgehen. Manche wissen gar nicht, dass das Saarland \u2013 vor seinem Beitritt zur BRD \u2013 mal eine eigene Nationalmannschaft hatte und damals sogar in einer Qualifikationsgruppe mit Deutschland um die Teilnahme an der WM 1954 in der Schweiz spielte. [&hellip;]<\/p>\n","protected":false},"author":1,"featured_media":0,"comment_status":"open","ping_status":"open","sticky":false,"template":"","format":"standard","meta":{"site-sidebar-layout":"default","site-content-layout":"","ast-site-content-layout":"default","site-content-style":"default","site-sidebar-style":"default","ast-global-header-display":"","ast-banner-title-visibility":"","ast-main-header-display":"","ast-hfb-above-header-display":"","ast-hfb-below-header-display":"","ast-hfb-mobile-header-display":"","site-post-title":"","ast-breadcrumbs-content":"","ast-featured-img":"","footer-sml-layout":"","theme-transparent-header-meta":"","adv-header-id-meta":"","stick-header-meta":"","header-above-stick-meta":"","header-main-stick-meta":"","header-below-stick-meta":"","astra-migrate-meta-layouts":"default","ast-page-background-enabled":"default","ast-page-background-meta":{"desktop":{"background-color":"var(--ast-global-color-4)","background-image":"","background-repeat":"repeat","background-position":"center center","background-size":"auto","background-attachment":"scroll","background-type":"","background-media":"","overlay-type":"","overlay-color":"","overlay-opacity":"","overlay-gradient":""},"tablet":{"background-color":"","background-image":"","background-repeat":"repeat","background-position":"center center","background-size":"auto","background-attachment":"scroll","background-type":"","background-media":"","overlay-type":"","overlay-color":"","overlay-opacity":"","overlay-gradient":""},"mobile":{"background-color":"","background-image":"","background-repeat":"repeat","background-position":"center center","background-size":"auto","background-attachment":"scroll","background-type":"","background-media":"","overlay-type":"","overlay-color":"","overlay-opacity":"","overlay-gradient":""}},"ast-content-background-meta":{"desktop":{"background-color":"var(--ast-global-color-5)","background-image":"","background-repeat":"repeat","background-position":"center center","background-size":"auto","background-attachment":"scroll","background-type":"","background-media":"","overlay-type":"","overlay-color":"","overlay-opacity":"","overlay-gradient":""},"tablet":{"background-color":"var(--ast-global-color-5)","background-image":"","background-repeat":"repeat","background-position":"center center","background-size":"auto","background-attachment":"scroll","background-type":"","background-media":"","overlay-type":"","overlay-color":"","overlay-opacity":"","overlay-gradient":""},"mobile":{"background-color":"var(--ast-global-color-5)","background-image":"","background-repeat":"repeat","background-position":"center center","background-size":"auto","background-attachment":"scroll","background-type":"","background-media":"","overlay-type":"","overlay-color":"","overlay-opacity":"","overlay-gradient":""}},"ngg_post_thumbnail":0,"jetpack_post_was_ever_published":false,"_jetpack_newsletter_access":"","_jetpack_dont_email_post_to_subs":false,"_jetpack_newsletter_tier_id":0,"_jetpack_memberships_contains_paywalled_content":false,"_jetpack_memberships_contains_paid_content":false,"footnotes":""},"categories":[17,12],"tags":[],"class_list":["post-6022","post","type-post","status-publish","format-standard","hentry","category-fussball","category-saarland"],"jetpack_featured_media_url":"","jetpack_sharing_enabled":true,"jetpack_shortlink":"https:\/\/wp.me\/p4uzZ-1z8","jetpack-related-posts":[{"id":4093,"url":"https:\/\/textundblog.de\/?p=4093","url_meta":{"origin":6022,"position":0},"title":"Die Leichtigkeit des Osterhasen aus dem Saarland","author":"Markus","date":"28\/4\/2011","format":false,"excerpt":"Es sieht auf den ersten Blick vielleicht ein bisschen gruselig aus, wie dieser Osterhase im Paket liegt: mit schmerzverzerrtem Gesicht, aufgerissenem Bauch, und wie Laura Palmer \u2013 die sch\u00f6ne Leiche aus Twin Peaks \u2013 in Plastikfolie eingewickelt. Doch diese wunderbare Sendung, heute aus der saarl\u00e4ndischen Heimat bei mir eingetroffen, hat\u2026","rel":"","context":"In &quot;Foto&quot;","block_context":{"text":"Foto","link":"https:\/\/textundblog.de\/?cat=10"},"img":{"alt_text":"Osterhase aus dem Saarland","src":"https:\/\/i0.wp.com\/textundblog.de\/wp-content\/osterhase-fcs-kl.jpg?resize=350%2C200&ssl=1","width":350,"height":200},"classes":[]},{"id":1635,"url":"https:\/\/textundblog.de\/?p=1635","url_meta":{"origin":6022,"position":1},"title":"Neue saarl\u00e4ndische Blogfeedsammlung: Saarland OPML","author":"Markus","date":"11\/6\/2007","format":false,"excerpt":"Ein Saarl\u00e4nder bleibt ja immer - egal wo er lebt - ein Saarl\u00e4nder. Obwohl in Hamburg lebend und bloggend, begreife ich mich auch als Saar-Blogger im Exil und verfolge die Geschicke meines Heimatlandes (vor allem, was den Fu\u00dfball angelangt - seufz!) immer auch vom Hohen Norden aus. Somit war ich\u2026","rel":"","context":"In &quot;Internet&quot;","block_context":{"text":"Internet","link":"https:\/\/textundblog.de\/?cat=4"},"img":{"alt_text":"Saar Ebbes!","src":"https:\/\/i0.wp.com\/textundblog.de\/wp-content\/saarebbes.jpg?resize=350%2C200&ssl=1","width":350,"height":200},"classes":[]},{"id":1329,"url":"https:\/\/textundblog.de\/?p=1329","url_meta":{"origin":6022,"position":2},"title":"Beitrag vom unbekannten Blogwichtel","author":"Blogwichtel","date":"1\/12\/2006","format":false,"excerpt":"Heute soll ich in diesem Blog wichteln. Das hat der Hollemann verf\u00fcgt. Der Hollemann hat ein Blogwichteldingens erfunden und weil sich das so nett anh\u00f6rte, dachte ich bei mir: \"Da mache ich mit. Da kann ich in einem anderen Blog rumschreiben und keiner wei\u00df, wer ich bin.\" Und dann f\u00fcgte\u2026","rel":"","context":"In &quot;Fu\u00dfball&quot;","block_context":{"text":"Fu\u00dfball","link":"https:\/\/textundblog.de\/?cat=17"},"img":{"alt_text":"","src":"","width":0,"height":0},"classes":[]},{"id":1784,"url":"https:\/\/textundblog.de\/?p=1784","url_meta":{"origin":6022,"position":3},"title":"Manuel Rasp: Wahl zum Tor der Woche","author":"Markus","date":"28\/8\/2007","format":false,"excerpt":"Warum sollte nicht einmal ein Tor aus der Oberliga \u00abTor des Monats\u00bb in der Sportschau werden? Manuel Rasp vom 1. FC Saarbr\u00fccken ist diese Woche mit seinem 2:1 Volley-Schuss gegen Pirmasens ein so beachtlicher Treffer gelungen, dass er zum \u00abTor der Woche\u00bb nominiert wurde. Das Duell gegen den Mit-Regionalliga-Absteiger hat\u2026","rel":"","context":"In &quot;Fu\u00dfball&quot;","block_context":{"text":"Fu\u00dfball","link":"https:\/\/textundblog.de\/?cat=17"},"img":{"alt_text":"Virtual Replay: Tor Manuel Rasp - Sportschau","src":"https:\/\/i0.wp.com\/textundblog.de\/wp-content\/manuelrasptorderwoche.jpg?resize=350%2C200&ssl=1","width":350,"height":200},"classes":[]},{"id":287,"url":"https:\/\/textundblog.de\/?p=287","url_meta":{"origin":6022,"position":4},"title":"Peter Eich: 200 x 2. Liga!","author":"Markus","date":"11\/3\/2005","format":false,"excerpt":"Heute im Spiel 1. FC Saarbr\u00fccken - Dynamo Dresden feiert dieser Mann sein 200. Zweitligaspiel: Peter Eich ist nicht nur der Held des Aufstiegs meines Fu\u00dfballclubs 1. FC Saarbr\u00fccken, sondern auch einer der zur Zeit besten Torh\u00fcter im Profifu\u00dfball (zumindest in der 2. Liga, wo er ganz nebenbei auch mit\u2026","rel":"","context":"In &quot;Fu\u00dfball&quot;","block_context":{"text":"Fu\u00dfball","link":"https:\/\/textundblog.de\/?cat=17"},"img":{"alt_text":"Peter Eich","src":".\/wp-content\/petereich.jpg","width":350,"height":200},"classes":[]},{"id":217,"url":"https:\/\/textundblog.de\/?p=217","url_meta":{"origin":6022,"position":5},"title":"Saarbr\u00fccken mischt die Liga auf","author":"Markus","date":"3\/2\/2005","format":false,"excerpt":"Um mal wieder etwas Positives aus dem Fu\u00dfball zu berichten, m\u00f6chte ich gerne auf den Artikel \"Saarbr\u00fccken mischt die Liga auf\" in sport1.de hinweisen. \"Wir haben Spa\u00df bei der Arbeit, ob im Training oder beim Spiel\", erkl\u00e4rt Kapit\u00e4n Faysal El Idrissi das einfache Erfolgsrezept der Saarl\u00e4nder. Und froh bin ich\u2026","rel":"","context":"In &quot;Fu\u00dfball&quot;","block_context":{"text":"Fu\u00dfball","link":"https:\/\/textundblog.de\/?cat=17"},"img":{"alt_text":"Faysal El Idrissi","src":".\/wp-content\/elidrissi.jpg","width":350,"height":200},"classes":[]}],"_links":{"self":[{"href":"https:\/\/textundblog.de\/index.php?rest_route=\/wp\/v2\/posts\/6022","targetHints":{"allow":["GET"]}}],"collection":[{"href":"https:\/\/textundblog.de\/index.php?rest_route=\/wp\/v2\/posts"}],"about":[{"href":"https:\/\/textundblog.de\/index.php?rest_route=\/wp\/v2\/types\/post"}],"author":[{"embeddable":true,"href":"https:\/\/textundblog.de\/index.php?rest_route=\/wp\/v2\/users\/1"}],"replies":[{"embeddable":true,"href":"https:\/\/textundblog.de\/index.php?rest_route=%2Fwp%2Fv2%2Fcomments&post=6022"}],"version-history":[{"count":0,"href":"https:\/\/textundblog.de\/index.php?rest_route=\/wp\/v2\/posts\/6022\/revisions"}],"wp:attachment":[{"href":"https:\/\/textundblog.de\/index.php?rest_route=%2Fwp%2Fv2%2Fmedia&parent=6022"}],"wp:term":[{"taxonomy":"category","embeddable":true,"href":"https:\/\/textundblog.de\/index.php?rest_route=%2Fwp%2Fv2%2Fcategories&post=6022"},{"taxonomy":"post_tag","embeddable":true,"href":"https:\/\/textundblog.de\/index.php?rest_route=%2Fwp%2Fv2%2Ftags&post=6022"}],"curies":[{"name":"wp","href":"https:\/\/api.w.org\/{rel}","templated":true}]}}