{"id":6019,"date":"2014-05-29T12:47:44","date_gmt":"2014-05-29T10:47:44","guid":{"rendered":"http:\/\/textundblog.de\/?p=6019"},"modified":"2014-05-29T12:51:50","modified_gmt":"2014-05-29T10:51:50","slug":"mexiko-bei-der-wm-2014-in-brasilien-quiero-creer","status":"publish","type":"post","link":"https:\/\/textundblog.de\/?p=6019","title":{"rendered":"Mexiko bei der WM 2014 in Brasilien: Quiero Creer"},"content":{"rendered":"<p>Mein Herz schl\u00e4gt bei der WM <a href=\"https:\/\/textundblog.de\/?p=3562\">bekanntlich<\/a> f\u00fcr Mexiko. In der <a href=\"http:\/\/www.kicker.de\/news\/fussball\/wm\/spielplan\/weltmeisterschaft\/2014\/1\/2605\/spieltag.html\">Brasilien-Gruppe A<\/a> den 2. Platz zu erreichen wird (gegen Kroatien und Kamerun) mehr als schwierig. Mexiko hat eine schwache Quali gespielt, was sie in ihrem Video auch offen ansprechen (\u00abTe hicimos sufrir\u00bb &#8211; \u00abWir haben dich leiden lassen\u00bb). Aber ich glaube dran \u2013 Quiero Creer: \u2013 zumindest, dass sie die Vorrunde \u00fcberstehen. <em>Y luego veremos<\/em>, und dann schauen wir mal.<\/p>\n<p><span class=\"embed-youtube\" style=\"text-align:center; display: block;\"><iframe loading=\"lazy\" class=\"youtube-player\" width=\"640\" height=\"360\" src=\"https:\/\/www.youtube.com\/embed\/S6VDC1m9WhA?version=3&#038;rel=1&#038;showsearch=0&#038;showinfo=1&#038;iv_load_policy=1&#038;fs=1&#038;hl=de-DE&#038;autohide=2&#038;wmode=transparent\" allowfullscreen=\"true\" style=\"border:0;\" sandbox=\"allow-scripts allow-same-origin allow-popups allow-presentation allow-popups-to-escape-sandbox\"><\/iframe><\/span><\/p>\n<p>Eine Mannschaftsvorstellung der TRI gibt es bei <em>CNN M\u00e9xico<\/em>: <a href=\"http:\/\/mexico.cnn.com\/deportes\/2014\/05\/09\/hombre-por-hombre-el-tri-que-buscara-ganar-el-mundial-de-brasil-2014\">Hombre por hombre<\/a>. Auf Twitter kann man die <em>Selecci\u00f3n Mexicana<\/em> auf <a href=\"https:\/\/twitter.com\/miseleccionmx\">@miseleccionmx<\/a> verfolgen.<\/p>\n","protected":false},"excerpt":{"rendered":"<p>Mein Herz schl\u00e4gt bei der WM bekanntlich f\u00fcr Mexiko. In der Brasilien-Gruppe A den 2. Platz zu erreichen wird (gegen Kroatien und Kamerun) mehr als schwierig. Mexiko hat eine schwache Quali gespielt, was sie in ihrem Video auch offen ansprechen (\u00abTe hicimos sufrir\u00bb &#8211; \u00abWir haben dich leiden lassen\u00bb). Aber ich glaube dran \u2013 Quiero [&hellip;]<\/p>\n","protected":false},"author":1,"featured_media":0,"comment_status":"open","ping_status":"open","sticky":false,"template":"","format":"standard","meta":{"site-sidebar-layout":"default","site-content-layout":"","ast-site-content-layout":"default","site-content-style":"default","site-sidebar-style":"default","ast-global-header-display":"","ast-banner-title-visibility":"","ast-main-header-display":"","ast-hfb-above-header-display":"","ast-hfb-below-header-display":"","ast-hfb-mobile-header-display":"","site-post-title":"","ast-breadcrumbs-content":"","ast-featured-img":"","footer-sml-layout":"","theme-transparent-header-meta":"","adv-header-id-meta":"","stick-header-meta":"","header-above-stick-meta":"","header-main-stick-meta":"","header-below-stick-meta":"","astra-migrate-meta-layouts":"default","ast-page-background-enabled":"default","ast-page-background-meta":{"desktop":{"background-color":"var(--ast-global-color-4)","background-image":"","background-repeat":"repeat","background-position":"center center","background-size":"auto","background-attachment":"scroll","background-type":"","background-media":"","overlay-type":"","overlay-color":"","overlay-opacity":"","overlay-gradient":""},"tablet":{"background-color":"","background-image":"","background-repeat":"repeat","background-position":"center center","background-size":"auto","background-attachment":"scroll","background-type":"","background-media":"","overlay-type":"","overlay-color":"","overlay-opacity":"","overlay-gradient":""},"mobile":{"background-color":"","background-image":"","background-repeat":"repeat","background-position":"center center","background-size":"auto","background-attachment":"scroll","background-type":"","background-media":"","overlay-type":"","overlay-color":"","overlay-opacity":"","overlay-gradient":""}},"ast-content-background-meta":{"desktop":{"background-color":"var(--ast-global-color-5)","background-image":"","background-repeat":"repeat","background-position":"center center","background-size":"auto","background-attachment":"scroll","background-type":"","background-media":"","overlay-type":"","overlay-color":"","overlay-opacity":"","overlay-gradient":""},"tablet":{"background-color":"var(--ast-global-color-5)","background-image":"","background-repeat":"repeat","background-position":"center center","background-size":"auto","background-attachment":"scroll","background-type":"","background-media":"","overlay-type":"","overlay-color":"","overlay-opacity":"","overlay-gradient":""},"mobile":{"background-color":"var(--ast-global-color-5)","background-image":"","background-repeat":"repeat","background-position":"center center","background-size":"auto","background-attachment":"scroll","background-type":"","background-media":"","overlay-type":"","overlay-color":"","overlay-opacity":"","overlay-gradient":""}},"ngg_post_thumbnail":0,"jetpack_post_was_ever_published":false,"_jetpack_newsletter_access":"","_jetpack_dont_email_post_to_subs":false,"_jetpack_newsletter_tier_id":0,"_jetpack_memberships_contains_paywalled_content":false,"_jetpack_memberships_contains_paid_content":false,"footnotes":""},"categories":[17,8],"tags":[],"class_list":["post-6019","post","type-post","status-publish","format-standard","hentry","category-fussball","category-spanisch"],"jetpack_featured_media_url":"","jetpack_sharing_enabled":true,"jetpack_shortlink":"https:\/\/wp.me\/p4uzZ-1z5","jetpack-related-posts":[{"id":6059,"url":"https:\/\/textundblog.de\/?p=6059","url_meta":{"origin":6019,"position":0},"title":"Vorfreude &#038; Kritik: Kunst &#038; Nachdenkliches zur WM","author":"Markus","date":"12\/6\/2014","format":false,"excerpt":"http:\/\/youtu.be\/iXyrQTcSmzY Wer's bis heute Abend nicht aushalten kann, schaue sich dieses wunderbare Fu\u00dfball-Kunstwerk an, das ich bei den 11 Freunden gefunden habe. Ansonsten m\u00f6chte ich darauf hinweisen, was ich vorgestern schon im Stabi-Blog und im ciberaBlog geschrieben habe: Bei aller Vorfreude auf m\u00f6glichst interessante Fu\u00dfballspiele, sollte man in diesen Tagen\u2026","rel":"","context":"In &quot;Fu\u00dfball&quot;","block_context":{"text":"Fu\u00dfball","link":"https:\/\/textundblog.de\/?cat=17"},"img":{"alt_text":"","src":"https:\/\/i0.wp.com\/textundblog.de\/wp-content\/maracana-muralla.jpg?resize=350%2C200&ssl=1","width":350,"height":200},"classes":[]},{"id":1001,"url":"https:\/\/textundblog.de\/?p=1001","url_meta":{"origin":6019,"position":1},"title":"M\u00e9xico &#8211; Angola: Mexikos zweiter Streich?","author":"Markus","date":"16\/6\/2006","format":false,"excerpt":"Heute ist es soweit: das zweite Spiel \u00abmeiner Mexikaner\u00bb steht auf dem Plan: Um 21 Uhr Mexiko-Angola in Hannover. Wenn die spanische Sportzeitung marca sich da mal nicht irrt, in Angola einen leichten Gegner f\u00fcr M\u00e9xico zu sehen: \u00abM\u00e9xico busca sentenciar el pase a octavos ante una d\u00e9bil Angola\u00bb (dt:\u2026","rel":"","context":"In &quot;Fu\u00dfball&quot;","block_context":{"text":"Fu\u00dfball","link":"https:\/\/textundblog.de\/?cat=17"},"img":{"alt_text":"Omar Bravo","src":"https:\/\/i0.wp.com\/www.textundblog.de\/wp-content\/omarbravo.jpg?resize=350%2C200","width":350,"height":200},"classes":[]},{"id":1650,"url":"https:\/\/textundblog.de\/?p=1650","url_meta":{"origin":6019,"position":2},"title":"Mexikanische Fussballnationalmannschaft weiterhin erfolgreich","author":"Markus","date":"22\/6\/2007","format":false,"excerpt":"Direktlink YouTube Mexiko steht dank des 1:0 gegen Fussballzwerg Guadeloupe im Finale des Goldcup (Turnier des nord- und mittelamerikanischen Fu\u00dfballverbandes CONCACAF). Der sehenswerte Fernschuss (siehe Video) von Pavel Pardo d\u00fcrfte nicht nur den VfB Stuttgart-Fans gefallen, mit denen der Mexikaner dieses Jahr Deutscher Meister geworden ist. Kurios: Das kleine Fussballland\u2026","rel":"","context":"In &quot;Fu\u00dfball&quot;","block_context":{"text":"Fu\u00dfball","link":"https:\/\/textundblog.de\/?cat=17"},"img":{"alt_text":"","src":"","width":0,"height":0},"classes":[]},{"id":398,"url":"https:\/\/textundblog.de\/?p=398","url_meta":{"origin":6019,"position":3},"title":"Mexiko im Halbfinale des ConFedCups","author":"Markus","date":"19\/6\/2005","format":false,"excerpt":"Mexiko steht nach dem genialen 1:0 \u00fcber Brasilien im Halbfinale des ConFedCups. Hochverdient, gute Laufarbeit und taktisch klasse eingestellt. Ich bin begeistert.","rel":"","context":"In &quot;Fu\u00dfball&quot;","block_context":{"text":"Fu\u00dfball","link":"https:\/\/textundblog.de\/?cat=17"},"img":{"alt_text":"M\u00e9xico","src":".\/wp-content\/mex.gif","width":350,"height":200},"classes":[]},{"id":6074,"url":"https:\/\/textundblog.de\/?p=6074","url_meta":{"origin":6019,"position":4},"title":"Gracias, Mexiko. Danke, Ochoa.","author":"Markus","date":"17\/6\/2014","format":false,"excerpt":"https:\/\/twitter.com\/textundblog\/status\/478959984215343106 Was f\u00fcr ein Spiel. 0:0 gegen Brasilien geschafft. Danke Mexiko f\u00fcr diesen Kraftakt. Dass der mexikanische Torwart Guillermo Ochoa zur Zeit keinen Verein hat, d\u00fcrfte sich nach diesem Wahnsinnsspiel schnell \u00e4ndern.","rel":"","context":"In &quot;Fu\u00dfball&quot;","block_context":{"text":"Fu\u00dfball","link":"https:\/\/textundblog.de\/?cat=17"},"img":{"alt_text":"","src":"","width":0,"height":0},"classes":[]},{"id":386,"url":"https:\/\/textundblog.de\/?p=386","url_meta":{"origin":6019,"position":5},"title":"Copa Fifa Confederaciones","author":"Markus","date":"14\/6\/2005","format":false,"excerpt":"Ich bin ein gro\u00dfer Fan der mexikanischen Fu\u00dfballnationalmannschaft und freue mich, sie beim Konfederationscup sehen zu k\u00f6nnen. Premiere \u00fcbertr\u00e4gt zum Gl\u00fcck alle Spiele live! Spanischsprachige Infos gibt's hier: Copa Fifa Confederaciones Alemania. Erstes Spiel: 16. Juni, 18 Uhr, Japan-Mexiko; zweites Spiel: 19. Juni, 20:45 Uhr, Mexiko-Brasilien; drittes Spiel: 22. Juno,\u2026","rel":"","context":"In &quot;Internet&quot;","block_context":{"text":"Internet","link":"https:\/\/textundblog.de\/?cat=4"},"img":{"alt_text":"M\u00e9xico","src":".\/wp-content\/mex.gif","width":350,"height":200},"classes":[]}],"_links":{"self":[{"href":"https:\/\/textundblog.de\/index.php?rest_route=\/wp\/v2\/posts\/6019","targetHints":{"allow":["GET"]}}],"collection":[{"href":"https:\/\/textundblog.de\/index.php?rest_route=\/wp\/v2\/posts"}],"about":[{"href":"https:\/\/textundblog.de\/index.php?rest_route=\/wp\/v2\/types\/post"}],"author":[{"embeddable":true,"href":"https:\/\/textundblog.de\/index.php?rest_route=\/wp\/v2\/users\/1"}],"replies":[{"embeddable":true,"href":"https:\/\/textundblog.de\/index.php?rest_route=%2Fwp%2Fv2%2Fcomments&post=6019"}],"version-history":[{"count":0,"href":"https:\/\/textundblog.de\/index.php?rest_route=\/wp\/v2\/posts\/6019\/revisions"}],"wp:attachment":[{"href":"https:\/\/textundblog.de\/index.php?rest_route=%2Fwp%2Fv2%2Fmedia&parent=6019"}],"wp:term":[{"taxonomy":"category","embeddable":true,"href":"https:\/\/textundblog.de\/index.php?rest_route=%2Fwp%2Fv2%2Fcategories&post=6019"},{"taxonomy":"post_tag","embeddable":true,"href":"https:\/\/textundblog.de\/index.php?rest_route=%2Fwp%2Fv2%2Ftags&post=6019"}],"curies":[{"name":"wp","href":"https:\/\/api.w.org\/{rel}","templated":true}]}}