{"id":6017,"date":"2014-05-26T20:06:42","date_gmt":"2014-05-26T18:06:42","guid":{"rendered":"http:\/\/textundblog.de\/?p=6017"},"modified":"2014-05-26T20:16:48","modified_gmt":"2014-05-26T18:16:48","slug":"bezirkswahl-hamburg-fuer-wandsbek-hat-es-nicht-gereicht","status":"publish","type":"post","link":"https:\/\/textundblog.de\/?p=6017","title":{"rendered":"Bezirkswahl Hamburg: F\u00fcr Wandsbek hat es nicht gereicht"},"content":{"rendered":"<blockquote class=\"twitter-tweet\" data-width=\"500\" data-dnt=\"true\">\n<p lang=\"de\" dir=\"ltr\">Nun steht auch Endergebnis <a href=\"https:\/\/twitter.com\/hashtag\/Piraten?src=hash&amp;ref_src=twsrc%5Etfw\">#Piraten<\/a> <a href=\"https:\/\/twitter.com\/hashtag\/Wandsbek?src=hash&amp;ref_src=twsrc%5Etfw\">#Wandsbek<\/a> fest: 1,9%. In &quot;meinem&quot; Bezirk Wandsbek 1: 3,7 % (+ 0,5%). War trotzdem wichtig anzutreten.<\/p>\n<p>&mdash; Markus Trapp (@textundblog) <a href=\"https:\/\/twitter.com\/textundblog\/status\/470980454771085312?ref_src=twsrc%5Etfw\">May 26, 2014<\/a><\/p><\/blockquote>\n<p><script async src=\"https:\/\/platform.twitter.com\/widgets.js\" charset=\"utf-8\"><\/script><\/p>\n<p>Ich danke allen, die mich gew\u00e4hlt und unterst\u00fctzt haben. Es war trotz nicht einfacher Voraussetzungen wichtig, bei der Wahl anzutreten. Wir haben die zum Einzug in die Bezirksversammlung notwendigen 3 % nicht geschafft.<\/p>\n<p>Das Positive aus Sicht der <a href=\"http:\/\/piraten-hh.de\/\">Piraten in Hamburg<\/a>: In 2 von 7 Bezirken ist der Einzug von Piraten in Bezirksversammlungen gelungen: Insgesamt 4 Piraten haben es also immerhin geschafft. Mein Gl\u00fcckwunsch nach <a href=\"http:\/\/hamburg-mitte.bezirkspiraten.de\/\">Hamburg-Mitte<\/a> und <a href=\"http:\/\/nord.piraten-hh.de\/\">Hamburg Nord<\/a>. Immerhin in diesen beiden Bezirksversammlungen in Hamburg wird es je zwei Piraten-Vertreter geben. Und ich bin mir sicher, sie werden dort weiter gute Arbeit machen. Alle Zahlen gibt es <a href=\"http:\/\/wahlen-hamburg.de\/wahlen.php?site=left\/gebiete&#038;wahl=136#index.php?site=right\/ergebnis&#038;wahl=136&#038;gebiet=7&#038;typ=3&#038;stimme=1\">hier<\/a>.<\/p>\n","protected":false},"excerpt":{"rendered":"<p>Nun steht auch Endergebnis #Piraten #Wandsbek fest: 1,9%. In &quot;meinem&quot; Bezirk Wandsbek 1: 3,7 % (+ 0,5%). War trotzdem wichtig anzutreten. &mdash; Markus Trapp (@textundblog) May 26, 2014 Ich danke allen, die mich gew\u00e4hlt und unterst\u00fctzt haben. Es war trotz nicht einfacher Voraussetzungen wichtig, bei der Wahl anzutreten. Wir haben die zum Einzug in die [&hellip;]<\/p>\n","protected":false},"author":1,"featured_media":0,"comment_status":"open","ping_status":"open","sticky":false,"template":"","format":"standard","meta":{"site-sidebar-layout":"default","site-content-layout":"","ast-site-content-layout":"default","site-content-style":"default","site-sidebar-style":"default","ast-global-header-display":"","ast-banner-title-visibility":"","ast-main-header-display":"","ast-hfb-above-header-display":"","ast-hfb-below-header-display":"","ast-hfb-mobile-header-display":"","site-post-title":"","ast-breadcrumbs-content":"","ast-featured-img":"","footer-sml-layout":"","theme-transparent-header-meta":"","adv-header-id-meta":"","stick-header-meta":"","header-above-stick-meta":"","header-main-stick-meta":"","header-below-stick-meta":"","astra-migrate-meta-layouts":"default","ast-page-background-enabled":"default","ast-page-background-meta":{"desktop":{"background-color":"var(--ast-global-color-4)","background-image":"","background-repeat":"repeat","background-position":"center center","background-size":"auto","background-attachment":"scroll","background-type":"","background-media":"","overlay-type":"","overlay-color":"","overlay-opacity":"","overlay-gradient":""},"tablet":{"background-color":"","background-image":"","background-repeat":"repeat","background-position":"center center","background-size":"auto","background-attachment":"scroll","background-type":"","background-media":"","overlay-type":"","overlay-color":"","overlay-opacity":"","overlay-gradient":""},"mobile":{"background-color":"","background-image":"","background-repeat":"repeat","background-position":"center center","background-size":"auto","background-attachment":"scroll","background-type":"","background-media":"","overlay-type":"","overlay-color":"","overlay-opacity":"","overlay-gradient":""}},"ast-content-background-meta":{"desktop":{"background-color":"var(--ast-global-color-5)","background-image":"","background-repeat":"repeat","background-position":"center center","background-size":"auto","background-attachment":"scroll","background-type":"","background-media":"","overlay-type":"","overlay-color":"","overlay-opacity":"","overlay-gradient":""},"tablet":{"background-color":"var(--ast-global-color-5)","background-image":"","background-repeat":"repeat","background-position":"center center","background-size":"auto","background-attachment":"scroll","background-type":"","background-media":"","overlay-type":"","overlay-color":"","overlay-opacity":"","overlay-gradient":""},"mobile":{"background-color":"var(--ast-global-color-5)","background-image":"","background-repeat":"repeat","background-position":"center center","background-size":"auto","background-attachment":"scroll","background-type":"","background-media":"","overlay-type":"","overlay-color":"","overlay-opacity":"","overlay-gradient":""}},"ngg_post_thumbnail":0,"jetpack_post_was_ever_published":false,"_jetpack_newsletter_access":"","_jetpack_dont_email_post_to_subs":false,"_jetpack_newsletter_tier_id":0,"_jetpack_memberships_contains_paywalled_content":false,"_jetpack_memberships_contains_paid_content":false,"footnotes":""},"categories":[15,9],"tags":[],"class_list":["post-6017","post","type-post","status-publish","format-standard","hentry","category-hamburg","category-politik"],"jetpack_featured_media_url":"","jetpack_sharing_enabled":true,"jetpack_shortlink":"https:\/\/wp.me\/p4uzZ-1z3","jetpack-related-posts":[{"id":5968,"url":"https:\/\/textundblog.de\/?p=5968","url_meta":{"origin":6017,"position":0},"title":"Interview-Vorstellungen der Hamburger Piraten","author":"Markus","date":"8\/5\/2014","format":false,"excerpt":"Manchmal werde ich gefragt, seit wann ich eigentlich bei den Piraten bin (relativ lange schon) und vor allem, warum. Diese und die ganz aktuellen Fragen, warum ich bei den Bezirkswahlen in Wandsbek f\u00fcr die Piraten antrete, beantworte ich im Rahmen einer Interview-Reihe, in der Thomas Michel auf der Website der\u2026","rel":"","context":"In &quot;Hamburg&quot;","block_context":{"text":"Hamburg","link":"https:\/\/textundblog.de\/?cat=15"},"img":{"alt_text":"","src":"https:\/\/i0.wp.com\/textundblog.de\/wp-content\/wochenblattwandsbek.jpg?resize=350%2C200&ssl=1","width":350,"height":200},"classes":[]},{"id":5788,"url":"https:\/\/textundblog.de\/?p=5788","url_meta":{"origin":6017,"position":1},"title":"Aufstellungsversammlung Piraten Wandsbek","author":"Markus","date":"17\/1\/2014","format":false,"excerpt":"Am 25. Mai 2014 finden in Hamburg parallel zur Europawahl die Bezirkswahlen statt. Ich hab mich \u2013 im 5. Jahr meiner Parteizugeh\u00f6rigkeit \u2013 entschieden, mich bei den Wandsbeker Piraten f\u00fcr eine Kandidatur zur Bezirkswahl zu bewerben. Morgen, Samstag, den 18. Januar ab 12:00 Uhr, findet die Aufstellungsversammlung der Piraten Wandsbek\u2026","rel":"","context":"In &quot;Hamburg&quot;","block_context":{"text":"Hamburg","link":"https:\/\/textundblog.de\/?cat=15"},"img":{"alt_text":"","src":"https:\/\/i0.wp.com\/textundblog.de\/wp-content\/wandsbekbezirk-aufstellung.jpg?resize=350%2C200&ssl=1","width":350,"height":200},"classes":[]},{"id":5883,"url":"https:\/\/textundblog.de\/?p=5883","url_meta":{"origin":6017,"position":2},"title":"Wahlkampfauftakt: Auf dem Podium in Rahlstedt","author":"Markus","date":"11\/4\/2014","format":false,"excerpt":"Ab und an berichte ich hier von etwas, was ich zum ersten Mal gemacht habe. Isa nennt so was ja \u00abSachen machen\u00bb. Das wird wieder so ein Artikel aus der Reihe. Was ich dieses Mal zum ersten Mal gemacht habe? Auf einer politischen Podiumsdiskussion gesessen. Und zwar ganz im Osten\u2026","rel":"","context":"In &quot;Hamburg&quot;","block_context":{"text":"Hamburg","link":"https:\/\/textundblog.de\/?cat=15"},"img":{"alt_text":"","src":"https:\/\/i0.wp.com\/textundblog.de\/wp-content\/podium-rahlstedt.jpg?resize=350%2C200&ssl=1","width":350,"height":200},"classes":[]},{"id":5907,"url":"https:\/\/textundblog.de\/?p=5907","url_meta":{"origin":6017,"position":3},"title":"Podiumsdiskussion in der Otto-Hahn-Schule","author":"Markus","date":"19\/4\/2014","format":false,"excerpt":"Update 24.4.2014: Jetzt auch mit Fotos des Podiums. Am vergangenen Dienstag, 15. April, war ich auf meiner zweiten Podiumsdiskussion in Sachen Bezirkswahl in Wandsbek. Nach der Premiere in Rahlstedt vor B\u00fcrgern aller Altersklassen, ging's dieses Mal zu j\u00fcngerem Publikum nach Jenfeld, in die Otto-Hahn-Schule, einer von 58 Stadtteilschulen in Hamburg.\u2026","rel":"","context":"In &quot;Hamburg&quot;","block_context":{"text":"Hamburg","link":"https:\/\/textundblog.de\/?cat=15"},"img":{"alt_text":"","src":"https:\/\/i0.wp.com\/textundblog.de\/wp-content\/Podiumsdiskussion07-gr.jpg?resize=350%2C200","width":350,"height":200,"srcset":"https:\/\/i0.wp.com\/textundblog.de\/wp-content\/Podiumsdiskussion07-gr.jpg?resize=350%2C200 1x, https:\/\/i0.wp.com\/textundblog.de\/wp-content\/Podiumsdiskussion07-gr.jpg?resize=525%2C300 1.5x, https:\/\/i0.wp.com\/textundblog.de\/wp-content\/Podiumsdiskussion07-gr.jpg?resize=700%2C400 2x, https:\/\/i0.wp.com\/textundblog.de\/wp-content\/Podiumsdiskussion07-gr.jpg?resize=1050%2C600 3x, https:\/\/i0.wp.com\/textundblog.de\/wp-content\/Podiumsdiskussion07-gr.jpg?resize=1400%2C800 4x"},"classes":[]},{"id":5931,"url":"https:\/\/textundblog.de\/?p=5931","url_meta":{"origin":6017,"position":4},"title":"Wir m\u00fcssen umdenken: Gesunde St\u00e4dte durch gesellschaftliche Teilhabe","author":"Markus","date":"27\/4\/2014","format":false,"excerpt":"Im Vorfeld der Wahlen zu den Bezirksversammlungen ist B\u00fcrgerbeteiligung ein wichtiges Stichwort. Irgendwie haben sich das Thema Partizipation alle Parteien auf die Fahnen geschrieben. Mit der konkreten Umsetzung scheint es aber nicht so weit her zu sein. Ich habe den Eindruck, dass bisherige Mitglieder der Bezirksversammlung die Kommunalpolitik durch die\u2026","rel":"","context":"In &quot;Hamburg&quot;","block_context":{"text":"Hamburg","link":"https:\/\/textundblog.de\/?cat=15"},"img":{"alt_text":"","src":"https:\/\/i0.wp.com\/textundblog.de\/wp-content\/partizipation.jpg?resize=350%2C200&ssl=1","width":350,"height":200},"classes":[]},{"id":6525,"url":"https:\/\/textundblog.de\/?p=6525","url_meta":{"origin":6017,"position":5},"title":"PIRATEN Hamburg zur B\u00fcrgerschaftswahl 2015","author":"Markus","date":"24\/1\/2015","format":false,"excerpt":"http:\/\/youtu.be\/y9XM_cpnQTk Soeben ver\u00f6ffentlicht: der Wahlspot der Piraten Hamburg. Finde ihn sehr gut. Im Vortrag von Julia Reda \u00fcber ihre Arbeit f\u00fcr die Piratenpartei im EU-Parlament haben wir gestern erfahren, welche Chancen sich ergeben, wenn Piraten in Parlamente gew\u00e4hlt werden. Ich hoffe deshalb sehr, dass auch viele in Hamburg am 15.\u2026","rel":"","context":"In &quot;Hamburg&quot;","block_context":{"text":"Hamburg","link":"https:\/\/textundblog.de\/?cat=15"},"img":{"alt_text":"","src":"https:\/\/i0.wp.com\/textundblog.de\/wp-content\/piraten-hh-kandidaten-2015.jpg?resize=350%2C200&ssl=1","width":350,"height":200,"srcset":"https:\/\/i0.wp.com\/textundblog.de\/wp-content\/piraten-hh-kandidaten-2015.jpg?resize=350%2C200&ssl=1 1x, https:\/\/i0.wp.com\/textundblog.de\/wp-content\/piraten-hh-kandidaten-2015.jpg?resize=525%2C300&ssl=1 1.5x, https:\/\/i0.wp.com\/textundblog.de\/wp-content\/piraten-hh-kandidaten-2015.jpg?resize=700%2C400&ssl=1 2x"},"classes":[]}],"_links":{"self":[{"href":"https:\/\/textundblog.de\/index.php?rest_route=\/wp\/v2\/posts\/6017","targetHints":{"allow":["GET"]}}],"collection":[{"href":"https:\/\/textundblog.de\/index.php?rest_route=\/wp\/v2\/posts"}],"about":[{"href":"https:\/\/textundblog.de\/index.php?rest_route=\/wp\/v2\/types\/post"}],"author":[{"embeddable":true,"href":"https:\/\/textundblog.de\/index.php?rest_route=\/wp\/v2\/users\/1"}],"replies":[{"embeddable":true,"href":"https:\/\/textundblog.de\/index.php?rest_route=%2Fwp%2Fv2%2Fcomments&post=6017"}],"version-history":[{"count":0,"href":"https:\/\/textundblog.de\/index.php?rest_route=\/wp\/v2\/posts\/6017\/revisions"}],"wp:attachment":[{"href":"https:\/\/textundblog.de\/index.php?rest_route=%2Fwp%2Fv2%2Fmedia&parent=6017"}],"wp:term":[{"taxonomy":"category","embeddable":true,"href":"https:\/\/textundblog.de\/index.php?rest_route=%2Fwp%2Fv2%2Fcategories&post=6017"},{"taxonomy":"post_tag","embeddable":true,"href":"https:\/\/textundblog.de\/index.php?rest_route=%2Fwp%2Fv2%2Ftags&post=6017"}],"curies":[{"name":"wp","href":"https:\/\/api.w.org\/{rel}","templated":true}]}}