{"id":6011,"date":"2014-05-22T14:59:33","date_gmt":"2014-05-22T12:59:33","guid":{"rendered":"http:\/\/textundblog.de\/?p=6011"},"modified":"2014-05-23T21:32:34","modified_gmt":"2014-05-23T19:32:34","slug":"masterarbeit-fertig-alles-wird-gut-danke","status":"publish","type":"post","link":"https:\/\/textundblog.de\/?p=6011","title":{"rendered":"Masterarbeit fertig \u2013 Alles wird gut. Danke."},"content":{"rendered":"<p><a href=\"https:\/\/i0.wp.com\/textundblog.de\/wp-content\/masterarbeit-gr.jpg?ssl=1\"><img data-recalc-dims=\"1\" loading=\"lazy\" decoding=\"async\" title=\"Masterarbeit\"  src=\"https:\/\/i0.wp.com\/textundblog.de\/wp-content\/masterarbeit.jpg?resize=350%2C263&#038;ssl=1\" alt=\"Masterarbeit\" width=\"350\" height=\"263\" class=\"bildrechts\" \/><\/a> Wie ich heute morgen schon <a href=\"https:\/\/twitter.com\/textundblog\/status\/469355720220377088\">schrieb<\/a>: es ist noch kein Master vom Himmel gefallen. Jeder, der neben dem Beruf nochmal ein Studium aufnimmt, wei\u00df, dass so etwas parallel zum Job zu Ende zu bringen, einen hohen Grad an Disziplin erfordert. Da ich von Natur aus eher undiszipliniert bin, ist es ein Wunder, dass auch <em>ich<\/em> mit der Arbeit fristgerecht fertig geworden bin. <\/p>\n<p>Heute Nacht war sie fertig geschrieben, formatiert und ausgedruckt, heute Mittag in der Mittagspause hab ich zwei Exemplare binden lassen. Morgen Fr\u00fch steig ich in den Zug nach Berlin und gebe sie am <a href=\"http:\/\/www.ib.hu-berlin.de\">IBI<\/a> ab, wo wir nochmal zwei Tage Vorlesungen im 4. Fachsemester haben. Am 5. Juli schreiben wir noch eine Klausur und <del datetime=\"2014-05-23T19:31:36+00:00\">aller Voraussicht nach im Oktober<\/del> am 16. September hab ich noch eine m\u00fcndliche Pr\u00fcfung zu absolvieren, ehe ich dann hoffentlich mein <a href=\"https:\/\/textundblog.de\/?p=4949\">vor zwei Jahren<\/a> aufgenommenes Studium beenden und mein Klingelschild um den Titel \u00abMaster of Arts \u2013 Library and Information Science\u00bb erweitern werde. Die gr\u00f6\u00dfte H\u00fcrde auf diesem Weg liegt nun fest eingebunden zwischen zwei Buchdeckeln. Ihr k\u00f6nnt euch gar nicht vorstellen, was f\u00fcr ein Stein mir in diesen Augenblicken vom Herzen f\u00e4llt.<\/p>\n<p>Die Arbeit wird, wenn meine beiden Gutachter sie dessen w\u00fcrdig finden, im Herbst hier ver\u00f6ffentlicht werden: <a href=\"http:\/\/www.ib.hu-berlin.de\/inf\/handrei.htm\">Berliner Handreichungen zur Bibliotheks- und Informationswissenschaft<\/a>.<\/p>\n<p>Ich danke den 20 Social Media Ansprechpartnern wissenschaftlicher Bibliotheken aus Deutschland, \u00d6sterreich und der Schweiz, die sich aufgrund dieses <a href=\"https:\/\/textundblog.de\/?p=5808\">Aufrufes<\/a> bei mir gemeldet hatten und die meinen f\u00fcr die Arbeit entwickelten Fragebogen ausgef\u00fcllt haben. <strong>Und ich danke nat\u00fcrlich allen, die mich in den vergangenen Monaten moralisch unterst\u00fctzt haben.<\/strong> Das enorm positive Feedback auf den ausgerechnet in dieser Woche ver\u00f6ffentlichten Artikel \u00fcber meine Social Media Arbeit in der Stabi bei \u00ab<a href=\"http:\/\/wasmachendieda.de\/2014-05-20\/markus-trapp-stabstelle-social-media\/\">Was machen die da?<\/a>\u00bb hat mir nochmal den richtigen Schub f\u00fcr den Endspurt gegeben. Alles wird gut. Danke.<\/p>\n","protected":false},"excerpt":{"rendered":"<p>Wie ich heute morgen schon schrieb: es ist noch kein Master vom Himmel gefallen. Jeder, der neben dem Beruf nochmal ein Studium aufnimmt, wei\u00df, dass so etwas parallel zum Job zu Ende zu bringen, einen hohen Grad an Disziplin erfordert. Da ich von Natur aus eher undiszipliniert bin, ist es ein Wunder, dass auch ich [&hellip;]<\/p>\n","protected":false},"author":1,"featured_media":0,"comment_status":"open","ping_status":"open","sticky":false,"template":"","format":"standard","meta":{"site-sidebar-layout":"default","site-content-layout":"","ast-site-content-layout":"default","site-content-style":"default","site-sidebar-style":"default","ast-global-header-display":"","ast-banner-title-visibility":"","ast-main-header-display":"","ast-hfb-above-header-display":"","ast-hfb-below-header-display":"","ast-hfb-mobile-header-display":"","site-post-title":"","ast-breadcrumbs-content":"","ast-featured-img":"","footer-sml-layout":"","theme-transparent-header-meta":"","adv-header-id-meta":"","stick-header-meta":"","header-above-stick-meta":"","header-main-stick-meta":"","header-below-stick-meta":"","astra-migrate-meta-layouts":"default","ast-page-background-enabled":"default","ast-page-background-meta":{"desktop":{"background-color":"var(--ast-global-color-4)","background-image":"","background-repeat":"repeat","background-position":"center center","background-size":"auto","background-attachment":"scroll","background-type":"","background-media":"","overlay-type":"","overlay-color":"","overlay-opacity":"","overlay-gradient":""},"tablet":{"background-color":"","background-image":"","background-repeat":"repeat","background-position":"center center","background-size":"auto","background-attachment":"scroll","background-type":"","background-media":"","overlay-type":"","overlay-color":"","overlay-opacity":"","overlay-gradient":""},"mobile":{"background-color":"","background-image":"","background-repeat":"repeat","background-position":"center center","background-size":"auto","background-attachment":"scroll","background-type":"","background-media":"","overlay-type":"","overlay-color":"","overlay-opacity":"","overlay-gradient":""}},"ast-content-background-meta":{"desktop":{"background-color":"var(--ast-global-color-5)","background-image":"","background-repeat":"repeat","background-position":"center center","background-size":"auto","background-attachment":"scroll","background-type":"","background-media":"","overlay-type":"","overlay-color":"","overlay-opacity":"","overlay-gradient":""},"tablet":{"background-color":"var(--ast-global-color-5)","background-image":"","background-repeat":"repeat","background-position":"center center","background-size":"auto","background-attachment":"scroll","background-type":"","background-media":"","overlay-type":"","overlay-color":"","overlay-opacity":"","overlay-gradient":""},"mobile":{"background-color":"var(--ast-global-color-5)","background-image":"","background-repeat":"repeat","background-position":"center center","background-size":"auto","background-attachment":"scroll","background-type":"","background-media":"","overlay-type":"","overlay-color":"","overlay-opacity":"","overlay-gradient":""}},"ngg_post_thumbnail":0,"jetpack_post_was_ever_published":false,"_jetpack_newsletter_access":"","_jetpack_dont_email_post_to_subs":false,"_jetpack_newsletter_tier_id":0,"_jetpack_memberships_contains_paywalled_content":false,"_jetpack_memberships_contains_paid_content":false,"footnotes":""},"categories":[11],"tags":[],"class_list":["post-6011","post","type-post","status-publish","format-standard","hentry","category-literatur"],"jetpack_featured_media_url":"","jetpack_sharing_enabled":true,"jetpack_shortlink":"https:\/\/wp.me\/p4uzZ-1yX","jetpack-related-posts":[{"id":5097,"url":"https:\/\/textundblog.de\/?p=5097","url_meta":{"origin":6011,"position":0},"title":"Einsicht in Gleitsicht \u2013 in Treue zu Transitions","author":"Markus","date":"10\/11\/2012","format":false,"excerpt":"Originalfoto von Joe Meyer am 1.9.2012 vor dem 2:1-Sieg des FCSP gn Sandhausen. Es kann ja nicht angehen, dass ich zum Twittern, Lesen und Arbeiten am Rechner immer \u00fcber die Brille schauen muss. Eine Gleitsichtbrille muss her und heute ist endg\u00fcltig die Entscheidung gefallen. Nach dem Wochenmarkt-Einkauf bin ich heute\u2026","rel":"","context":"In &quot;Foto&quot;","block_context":{"text":"Foto","link":"https:\/\/textundblog.de\/?cat=10"},"img":{"alt_text":"Meine n\u00e4chste Brille: Derringer von Oakley","src":"https:\/\/i0.wp.com\/textundblog.de\/wp-content\/oakley-derringer.jpg?resize=350%2C200&ssl=1","width":350,"height":200},"classes":[]},{"id":3514,"url":"https:\/\/textundblog.de\/?p=3514","url_meta":{"origin":6011,"position":1},"title":"Jahresbericht 2009 der Stabi Hamburg","author":"Markus","date":"6\/5\/2010","format":false,"excerpt":"Meine Kollegin Marlene Grau hat gestern im Stabi-Blog den in dieser Woche ganz frisch fertig gewordenen Jahresbericht 2009 der Stabi Hamburg vorgestellt. Man kann ihn sich auch als PDF (3 MB) herunterladen. Als Mitarbeiter der Bibliothek bin ich nat\u00fcrlich m\u00e4chtig stolz auf das, was meine Kollegen da im Vorjahr alles\u2026","rel":"","context":"In &quot;Hamburg&quot;","block_context":{"text":"Hamburg","link":"https:\/\/textundblog.de\/?cat=15"},"img":{"alt_text":"Titelblatt des Jahresberichtes 2009 der Stabi Hamburg","src":"https:\/\/i0.wp.com\/textundblog.de\/wp-content\/jabi2010-cover.jpg?resize=350%2C200&ssl=1","width":350,"height":200},"classes":[]},{"id":2151,"url":"https:\/\/textundblog.de\/?p=2151","url_meta":{"origin":6011,"position":2},"title":"3 Jahre Hamburg &#8211; Von Saarbr\u00fccken nach Wandsbek","author":"Markus","date":"1\/5\/2008","format":false,"excerpt":"Screenshot meines heutigen Twets (= Meldung auf Twitter) zum 1. Mai. Genau heute vor drei Jahren bin ich von Saarbr\u00fccken nach Hamburg gezogen. Ich war damals in Alt-Saarbr\u00fccken in der Dellengartenstra\u00dfe, wo ich 18 Jahre lang gelebt hatte und meine Wohnung fertig f\u00fcr den Umzug (der Ende Mai 2005 stattfand)\u2026","rel":"","context":"In &quot;Foto&quot;","block_context":{"text":"Foto","link":"https:\/\/textundblog.de\/?cat=10"},"img":{"alt_text":"Mein Twet zum Thema 'Drei Jahre Hamburg'","src":"https:\/\/i0.wp.com\/textundblog.de\/wp-content\/3jhhtwitter.jpg?resize=350%2C200&ssl=1","width":350,"height":200},"classes":[]},{"id":6587,"url":"https:\/\/textundblog.de\/?p=6587","url_meta":{"origin":6011,"position":3},"title":"Stand des Umzugsgeschehens: Wahnsinnge Pl\u00e4ne, Gewichtsverlust und Ausgleich durch Andronaco","author":"Markus","date":"25\/3\/2015","format":false,"excerpt":"Bild-Collage aus der neuen Wohnung. Test mit der neuen App #Layout vom Instagram. #altona #ruhrstrasse Ein von Markus Trapp (@textundblog) gepostetes Foto am 23. M\u00e4r 2015 um 12:01 Uhr Ich wei\u00df, ich m\u00fcsste viel mehr und viel \u00f6fter bloggen. Normalerweise erscheint hier \u2013 die treue Leserschaft wei\u00df das \u2013 sp\u00e4testens\u2026","rel":"","context":"In &quot;Foto&quot;","block_context":{"text":"Foto","link":"https:\/\/textundblog.de\/?cat=10"},"img":{"alt_text":"","src":"https:\/\/i0.wp.com\/textundblog.de\/wp-content\/aepplaroe.jpg?resize=350%2C200&ssl=1","width":350,"height":200,"srcset":"https:\/\/i0.wp.com\/textundblog.de\/wp-content\/aepplaroe.jpg?resize=350%2C200&ssl=1 1x, https:\/\/i0.wp.com\/textundblog.de\/wp-content\/aepplaroe.jpg?resize=525%2C300&ssl=1 1.5x"},"classes":[]},{"id":4591,"url":"https:\/\/textundblog.de\/?p=4591","url_meta":{"origin":6011,"position":4},"title":"Horst Bibo auf dem Weg nach K\u00f6ln zum BibCamp","author":"Markus","date":"14\/3\/2012","format":false,"excerpt":"Horst ist soeben etwas zerknittert in den Koffer nach K\u00f6ln gestiegen. Morgen Mittag nach der Arbeit bricht er mit mir von der Hansestadt aus in die Rheinmetropole auf, wo nach Berlin (2008), Stuttgart (2009), Hannover (2010) und Hamburg (2011) das 5. BibCamp statt finden wird. Dort trifft er dann auf\u2026","rel":"","context":"In &quot;Foto&quot;","block_context":{"text":"Foto","link":"https:\/\/textundblog.de\/?cat=10"},"img":{"alt_text":"Horst im Koffer - noch etwas zerknittert","src":"https:\/\/i0.wp.com\/textundblog.de\/wp-content\/horst-im-koffer.jpg?resize=350%2C200&ssl=1","width":350,"height":200},"classes":[]},{"id":3351,"url":"https:\/\/textundblog.de\/?p=3351","url_meta":{"origin":6011,"position":5},"title":"DRadio will&#8217;s ab Montag wissen","author":"Markus","date":"15\/1\/2010","format":false,"excerpt":"Dass ich ein gro\u00dfer Radio-Fan bin, d\u00fcrfte den Lesern dieses Blogs hinl\u00e4nglich bekannt sein. Am Montag ist es soweit: ein neuer \u2013 nicht nur von mir \u2013 mit Spannung erwarteter Radio-Sender geht an den StartZum Start um 6:00 Uhr morgens werd' ich DRadio Wissen garantiert noch nicht h\u00f6ren ;-). Die\u2026","rel":"","context":"In &quot;Radio&quot;","block_context":{"text":"Radio","link":"https:\/\/textundblog.de\/?cat=19"},"img":{"alt_text":"Das DRadio Wissen-Team im Studio","src":"https:\/\/i0.wp.com\/textundblog.de\/wp-content\/dradio-wissen-studio.jpg?resize=350%2C200&ssl=1","width":350,"height":200},"classes":[]}],"_links":{"self":[{"href":"https:\/\/textundblog.de\/index.php?rest_route=\/wp\/v2\/posts\/6011","targetHints":{"allow":["GET"]}}],"collection":[{"href":"https:\/\/textundblog.de\/index.php?rest_route=\/wp\/v2\/posts"}],"about":[{"href":"https:\/\/textundblog.de\/index.php?rest_route=\/wp\/v2\/types\/post"}],"author":[{"embeddable":true,"href":"https:\/\/textundblog.de\/index.php?rest_route=\/wp\/v2\/users\/1"}],"replies":[{"embeddable":true,"href":"https:\/\/textundblog.de\/index.php?rest_route=%2Fwp%2Fv2%2Fcomments&post=6011"}],"version-history":[{"count":0,"href":"https:\/\/textundblog.de\/index.php?rest_route=\/wp\/v2\/posts\/6011\/revisions"}],"wp:attachment":[{"href":"https:\/\/textundblog.de\/index.php?rest_route=%2Fwp%2Fv2%2Fmedia&parent=6011"}],"wp:term":[{"taxonomy":"category","embeddable":true,"href":"https:\/\/textundblog.de\/index.php?rest_route=%2Fwp%2Fv2%2Fcategories&post=6011"},{"taxonomy":"post_tag","embeddable":true,"href":"https:\/\/textundblog.de\/index.php?rest_route=%2Fwp%2Fv2%2Ftags&post=6011"}],"curies":[{"name":"wp","href":"https:\/\/api.w.org\/{rel}","templated":true}]}}